{"id":82062,"date":"2026-04-08T19:56:14","date_gmt":"2026-04-08T22:56:14","guid":{"rendered":"https:\/\/redept.com.br\/blogosfera\/lula-aconselhou-moraes-a-declarar-impedimento-no-caso-master-para-preservar-papel-digno-no-8-1-video\/"},"modified":"2026-04-08T19:56:14","modified_gmt":"2026-04-08T22:56:14","slug":"lula-aconselhou-moraes-a-declarar-impedimento-no-caso-master-para-preservar-papel-digno-no-8-1-video","status":"publish","type":"post","link":"https:\/\/redept.com.br\/blogosfera\/lula-aconselhou-moraes-a-declarar-impedimento-no-caso-master-para-preservar-papel-digno-no-8-1-video\/","title":{"rendered":"Lula aconselhou Moraes a declarar impedimento no caso Master para preservar \u201cpapel digno\u201d no 8\/1 (v\u00eddeo)"},"content":{"rendered":"<p>&#8220;Voc\u00ea construiu uma biografia hist\u00f3rica no julgamento do 8\/1&#8221;, disse o Presidente ao Ministro, segundo relatou ao ICL Not\u00edcias: &#8220;Eles est\u00e3o carimbando o Alexandre de Moraes por causa do papel dele&#8221;<\/p>\n<p>O post Lula aconselhou Moraes a declarar impedimento no caso Master para preservar \u201cpapel digno\u201d no 8\/1 (v\u00eddeo) apareceu primeiro em .<\/p>\n<!-- Begin Yuzo --><div class='yuzo_related_post style-1'  data-version='5.12.89'><!-- without result --><div class='yuzo_clearfixed yuzo__title yuzo__title'><h3>Related Post<\/h3><\/div>\n\t\t\t\t\t\t  <div class=\"relatedthumb \" style=\"width:125px;float:left;overflow:hidden;\">  \n\t\t\t\t\t\t\t  \n\t\t\t\t\t\t\t  <a  href=\"https:\/\/redept.com.br\/blogosfera\/israel-anuncia-ajuda-humanitaria-ao-sudao-do-sul-enquanto-negocia-expulsao-de-palestinos-de-gaza-para-o-pais\/\"  >\n\t\t\t\t\t\t\t\t\t  <div class=\"yuzo-img-wrap \" style=\"width: 125px;height:90px;\">\n\t\t\t\t\t\t\t\t\t\t\n\t\t\t\t\t\t\t\t\t\t<div class=\"yuzo-img\" style=\"background:url('https:\/\/redept.org\/blogosfera\/wp-content\/plugins\/yuzo-related-post\/assets\/images\/default.png') 50% 50% no-repeat;width: 125px;height:90px;margin-bottom: 5px;background-size: cover; \"><\/div>\n\t\t\t\t\t\t\t\t\t  <\/div>\n\t\t\t\t\t\t\t\t\t  \n\t\t\t\t\t\t\t\t   <span class=\"yuzo__text--title\" style=\"font-size:13px;\">Israel anuncia \u2018ajuda humanit\u00e1ria\u2019 ao Sud\u00e3o do Sul...<\/span>\n\t\t\t\t\t\t\t  \n\t\t\t\t\t\t\t  \n\t\t\t\t\t\t\t  <\/a>\n\n\t\t\t\t\t\t  <\/div>\n\t\t\t\t\t\t  <div class=\"relatedthumb \" style=\"width:125px;float:left;overflow:hidden;\">  \n\t\t\t\t\t\t\t  \n\t\t\t\t\t\t\t  <a  href=\"https:\/\/redept.com.br\/blogosfera\/nikolas-se-atrapalha-em-entrevista-e-deixa-escapar-que-bolsonaro-tramou-golpe-video\/\"  >\n\t\t\t\t\t\t\t\t\t  <div class=\"yuzo-img-wrap \" style=\"width: 125px;height:90px;\">\n\t\t\t\t\t\t\t\t\t\t\n\t\t\t\t\t\t\t\t\t\t<div class=\"yuzo-img\" style=\"background:url('https:\/\/redept.org\/blogosfera\/wp-content\/plugins\/yuzo-related-post\/assets\/images\/default.png') 50% 50% no-repeat;width: 125px;height:90px;margin-bottom: 5px;background-size: cover; \"><\/div>\n\t\t\t\t\t\t\t\t\t  <\/div>\n\t\t\t\t\t\t\t\t\t  \n\t\t\t\t\t\t\t\t   <span class=\"yuzo__text--title\" style=\"font-size:13px;\">Nikolas se atrapalha em entrevista e deixa escapar...<\/span>\n\t\t\t\t\t\t\t  \n\t\t\t\t\t\t\t  \n\t\t\t\t\t\t\t  <\/a>\n\n\t\t\t\t\t\t  <\/div>\n\t\t\t\t\t\t  <div class=\"relatedthumb \" style=\"width:125px;float:left;overflow:hidden;\">  \n\t\t\t\t\t\t\t  \n\t\t\t\t\t\t\t  <a  href=\"https:\/\/redept.com.br\/blogosfera\/a-economia-do-nosso-ponto-de-vista\/\"  >\n\t\t\t\t\t\t\t\t\t  <div class=\"yuzo-img-wrap \" style=\"width: 125px;height:90px;\">\n\t\t\t\t\t\t\t\t\t\t\n\t\t\t\t\t\t\t\t\t\t<div class=\"yuzo-img\" style=\"background:url('https:\/\/redept.org\/blogosfera\/wp-content\/plugins\/yuzo-related-post\/assets\/images\/default.png') 50% 50% no-repeat;width: 125px;height:90px;margin-bottom: 5px;background-size: cover; \"><\/div>\n\t\t\t\t\t\t\t\t\t  <\/div>\n\t\t\t\t\t\t\t\t\t  \n\t\t\t\t\t\t\t\t   <span class=\"yuzo__text--title\" style=\"font-size:13px;\">A economia, do nosso ponto de vista<\/span>\n\t\t\t\t\t\t\t  \n\t\t\t\t\t\t\t  \n\t\t\t\t\t\t\t  <\/a>\n\n\t\t\t\t\t\t  <\/div>\n\t\t\t\t\t\t  <div class=\"relatedthumb \" style=\"width:125px;float:left;overflow:hidden;\">  \n\t\t\t\t\t\t\t  \n\t\t\t\t\t\t\t  <a  href=\"https:\/\/redept.com.br\/blogosfera\/nos-30-anos-apos-eldorado-do-carajas-mst-faz-jornada-historica-pelas-ruas-do-pais-em-defesa-da-reforma-agraria\/\"  >\n\t\t\t\t\t\t\t\t\t  <div class=\"yuzo-img-wrap \" style=\"width: 125px;height:90px;\">\n\t\t\t\t\t\t\t\t\t\t\n\t\t\t\t\t\t\t\t\t\t<div class=\"yuzo-img\" style=\"background:url('https:\/\/redept.com.br\/blogosfera\/wp-content\/uploads\/2026\/04\/WhatsApp-Image-2026-04-16-at-134703-1-1-150x150.jpeg') 50% 50% no-repeat;width: 125px;height:90px;margin-bottom: 5px;background-size: cover; \"><\/div>\n\t\t\t\t\t\t\t\t\t  <\/div>\n\t\t\t\t\t\t\t\t\t  \n\t\t\t\t\t\t\t\t   <span class=\"yuzo__text--title\" style=\"font-size:13px;\">Nos 30 anos ap\u00f3s Eldorado do Caraj\u00e1s, MST faz Jorn...<\/span>\n\t\t\t\t\t\t\t  \n\t\t\t\t\t\t\t  \n\t\t\t\t\t\t\t  <\/a>\n\n\t\t\t\t\t\t  <\/div>\n<\/div> <script>\n\t\t\t\t\t\t  jQuery(document).ready(function( $ ){\n\t\t\t\t\t\t\t\/\/jQuery('.yuzo_related_post').equalizer({ overflow : 'relatedthumb' });\n\t\t\t\t\t\t\tjQuery('.yuzo_related_post .yuzo_wraps').equalizer({ columns : '> div' });\n\t\t\t\t\t\t   })\n\t\t\t\t\t\t  <\/script> <!-- End Yuzo :) -->","protected":false},"excerpt":{"rendered":"<p>&#8220;Voc\u00ea construiu uma biografia hist\u00f3rica no julgamento do 8\/1&#8221;, disse o Presidente ao Ministro, segundo relatou ao ICL Not\u00edcias: &#8220;Eles est\u00e3o carimbando o Alexandre de Moraes por causa do papel dele&#8221;<\/p>\n<p>O post <a rel=\"nofollow\" href=\"https:\/\/urbsmagna.com\/lula-moraes-impedimento-caso-master-8-de-janeiro-papel-digno\/\">Lula aconselhou Moraes a declarar impedimento no caso Master para preservar \u201cpapel digno\u201d no 8\/1 (v\u00eddeo)<\/a> apareceu primeiro em <a rel=\"nofollow\" href=\"https:\/\/urbsmagna.com\/\"><\/a>.<\/p>\n","protected":false},"author":2,"featured_media":0,"comment_status":"open","ping_status":"closed","sticky":false,"template":"","format":"standard","meta":{"fifu_image_url":"","fifu_image_alt":"","footnotes":""},"categories":[1269,1261,17810,45269,114,45,30903,45270,30544,536,1760,2129,17,45271,112,45272,191,132,5471,260,45273,20996],"tags":[],"class_list":["post-82062","post","type-post","status-publish","format-standard","hentry","category-8-de-janeiro","category-alexandre-de-moraes","category-banco-master","category-biografia-moraes","category-bolsonarismo","category-brasil","category-caso-master","category-caso-vorcaro","category-daniel-vorcaro","category-democracia","category-eleicoes-2026","category-golpe-de-estado","category-governo-lula","category-impedimento","category-lula","category-lula-moraes","category-noticias","category-politica","category-politica-nacional","category-stf","category-transparencia-judiciaria","category-viviane-barci-de-moraes"],"_links":{"self":[{"href":"https:\/\/redept.com.br\/blogosfera\/wp-json\/wp\/v2\/posts\/82062","targetHints":{"allow":["GET"]}}],"collection":[{"href":"https:\/\/redept.com.br\/blogosfera\/wp-json\/wp\/v2\/posts"}],"about":[{"href":"https:\/\/redept.com.br\/blogosfera\/wp-json\/wp\/v2\/types\/post"}],"author":[{"embeddable":true,"href":"https:\/\/redept.com.br\/blogosfera\/wp-json\/wp\/v2\/users\/2"}],"replies":[{"embeddable":true,"href":"https:\/\/redept.com.br\/blogosfera\/wp-json\/wp\/v2\/comments?post=82062"}],"version-history":[{"count":0,"href":"https:\/\/redept.com.br\/blogosfera\/wp-json\/wp\/v2\/posts\/82062\/revisions"}],"wp:attachment":[{"href":"https:\/\/redept.com.br\/blogosfera\/wp-json\/wp\/v2\/media?parent=82062"}],"wp:term":[{"taxonomy":"category","embeddable":true,"href":"https:\/\/redept.com.br\/blogosfera\/wp-json\/wp\/v2\/categories?post=82062"},{"taxonomy":"post_tag","embeddable":true,"href":"https:\/\/redept.com.br\/blogosfera\/wp-json\/wp\/v2\/tags?post=82062"}],"curies":[{"name":"wp","href":"https:\/\/api.w.org\/{rel}","templated":true}]}}