{"id":82074,"date":"2026-04-08T20:41:43","date_gmt":"2026-04-08T23:41:43","guid":{"rendered":"https:\/\/redept.com.br\/blogosfera\/fragil-cessar-fogo-entre-eua-e-ira-gera-nova-guerra-de-narrativas-sobre-a-continuacao-do-conflito\/"},"modified":"2026-04-08T20:41:43","modified_gmt":"2026-04-08T23:41:43","slug":"fragil-cessar-fogo-entre-eua-e-ira-gera-nova-guerra-de-narrativas-sobre-a-continuacao-do-conflito","status":"publish","type":"post","link":"https:\/\/redept.com.br\/blogosfera\/fragil-cessar-fogo-entre-eua-e-ira-gera-nova-guerra-de-narrativas-sobre-a-continuacao-do-conflito\/","title":{"rendered":"Fr\u00e1gil cessar-fogo entre EUA e Ir\u00e3 gera nova guerra de narrativas sobre a continua\u00e7\u00e3o do conflito"},"content":{"rendered":"<p>Gustavo Menon avalia n\u00edvel de press\u00e3o global no governo Donald Trump pelo fim do conflito<\/p>\n<p><a href=\"https:\/\/www.brasildefato.com.br\/2026\/04\/08\/fragil-cessar-fogo-entre-eua-e-ira-gera-nova-guerra-de-narrativas-sobre-a-continuacao-do-conflito\/\" rel=\"nofollow\">Fonte<\/a><\/p>\n<!-- Begin Yuzo --><div class='yuzo_related_post style-1'  data-version='5.12.89'><!-- without result --><div class='yuzo_clearfixed yuzo__title yuzo__title'><h3>Related Post<\/h3><\/div>\n\t\t\t\t\t\t  <div class=\"relatedthumb \" style=\"width:125px;float:left;overflow:hidden;\">  \n\t\t\t\t\t\t\t  \n\t\t\t\t\t\t\t  <a  href=\"https:\/\/redept.com.br\/blogosfera\/sistema-eleitoral-das-elites-a-nova-ofensiva-em-favor-do-voto-distrital-misto\/\"  >\n\t\t\t\t\t\t\t\t\t  <div class=\"yuzo-img-wrap \" style=\"width: 125px;height:90px;\">\n\t\t\t\t\t\t\t\t\t\t\n\t\t\t\t\t\t\t\t\t\t<div class=\"yuzo-img\" style=\"background:url('https:\/\/redept.com.br\/blogosfera\/wp-content\/uploads\/2025\/11\/democracia-ok-150x150.jpg') 50% 50% no-repeat;width: 125px;height:90px;margin-bottom: 5px;background-size: cover; \"><\/div>\n\t\t\t\t\t\t\t\t\t  <\/div>\n\t\t\t\t\t\t\t\t\t  \n\t\t\t\t\t\t\t\t   <span class=\"yuzo__text--title\" style=\"font-size:13px;\">Sistema eleitoral das elites: a nova ofensiva em f...<\/span>\n\t\t\t\t\t\t\t  \n\t\t\t\t\t\t\t  \n\t\t\t\t\t\t\t  <\/a>\n\n\t\t\t\t\t\t  <\/div>\n\t\t\t\t\t\t  <div class=\"relatedthumb \" style=\"width:125px;float:left;overflow:hidden;\">  \n\t\t\t\t\t\t\t  \n\t\t\t\t\t\t\t  <a  href=\"https:\/\/redept.com.br\/blogosfera\/chile-decide-entre-jara-e-kast-em-eleicao-marcada-pela-seguranca-publica\/\"  >\n\t\t\t\t\t\t\t\t\t  <div class=\"yuzo-img-wrap \" style=\"width: 125px;height:90px;\">\n\t\t\t\t\t\t\t\t\t\t\n\t\t\t\t\t\t\t\t\t\t<div class=\"yuzo-img\" style=\"background:url('https:\/\/redept.com.br\/blogosfera\/wp-content\/uploads\/2025\/11\/Jose-Antonio-Kast-y-Jeannette-Jara-FOTO-Cristian-Soto-Quiroz-e-Sofia-Yanjari-150x150.png') 50% 50% no-repeat;width: 125px;height:90px;margin-bottom: 5px;background-size: cover; \"><\/div>\n\t\t\t\t\t\t\t\t\t  <\/div>\n\t\t\t\t\t\t\t\t\t  \n\t\t\t\t\t\t\t\t   <span class=\"yuzo__text--title\" style=\"font-size:13px;\">Chile decide entre Jara e Kast em elei\u00e7\u00e3o marcada ...<\/span>\n\t\t\t\t\t\t\t  \n\t\t\t\t\t\t\t  \n\t\t\t\t\t\t\t  <\/a>\n\n\t\t\t\t\t\t  <\/div>\n\t\t\t\t\t\t  <div class=\"relatedthumb \" style=\"width:125px;float:left;overflow:hidden;\">  \n\t\t\t\t\t\t\t  \n\t\t\t\t\t\t\t  <a  href=\"https:\/\/redept.com.br\/blogosfera\/denuncias-apontam-propaganda-enganosa-do-governo-zema-sobre-obras-de-saude-em-mg\/\"  >\n\t\t\t\t\t\t\t\t\t  <div class=\"yuzo-img-wrap \" style=\"width: 125px;height:90px;\">\n\t\t\t\t\t\t\t\t\t\t\n\t\t\t\t\t\t\t\t\t\t<div class=\"yuzo-img\" style=\"background:url('https:\/\/redept.org\/blogosfera\/wp-content\/plugins\/yuzo-related-post\/assets\/images\/default.png') 50% 50% no-repeat;width: 125px;height:90px;margin-bottom: 5px;background-size: cover; \"><\/div>\n\t\t\t\t\t\t\t\t\t  <\/div>\n\t\t\t\t\t\t\t\t\t  \n\t\t\t\t\t\t\t\t   <span class=\"yuzo__text--title\" style=\"font-size:13px;\">Den\u00fancias apontam propaganda enganosa do governo Z...<\/span>\n\t\t\t\t\t\t\t  \n\t\t\t\t\t\t\t  \n\t\t\t\t\t\t\t  <\/a>\n\n\t\t\t\t\t\t  <\/div>\n\t\t\t\t\t\t  <div class=\"relatedthumb \" style=\"width:125px;float:left;overflow:hidden;\">  \n\t\t\t\t\t\t\t  \n\t\t\t\t\t\t\t  <a  href=\"https:\/\/redept.com.br\/blogosfera\/ead-governo-proibe-direito-medicina-e-outros-cursos-a-distancia\/\"  >\n\t\t\t\t\t\t\t\t\t  <div class=\"yuzo-img-wrap \" style=\"width: 125px;height:90px;\">\n\t\t\t\t\t\t\t\t\t\t\n\t\t\t\t\t\t\t\t\t\t<div class=\"yuzo-img\" style=\"background:url('https:\/\/redept.org\/blogosfera\/wp-content\/plugins\/yuzo-related-post\/assets\/images\/default.png') 50% 50% no-repeat;width: 125px;height:90px;margin-bottom: 5px;background-size: cover; \"><\/div>\n\t\t\t\t\t\t\t\t\t  <\/div>\n\t\t\t\t\t\t\t\t\t  \n\t\t\t\t\t\t\t\t   <span class=\"yuzo__text--title\" style=\"font-size:13px;\">EAD: governo pro\u00edbe Direito, Medicina e outros cur...<\/span>\n\t\t\t\t\t\t\t  \n\t\t\t\t\t\t\t  \n\t\t\t\t\t\t\t  <\/a>\n\n\t\t\t\t\t\t  <\/div>\n<\/div> <script>\n\t\t\t\t\t\t  jQuery(document).ready(function( $ ){\n\t\t\t\t\t\t\t\/\/jQuery('.yuzo_related_post').equalizer({ overflow : 'relatedthumb' });\n\t\t\t\t\t\t\tjQuery('.yuzo_related_post .yuzo_wraps').equalizer({ columns : '> div' });\n\t\t\t\t\t\t   })\n\t\t\t\t\t\t  <\/script> <!-- End Yuzo :) -->","protected":false},"excerpt":{"rendered":"<p>Gustavo Menon avalia n\u00edvel de press\u00e3o global no governo Donald Trump pelo fim do conflito Fonte Related Post Deputados questionam cria\u00e7\u00e3o de \u201cOuvidoria do Derr&#8230; ICE \u201crasga homem ao meio\u201d em Minnesota: \u201cgestapo d&#8230; V\u00eddeo: Descontrolado e raivoso, Marcos do Val atac&#8230; Senador Rog\u00e9rio defende royalties das \u201cterras rara&#8230;<\/p>\n","protected":false},"author":2,"featured_media":0,"comment_status":"open","ping_status":"closed","sticky":false,"template":"","format":"standard","meta":{"fifu_image_url":"","fifu_image_alt":"","footnotes":""},"categories":[39458,400,6076,2000,45324,4813,43544,45325,1426,1023,394,8650,45326,33276,45327,52,23,45328,50,41,25,519,238,2827,332,4704,24255,4671,2441,15974],"tags":[],"class_list":["post-82074","post","type-post","status-publish","format-standard","hentry","category-analise-geopolitica","category-benjamin-netanyahu","category-bombardeios","category-cessar-fogo","category-colapso-energetico-global","category-conexao-bdf","category-conflito-eua-ira","category-correlacao-de-forcas","category-crise-energetica","category-donald-trump","category-estados-unidos","category-estreito-de-ormuz","category-expansao-israelense","category-exportacoes-de-petroleo","category-fechamento-de-rotas-maritimas","category-gaza","category-guerra","category-gustavo-menon","category-internacional","category-ira","category-israel","category-libano","category-oriente-medio","category-petroleo","category-politica-externa","category-radio-brasil-de-fato","category-sancoes-comerciais","category-seguranca-energetica","category-sionismo","category-tensao-geopolitica"],"_links":{"self":[{"href":"https:\/\/redept.com.br\/blogosfera\/wp-json\/wp\/v2\/posts\/82074","targetHints":{"allow":["GET"]}}],"collection":[{"href":"https:\/\/redept.com.br\/blogosfera\/wp-json\/wp\/v2\/posts"}],"about":[{"href":"https:\/\/redept.com.br\/blogosfera\/wp-json\/wp\/v2\/types\/post"}],"author":[{"embeddable":true,"href":"https:\/\/redept.com.br\/blogosfera\/wp-json\/wp\/v2\/users\/2"}],"replies":[{"embeddable":true,"href":"https:\/\/redept.com.br\/blogosfera\/wp-json\/wp\/v2\/comments?post=82074"}],"version-history":[{"count":0,"href":"https:\/\/redept.com.br\/blogosfera\/wp-json\/wp\/v2\/posts\/82074\/revisions"}],"wp:attachment":[{"href":"https:\/\/redept.com.br\/blogosfera\/wp-json\/wp\/v2\/media?parent=82074"}],"wp:term":[{"taxonomy":"category","embeddable":true,"href":"https:\/\/redept.com.br\/blogosfera\/wp-json\/wp\/v2\/categories?post=82074"},{"taxonomy":"post_tag","embeddable":true,"href":"https:\/\/redept.com.br\/blogosfera\/wp-json\/wp\/v2\/tags?post=82074"}],"curies":[{"name":"wp","href":"https:\/\/api.w.org\/{rel}","templated":true}]}}