{"id":82136,"date":"2026-04-09T08:59:25","date_gmt":"2026-04-09T11:59:25","guid":{"rendered":"https:\/\/redept.com.br\/blogosfera\/movimentos-e-organizacoes-populares-realizam-atividade-rumo-a-2o-conferencia-nacional-de-arquivos\/"},"modified":"2026-04-09T08:59:25","modified_gmt":"2026-04-09T11:59:25","slug":"movimentos-e-organizacoes-populares-realizam-atividade-rumo-a-2o-conferencia-nacional-de-arquivos","status":"publish","type":"post","link":"https:\/\/redept.com.br\/blogosfera\/movimentos-e-organizacoes-populares-realizam-atividade-rumo-a-2o-conferencia-nacional-de-arquivos\/","title":{"rendered":"Movimentos e organiza\u00e7\u00f5es populares realizam atividade rumo a 2\u00ba Confer\u00eancia Nacional de Arquivos"},"content":{"rendered":"<figure><img fetchpriority=\"high\" fetchpriority=\"high\" decoding=\"async\" width=\"800\" height=\"561\"src=\"https:\/\/redept.com.br\/blogosfera\/wp-content\/uploads\/2026\/04\/image_processing20240119-1462678-dwjttj.webp\" alt=\"\" srcset=\"https:\/\/redept.com.br\/blogosfera\/wp-content\/uploads\/2026\/04\/image_processing20240119-1462678-dwjttj.webp 800w, https:\/\/mst.org.br\/wp-content\/uploads\/2026\/04\/image_processing20240119-1462678-dwjttj-300x210.webp 300w, https:\/\/mst.org.br\/wp-content\/uploads\/2026\/04\/image_processing20240119-1462678-dwjttj-768x539.webp 768w\" sizes=\"(max-width: 800px) 100vw, 800px\"><figcaption><em>Marcha hist\u00f3rica do MST com 100 mil pessoas em Bras\u00edlia em 1997, no marco de um ano do massacre de Eldorado do Caraj\u00e1s. Imagem: Douglas Mansur \/ Arquivo e Mem\u00f3ria MST<\/em><\/figcaption><\/figure>\n<p><em>Por Solange Engelmann<br \/>Da P\u00e1gina do MST<\/em><\/p>\n<p>Como objetivo de discutir propostas de valoriza\u00e7\u00e3o e estrutura\u00e7\u00e3o da hist\u00f3ria documental dos trabalhadores e trabalhadoras no Brasil, no pr\u00f3ximo s\u00e1bado (11), entre 14h30 e 18h, acontece a Confer\u00eancia da Etapa Livre Nacional em prepara\u00e7\u00e3o para a<strong> 2\u00aa Confer\u00eancia Nacional de Arquivos (CNArq) do Brasil<\/strong>, que ocorre entre os dias 26 e 28 de maio, em Bras\u00edlia-DF, e tem como lema: \u201cArquivos: Agentes da Cidadania e da Democracia\u201d.<\/p>\n<p>A atividade ser\u00e1 h\u00edbrida, com espa\u00e7o presencial em S\u00e3o Paulo, SP, e virtual para os inscritos que n\u00e3o puderem comparecer presencialmente. No encontro est\u00e1 prevista a participa\u00e7\u00e3o de representantes de movimentos e organiza\u00e7\u00f5es populares como do MST, Movimentos dos Atingidos por Barragens (MAB), da Comiss\u00e3o Pastoral da Terra (CPT), Armaz\u00e9m Mem\u00f3ria e a Rede Acervos. Tamb\u00e9m ser\u00e3o convidados trabalhadores e trabalhadoras de arquivos e centros de mem\u00f3ria, pesquisadores, militantes sociais e representantes de outros movimentos populares interessados para participar.<\/p>\n<p>Por que os movimentos e organiza\u00e7\u00f5es populares sentem a necessidade de debater a import\u00e2ncia da mem\u00f3ria? A coordenadora da equipe de Arquivo e Mem\u00f3ria Nacional do MST, Lucimeire Rocha, explica que a mem\u00f3ria representa o alicerce da identidade coletiva e da resist\u00eancia de uma organiza\u00e7\u00e3o, de um movimento e de um povo, ao permitir a conex\u00e3o entre as lutas do passado e as demandas do presente, evitando assim que os acontecimentos sejam esquecidos ou distorcidos. <\/p>\n<blockquote>\n<p><em>Ela [mem\u00f3ria] funciona como um combust\u00edvel pol\u00edtico que fortalece o sentimento de pertencimento ao movimento e serve como uma ferramenta estrat\u00e9gica para impulsionar as novas gera\u00e7\u00f5es, garantindo que a trajet\u00f3ria fundamente a legitimidade de suas lutas\u201d<\/em>, resume.<\/p>\n<\/blockquote>\n<p>Para o MST, o debate sobre o papel da mem\u00f3ria tamb\u00e9m \u00e9 crucial por ser uma ferramenta de resist\u00eancia e identidade. \u201cO acervo documental, material de sua caminhada pela terra, pela Reforma Agr\u00e1ria, \u00e9 fundamental. A preserva\u00e7\u00e3o desses arquivos \u00e9 fundamental porque permite disputar a \u201cverdade\u201d hist\u00f3rica contra narrativas que tentam apagar a resist\u00eancia popular. \u00c9 um passo para garantir que documentos hist\u00f3ricos da organiza\u00e7\u00e3o sejam preservados por quem os produz\u201d, enfatiza Lucimeire.<\/p>\n<p>O debate central da atividade ser\u00e1 focado no Eixo 6: \u201cArquivos Privados e Comunit\u00e1rios, Pluralidade da Mem\u00f3ria e Interesse P\u00fablico e Social\u201d, na tentativa de dar visibilidade aos acervos de organiza\u00e7\u00f5es e movimentos populares que documentam a hist\u00f3ria de luta e as viola\u00e7\u00f5es de direitos. Ao mesmo tempo, tamb\u00e9m est\u00e3o ocorrendo as etapas estaduais em todo o pa\u00eds, que discutem os seis eixos delimitados nacionalmente para a Confer\u00eancia Nacional.<\/p>\n<p>A 2\u00aa Confer\u00eancia Nacional de Arquivos est\u00e1 sendo organizada pelo Minist\u00e9rio da Gest\u00e3o e da Inova\u00e7\u00e3o. A primeira ocorreu em 2011. Ap\u00f3s 15 anos da realiza\u00e7\u00e3o da primeira confer\u00eancia, a realiza\u00e7\u00e3o da 2\u00aa CNArq \u00e9 especial para os movimentos sociais por criar espa\u00e7os de discuss\u00e3o sobre os arquivos e espa\u00e7os de mem\u00f3ria dos trabalhadores organizados.<\/p>\n<p>\u201cPara n\u00f3s dos movimentos sociais essa confer\u00eancia \u00e9 de extrema import\u00e2ncia porque, diferente da primeira, essa confer\u00eancia est\u00e1 falando tamb\u00e9m dos arquivos comunit\u00e1rios de movimentos sociais, arquivos populares que t\u00eam a sua especificidade, que t\u00eam toda a sua organicidade, diferente de um arquivo p\u00fablico ou de um arquivo privado\u201d, destaca Lucimeire.<\/p>\n<p>A atividade da Etapa Livre Nacional ir\u00e1 fundamentar o debate no texto base da 2\u00aa CNArq, que possui papel importante na elabora\u00e7\u00e3o de propostas, com potencial para serem unificadas e levadas para a Confer\u00eancia Nacional, que acontece em Bras\u00edlia, em maio. Al\u00e9m de definir propostas, o objetivo dessa etapa preparat\u00f3ria do dia 11 \u00e9 eleger um delegado para participar da Confer\u00eancia Nacional.<\/p>\n<p>\u201cNessa Confer\u00eancia Livre iremos conversar sobre arquivos comunit\u00e1rios, a import\u00e2ncia de se ter esses arquivos e de serem preservados por quem os produz. \u00c9 de extrema import\u00e2ncia que as organiza\u00e7\u00f5es e os movimentos populares possam cuidar e preservar o seu acervo. Vamos tamb\u00e9m discutir propostas e pautar pol\u00edticas p\u00fablicas para arquivos comunit\u00e1rios, para que a gente consiga trabalhar com os acervos dos movimentos populares e ter o respaldo da lei de arquivos\u201d, conclui Lucimeire.<\/p>\n<p><em>*Editado por Fernanda Alc\u00e2ntara<\/em><\/p>\n<\/p>\n<p>O post <a href=\"https:\/\/mst.org.br\/2026\/04\/09\/movimentos-e-organizacoes-populares-realizam-atividade-rumo-a-2o-conferencia-nacional-de-arquivos\/\">Movimentos e organiza\u00e7\u00f5es populares realizam atividade rumo a 2\u00ba Confer\u00eancia Nacional de Arquivos<\/a> apareceu primeiro em <a href=\"https:\/\/mst.org.br\/\">MST<\/a>.<\/p>\n<!-- Begin Yuzo --><div class='yuzo_related_post style-1'  data-version='5.12.89'><!-- without result --><div class='yuzo_clearfixed yuzo__title yuzo__title'><h3>Related Post<\/h3><\/div>\n\t\t\t\t\t\t  <div class=\"relatedthumb \" style=\"width:125px;float:left;overflow:hidden;\">  \n\t\t\t\t\t\t\t  \n\t\t\t\t\t\t\t  <a  href=\"https:\/\/redept.com.br\/blogosfera\/paim-critica-proposta-de-congelamento-do-salario-minimo\/\"  >\n\t\t\t\t\t\t\t\t\t  <div class=\"yuzo-img-wrap \" style=\"width: 125px;height:90px;\">\n\t\t\t\t\t\t\t\t\t\t\n\t\t\t\t\t\t\t\t\t\t<div class=\"yuzo-img\" style=\"background:url('https:\/\/redept.org\/blogosfera\/wp-content\/plugins\/yuzo-related-post\/assets\/images\/default.png') 50% 50% no-repeat;width: 125px;height:90px;margin-bottom: 5px;background-size: cover; \"><\/div>\n\t\t\t\t\t\t\t\t\t  <\/div>\n\t\t\t\t\t\t\t\t\t  \n\t\t\t\t\t\t\t\t   <span class=\"yuzo__text--title\" style=\"font-size:13px;\">Paim critica proposta de congelamento do sal\u00e1rio m...<\/span>\n\t\t\t\t\t\t\t  \n\t\t\t\t\t\t\t  \n\t\t\t\t\t\t\t  <\/a>\n\n\t\t\t\t\t\t  <\/div>\n\t\t\t\t\t\t  <div class=\"relatedthumb \" style=\"width:125px;float:left;overflow:hidden;\">  \n\t\t\t\t\t\t\t  \n\t\t\t\t\t\t\t  <a  href=\"https:\/\/redept.com.br\/blogosfera\/mst-ocupa-fazendas-em-al-e-ms-neste-sabado-26-e-chega-a-30-acampamentos-no-abril-vermelho\/\"  >\n\t\t\t\t\t\t\t\t\t  <div class=\"yuzo-img-wrap \" style=\"width: 125px;height:90px;\">\n\t\t\t\t\t\t\t\t\t\t\n\t\t\t\t\t\t\t\t\t\t<div class=\"yuzo-img\" style=\"background:url('https:\/\/redept.com.br\/blogosfera\/wp-content\/uploads\/2025\/04\/WhatsApp-Image-2025-04-26-at-143138-1-150x150.jpeg') 50% 50% no-repeat;width: 125px;height:90px;margin-bottom: 5px;background-size: cover; \"><\/div>\n\t\t\t\t\t\t\t\t\t  <\/div>\n\t\t\t\t\t\t\t\t\t  \n\t\t\t\t\t\t\t\t   <span class=\"yuzo__text--title\" style=\"font-size:13px;\">MST ocupa fazendas em AL e MS neste s\u00e1bado (26) e ...<\/span>\n\t\t\t\t\t\t\t  \n\t\t\t\t\t\t\t  \n\t\t\t\t\t\t\t  <\/a>\n\n\t\t\t\t\t\t  <\/div>\n\t\t\t\t\t\t  <div class=\"relatedthumb \" style=\"width:125px;float:left;overflow:hidden;\">  \n\t\t\t\t\t\t\t  \n\t\t\t\t\t\t\t  <a  href=\"https:\/\/redept.com.br\/blogosfera\/faixa-com-apologia-ao-estupro-leva-a-expulsao-de-12-alunos-de-medicina\/\"  >\n\t\t\t\t\t\t\t\t\t  <div class=\"yuzo-img-wrap \" style=\"width: 125px;height:90px;\">\n\t\t\t\t\t\t\t\t\t\t\n\t\t\t\t\t\t\t\t\t\t<div class=\"yuzo-img\" style=\"background:url('https:\/\/redept.com.br\/blogosfera\/wp-content\/uploads\/2025\/04\/calouros-da-atletica-de-medicina-da-faculdade-santa-marcelina-posam-com-faixa-que-faz-apologia-ao-estupro-1742380604374_v2_900x506jpg-150x150.webp') 50% 50% no-repeat;width: 125px;height:90px;margin-bottom: 5px;background-size: cover; \"><\/div>\n\t\t\t\t\t\t\t\t\t  <\/div>\n\t\t\t\t\t\t\t\t\t  \n\t\t\t\t\t\t\t\t   <span class=\"yuzo__text--title\" style=\"font-size:13px;\">Faixa com apologia ao estupro leva \u00e0 expuls\u00e3o de 1...<\/span>\n\t\t\t\t\t\t\t  \n\t\t\t\t\t\t\t  \n\t\t\t\t\t\t\t  <\/a>\n\n\t\t\t\t\t\t  <\/div>\n\t\t\t\t\t\t  <div class=\"relatedthumb \" style=\"width:125px;float:left;overflow:hidden;\">  \n\t\t\t\t\t\t\t  \n\t\t\t\t\t\t\t  <a  href=\"https:\/\/redept.com.br\/blogosfera\/justica-fixa-indenizacao-a-viuva-de-marielle-em-r-200-mil\/\"  >\n\t\t\t\t\t\t\t\t\t  <div class=\"yuzo-img-wrap \" style=\"width: 125px;height:90px;\">\n\t\t\t\t\t\t\t\t\t\t\n\t\t\t\t\t\t\t\t\t\t<div class=\"yuzo-img\" style=\"background:url('https:\/\/redept.com.br\/blogosfera\/wp-content\/uploads\/2026\/02\/AS5XJQMKLVPX5DQGH5U3W24TDU.avif') 50% 50% no-repeat;width: 125px;height:90px;margin-bottom: 5px;background-size: cover; \"><\/div>\n\t\t\t\t\t\t\t\t\t  <\/div>\n\t\t\t\t\t\t\t\t\t  \n\t\t\t\t\t\t\t\t   <span class=\"yuzo__text--title\" style=\"font-size:13px;\">Justi\u00e7a fixa indeniza\u00e7\u00e3o a vi\u00fava de Marielle em R$...<\/span>\n\t\t\t\t\t\t\t  \n\t\t\t\t\t\t\t  \n\t\t\t\t\t\t\t  <\/a>\n\n\t\t\t\t\t\t  <\/div>\n<\/div> <script>\n\t\t\t\t\t\t  jQuery(document).ready(function( $ ){\n\t\t\t\t\t\t\t\/\/jQuery('.yuzo_related_post').equalizer({ overflow : 'relatedthumb' });\n\t\t\t\t\t\t\tjQuery('.yuzo_related_post .yuzo_wraps').equalizer({ columns : '> div' });\n\t\t\t\t\t\t   })\n\t\t\t\t\t\t  <\/script> <!-- End Yuzo :) -->","protected":false},"excerpt":{"rendered":"<p>Marcha hist\u00f3rica do MST com 100 mil pessoas em Bras\u00edlia em 1997, no marco de um ano do massacre de Eldorado do Caraj\u00e1s. Imagem: Douglas Mansur \/ Arquivo e Mem\u00f3ria MST Por Solange EngelmannDa P\u00e1gina do MST Como objetivo de discutir propostas de valoriza\u00e7\u00e3o e estrutura\u00e7\u00e3o da hist\u00f3ria documental dos trabalhadores e trabalhadoras no Brasil, [&hellip;]<\/p>\n","protected":false},"author":2,"featured_media":0,"comment_status":"open","ping_status":"closed","sticky":false,"template":"","format":"standard","meta":{"fifu_image_url":"","fifu_image_alt":"","footnotes":""},"categories":[4311,39688,6695,191],"tags":[],"class_list":["post-82136","post","type-post","status-publish","format-standard","hentry","category-arquivo-e-memoria-do-mst","category-conferencia-nacional","category-movimentos-populares","category-noticias"],"_links":{"self":[{"href":"https:\/\/redept.com.br\/blogosfera\/wp-json\/wp\/v2\/posts\/82136","targetHints":{"allow":["GET"]}}],"collection":[{"href":"https:\/\/redept.com.br\/blogosfera\/wp-json\/wp\/v2\/posts"}],"about":[{"href":"https:\/\/redept.com.br\/blogosfera\/wp-json\/wp\/v2\/types\/post"}],"author":[{"embeddable":true,"href":"https:\/\/redept.com.br\/blogosfera\/wp-json\/wp\/v2\/users\/2"}],"replies":[{"embeddable":true,"href":"https:\/\/redept.com.br\/blogosfera\/wp-json\/wp\/v2\/comments?post=82136"}],"version-history":[{"count":0,"href":"https:\/\/redept.com.br\/blogosfera\/wp-json\/wp\/v2\/posts\/82136\/revisions"}],"wp:attachment":[{"href":"https:\/\/redept.com.br\/blogosfera\/wp-json\/wp\/v2\/media?parent=82136"}],"wp:term":[{"taxonomy":"category","embeddable":true,"href":"https:\/\/redept.com.br\/blogosfera\/wp-json\/wp\/v2\/categories?post=82136"},{"taxonomy":"post_tag","embeddable":true,"href":"https:\/\/redept.com.br\/blogosfera\/wp-json\/wp\/v2\/tags?post=82136"}],"curies":[{"name":"wp","href":"https:\/\/api.w.org\/{rel}","templated":true}]}}