{"id":82145,"date":"2026-04-09T10:49:38","date_gmt":"2026-04-09T13:49:38","guid":{"rendered":"https:\/\/redept.com.br\/blogosfera\/audiencia-publica-marca-reacao-coletiva-contra-ampliacao-da-cmpc-em-barra-do-ribeiro-rs\/"},"modified":"2026-04-09T10:49:38","modified_gmt":"2026-04-09T13:49:38","slug":"audiencia-publica-marca-reacao-coletiva-contra-ampliacao-da-cmpc-em-barra-do-ribeiro-rs","status":"publish","type":"post","link":"https:\/\/redept.com.br\/blogosfera\/audiencia-publica-marca-reacao-coletiva-contra-ampliacao-da-cmpc-em-barra-do-ribeiro-rs\/","title":{"rendered":"Audi\u00eancia p\u00fablica marca rea\u00e7\u00e3o coletiva contra amplia\u00e7\u00e3o da CMPC em Barra do Ribeiro (RS)"},"content":{"rendered":"<p>A audi\u00eancia popular realizada na C\u00e2mara de Vereadores de Porto Alegre para discutir os impactos socioambientais da amplia\u00e7\u00e3o da CMPC na Barra do Ribeiro, culminou com o primeiro brado coletivo na capital ga\u00facha contr\u00e1rio \u00e0 iniciativa da empresa chilena do setor de celulose, papel e produtos florestais \u00e0s margens do Gua\u00edba. Era por volta das [\u2026]<\/p>\n<p><a href=\"https:\/\/www.brasildefato.com.br\/2026\/04\/09\/audiencia-publica-marca-reacao-coletiva-contra-ampliacao-da-cmpc-em-barra-do-ribeiro-rs\/\" rel=\"nofollow\">Fonte<\/a><\/p>\n<!-- Begin Yuzo --><div class='yuzo_related_post style-1'  data-version='5.12.89'><!-- without result --><div class='yuzo_clearfixed yuzo__title yuzo__title'><h3>Related Post<\/h3><\/div>\n\t\t\t\t\t\t  <div class=\"relatedthumb \" style=\"width:125px;float:left;overflow:hidden;\">  \n\t\t\t\t\t\t\t  \n\t\t\t\t\t\t\t  <a  href=\"https:\/\/redept.com.br\/blogosfera\/novos-conteineres-dificultam-acesso-a-reciclaveis-agravando-situacao-de-catadores-e-da-populacao-de-rua\/\"  >\n\t\t\t\t\t\t\t\t\t  <div class=\"yuzo-img-wrap \" style=\"width: 125px;height:90px;\">\n\t\t\t\t\t\t\t\t\t\t\n\t\t\t\t\t\t\t\t\t\t<div class=\"yuzo-img\" style=\"background:url('https:\/\/redept.org\/blogosfera\/wp-content\/plugins\/yuzo-related-post\/assets\/images\/default.png') 50% 50% no-repeat;width: 125px;height:90px;margin-bottom: 5px;background-size: cover; \"><\/div>\n\t\t\t\t\t\t\t\t\t  <\/div>\n\t\t\t\t\t\t\t\t\t  \n\t\t\t\t\t\t\t\t   <span class=\"yuzo__text--title\" style=\"font-size:13px;\">Novos cont\u00eaineres dificultam acesso a recicl\u00e1veis,...<\/span>\n\t\t\t\t\t\t\t  \n\t\t\t\t\t\t\t  \n\t\t\t\t\t\t\t  <\/a>\n\n\t\t\t\t\t\t  <\/div>\n\t\t\t\t\t\t  <div class=\"relatedthumb \" style=\"width:125px;float:left;overflow:hidden;\">  \n\t\t\t\t\t\t\t  \n\t\t\t\t\t\t\t  <a  href=\"https:\/\/redept.com.br\/blogosfera\/investir-na-agricultura-familiar-e-caminho-para-promover-a-sustentabilidade-aponta-presidente-da-fundacao-bb\/\"  >\n\t\t\t\t\t\t\t\t\t  <div class=\"yuzo-img-wrap \" style=\"width: 125px;height:90px;\">\n\t\t\t\t\t\t\t\t\t\t\n\t\t\t\t\t\t\t\t\t\t<div class=\"yuzo-img\" style=\"background:url('https:\/\/redept.com.br\/blogosfera\/wp-content\/uploads\/2025\/05\/Larissa-Lopes-2-1-1024x640-1-150x150.jpg') 50% 50% no-repeat;width: 125px;height:90px;margin-bottom: 5px;background-size: cover; \"><\/div>\n\t\t\t\t\t\t\t\t\t  <\/div>\n\t\t\t\t\t\t\t\t\t  \n\t\t\t\t\t\t\t\t   <span class=\"yuzo__text--title\" style=\"font-size:13px;\">Investir na agricultura familiar \u00e9 \u201ccaminho para p...<\/span>\n\t\t\t\t\t\t\t  \n\t\t\t\t\t\t\t  \n\t\t\t\t\t\t\t  <\/a>\n\n\t\t\t\t\t\t  <\/div>\n\t\t\t\t\t\t  <div class=\"relatedthumb \" style=\"width:125px;float:left;overflow:hidden;\">  \n\t\t\t\t\t\t\t  \n\t\t\t\t\t\t\t  <a  href=\"https:\/\/redept.com.br\/blogosfera\/imposto-de-renda-2026-prazo-para-envio-da-declaracao-termina-nesta-sexta-29\/\"  >\n\t\t\t\t\t\t\t\t\t  <div class=\"yuzo-img-wrap \" style=\"width: 125px;height:90px;\">\n\t\t\t\t\t\t\t\t\t\t\n\t\t\t\t\t\t\t\t\t\t<div class=\"yuzo-img\" style=\"background:url('https:\/\/redept.org\/blogosfera\/wp-content\/plugins\/yuzo-related-post\/assets\/images\/default.png') 50% 50% no-repeat;width: 125px;height:90px;margin-bottom: 5px;background-size: cover; \"><\/div>\n\t\t\t\t\t\t\t\t\t  <\/div>\n\t\t\t\t\t\t\t\t\t  \n\t\t\t\t\t\t\t\t   <span class=\"yuzo__text--title\" style=\"font-size:13px;\">Imposto de Renda 2026: prazo para envio da declara...<\/span>\n\t\t\t\t\t\t\t  \n\t\t\t\t\t\t\t  \n\t\t\t\t\t\t\t  <\/a>\n\n\t\t\t\t\t\t  <\/div>\n\t\t\t\t\t\t  <div class=\"relatedthumb \" style=\"width:125px;float:left;overflow:hidden;\">  \n\t\t\t\t\t\t\t  \n\t\t\t\t\t\t\t  <a  href=\"https:\/\/redept.com.br\/blogosfera\/apos-derrota-em-minas-gerais-projeto-de-escola-civico-militar-e-aprovado-em-santa-luzia-mg\/\"  >\n\t\t\t\t\t\t\t\t\t  <div class=\"yuzo-img-wrap \" style=\"width: 125px;height:90px;\">\n\t\t\t\t\t\t\t\t\t\t\n\t\t\t\t\t\t\t\t\t\t<div class=\"yuzo-img\" style=\"background:url('https:\/\/redept.com.br\/blogosfera\/wp-content\/uploads\/2025\/11\/foto_materia-150x150.jpg') 50% 50% no-repeat;width: 125px;height:90px;margin-bottom: 5px;background-size: cover; \"><\/div>\n\t\t\t\t\t\t\t\t\t  <\/div>\n\t\t\t\t\t\t\t\t\t  \n\t\t\t\t\t\t\t\t   <span class=\"yuzo__text--title\" style=\"font-size:13px;\">Ap\u00f3s derrota em Minas Gerais, projeto de escola c\u00ed...<\/span>\n\t\t\t\t\t\t\t  \n\t\t\t\t\t\t\t  \n\t\t\t\t\t\t\t  <\/a>\n\n\t\t\t\t\t\t  <\/div>\n<\/div> <script>\n\t\t\t\t\t\t  jQuery(document).ready(function( $ ){\n\t\t\t\t\t\t\t\/\/jQuery('.yuzo_related_post').equalizer({ overflow : 'relatedthumb' });\n\t\t\t\t\t\t\tjQuery('.yuzo_related_post .yuzo_wraps').equalizer({ columns : '> div' });\n\t\t\t\t\t\t   })\n\t\t\t\t\t\t  <\/script> <!-- End Yuzo :) -->","protected":false},"excerpt":{"rendered":"<p>A audi\u00eancia popular realizada na C\u00e2mara de Vereadores de Porto Alegre para discutir os impactos socioambientais da amplia\u00e7\u00e3o da CMPC na Barra do Ribeiro, culminou com o primeiro brado coletivo na capital ga\u00facha contr\u00e1rio \u00e0 iniciativa da empresa chilena do setor de celulose, papel e produtos florestais \u00e0s margens do Gua\u00edba. Era por volta das [&hellip;]<\/p>\n","protected":false},"author":2,"featured_media":0,"comment_status":"open","ping_status":"closed","sticky":false,"template":"","format":"standard","meta":{"fifu_image_url":"","fifu_image_alt":"","footnotes":""},"categories":[45404,618,16011,4706,19082,45405,45406,8266,40685,45407,40687,1030,45408,18302,160,45409,761,1675,42079,5742,1954,45410,9195,38,45411,45412,34,19,753,9716,2288],"tags":[],"class_list":["post-82145","post","type-post","status-publish","format-standard","hentry","category-ampliacao-cmpc","category-audiencia-publica","category-barra-do-ribeiro","category-bem-viver","category-celulose","category-cmpc","category-comite-tecnico-de-questionamento","category-comunidades-tradicionais","category-consulta-previa","category-copelmi","category-eia-rima","category-emprego","category-empresa-chilena","category-fepam","category-guaiba","category-impacto-socioambiental","category-indigenas","category-licenciamento-ambiental","category-mina-guaiba","category-ministerio-publico-federal","category-movimento-social","category-pescadores-artesanais","category-poluicao","category-porto-alegre","category-projeto-natureza","category-protesto-ambiental","category-quilombolas","category-rio-grande-do-sul","category-saude-publica","category-sema","category-transparencia"],"_links":{"self":[{"href":"https:\/\/redept.com.br\/blogosfera\/wp-json\/wp\/v2\/posts\/82145","targetHints":{"allow":["GET"]}}],"collection":[{"href":"https:\/\/redept.com.br\/blogosfera\/wp-json\/wp\/v2\/posts"}],"about":[{"href":"https:\/\/redept.com.br\/blogosfera\/wp-json\/wp\/v2\/types\/post"}],"author":[{"embeddable":true,"href":"https:\/\/redept.com.br\/blogosfera\/wp-json\/wp\/v2\/users\/2"}],"replies":[{"embeddable":true,"href":"https:\/\/redept.com.br\/blogosfera\/wp-json\/wp\/v2\/comments?post=82145"}],"version-history":[{"count":0,"href":"https:\/\/redept.com.br\/blogosfera\/wp-json\/wp\/v2\/posts\/82145\/revisions"}],"wp:attachment":[{"href":"https:\/\/redept.com.br\/blogosfera\/wp-json\/wp\/v2\/media?parent=82145"}],"wp:term":[{"taxonomy":"category","embeddable":true,"href":"https:\/\/redept.com.br\/blogosfera\/wp-json\/wp\/v2\/categories?post=82145"},{"taxonomy":"post_tag","embeddable":true,"href":"https:\/\/redept.com.br\/blogosfera\/wp-json\/wp\/v2\/tags?post=82145"}],"curies":[{"name":"wp","href":"https:\/\/api.w.org\/{rel}","templated":true}]}}