{"id":82154,"date":"2026-04-09T11:29:24","date_gmt":"2026-04-09T14:29:24","guid":{"rendered":"https:\/\/redept.com.br\/blogosfera\/greve-na-brose-e-exemplo-de-forca-e-coragem-da-classe-operaria\/"},"modified":"2026-04-09T11:29:24","modified_gmt":"2026-04-09T14:29:24","slug":"greve-na-brose-e-exemplo-de-forca-e-coragem-da-classe-operaria","status":"publish","type":"post","link":"https:\/\/redept.com.br\/blogosfera\/greve-na-brose-e-exemplo-de-forca-e-coragem-da-classe-operaria\/","title":{"rendered":"Greve na Brose \u00e9 exemplo de for\u00e7a e coragem da classe oper\u00e1ria"},"content":{"rendered":"<p><img fetchpriority=\"high\" width=\"1600\" height=\"1200\"src=\"https:\/\/redept.com.br\/blogosfera\/wp-content\/uploads\/2026\/04\/Brose-Metalurgica-Sao-Jose-Pinhais.jpeg\" alt=\"Trabalhadores fazem greve em frente \u00e0 f\u00e1brica enquanto pol\u00edcia militar defende a propriedade privada. Foto: Julia Marinho\" link_thumbnail=\"\" decoding=\"async\" srcset=\"https:\/\/redept.com.br\/blogosfera\/wp-content\/uploads\/2026\/04\/Brose-Metalurgica-Sao-Jose-Pinhais.jpeg 1600w, https:\/\/averdade.org.br\/wp-content\/uploads\/2026\/04\/Brose-Metalurgica-Sao-Jose-Pinhais-350x263.jpeg 350w, https:\/\/averdade.org.br\/wp-content\/uploads\/2026\/04\/Brose-Metalurgica-Sao-Jose-Pinhais-1024x768.jpeg 1024w, https:\/\/averdade.org.br\/wp-content\/uploads\/2026\/04\/Brose-Metalurgica-Sao-Jose-Pinhais-250x188.jpeg 250w, https:\/\/averdade.org.br\/wp-content\/uploads\/2026\/04\/Brose-Metalurgica-Sao-Jose-Pinhais-768x576.jpeg 768w, https:\/\/averdade.org.br\/wp-content\/uploads\/2026\/04\/Brose-Metalurgica-Sao-Jose-Pinhais-1536x1152.jpeg 1536w, https:\/\/averdade.org.br\/wp-content\/uploads\/2026\/04\/Brose-Metalurgica-Sao-Jose-Pinhais-150x113.jpeg 150w, https:\/\/averdade.org.br\/wp-content\/uploads\/2026\/04\/Brose-Metalurgica-Sao-Jose-Pinhais-300x225.jpeg 300w, https:\/\/averdade.org.br\/wp-content\/uploads\/2026\/04\/Brose-Metalurgica-Sao-Jose-Pinhais-696x522.jpeg 696w, https:\/\/averdade.org.br\/wp-content\/uploads\/2026\/04\/Brose-Metalurgica-Sao-Jose-Pinhais-1068x801.jpeg 1068w\" sizes=\"(max-width: 1600px) 100vw, 1600px\"><\/p>\n<p><b>Repress\u00e3o violenta da pol\u00edcia militar escancara contradi\u00e7\u00e3o do servi\u00e7o p\u00fablico na defesa da propriedade privada.<\/b><\/p>\n<p><span>Julia Marinho e Lohan Cota | Reda\u00e7\u00e3o Paran\u00e1<\/span><\/p>\n<hr>\n<p><span>TRABALHADOR UNIDO \u2013 No final de dezembro de 2025, os oper\u00e1rios da unidade da metal\u00fargica multinacional Brose localizada em S\u00e3o Jos\u00e9 dos Pinhais, regi\u00e3o metropolitana de Curitiba, cansados das p\u00e9ssimas condi\u00e7\u00f5es de trabalho decidiram declarar estado de greve.\u00a0<\/span><span>O aumento do piso salarial e do vale alimenta\u00e7\u00e3o (que era de apenas R$ 450) e o pagamento de PLR (participa\u00e7\u00e3o nos lucros ou resultados) estavam entre as principais pautas de reivindica\u00e7\u00f5es dos trabalhadores.<\/span><\/p>\n<p><span>Mesmo com lucros bilion\u00e1rios que superam os 5 bilh\u00f5es de euros, a empresa paga um sal\u00e1rio bem baixo em rela\u00e7\u00e3o \u00e0 outras do mesmo ramo, por\u00e9m se recusava a dialogar com os trabalhadores. Como a empresa percebeu que a greve era inevit\u00e1vel, contratou mais de 50 funcion\u00e1rios tempor\u00e1rios, para n\u00e3o deixar as m\u00e1quinas paradas. Apesar disso, os funcion\u00e1rios n\u00e3o se intimidaram e declararam greve no dia 29 de janeiro.<\/span><\/p>\n<h4><b>Seguran\u00e7a para quem?<\/b><\/h4>\n<p><span>Desde o in\u00edcio da greve, os oper\u00e1rios tiveram que enfrentar n\u00e3o s\u00f3 a sede de lucro dos patr\u00f5es, mas tamb\u00e9m a viol\u00eancia da pol\u00edcia militar comandada pelo governador fascista Ratinho J\u00fanior (PSD). No dia 04 de fevereiro, agentes da PM cercaram, derrubaram e aplicaram um \u201cmata-le\u00e3o\u201d no vice-presidente do Sindicato dos Metal\u00fargicos de Curitiba e Regi\u00e3o Metropolitana (SMC) Nels\u00e3o da For\u00e7a, que organizava uma assembleia com os oper\u00e1rios. Al\u00e9m disso, fizeram o uso de <\/span><i><span>sprays <\/span><\/i><span>de pimenta para impedir outras reuni\u00f5es dos trabalhadores na frente da f\u00e1brica.\u00a0<\/span><\/p>\n<p><span>Enquanto os trabalhadores sofriam repress\u00f5es violentas, para a pol\u00edcia militar, a empresa fornecia almo\u00e7o e janta, que tinha livre acesso \u00e0 f\u00e1brica, mostrando assim \u00e0 quem realmente a pol\u00edcia serve.<\/span><\/p>\n<p>Ao ver a pol\u00edcia militar agindo \u00e0 favor dos negociadores e prendendo os trabalhadores que exigiam respeito por suas reinvindica\u00e7\u00f5es, uma trabalhadora denunciou: <span> \u201cO servi\u00e7o da pol\u00edcia \u00e9 fazer seguran\u00e7a do p\u00fablico, n\u00e3o do privado!\u201d, disse ao Jornal A Verdade.<\/span><\/p>\n<h4><b>O crime do rico, a lei o cobre<\/b><\/h4>\n<p><span>Al\u00e9m das contrata\u00e7\u00f5es em meio \u00e0 greve, os oper\u00e1rios grevistas n\u00e3o puderam participar do processo de elei\u00e7\u00e3o para a Comiss\u00e3o Interna de Preven\u00e7\u00e3o de Acidentes e Ass\u00e9dio (CIPA) que come\u00e7ou no in\u00edcio de 2026. Agora, correm o risco de serem demitidos, tamb\u00e9m de maneira ilegal, por lutarem por seus direitos.<\/span><\/p>\n<p><span>Mesmo cometendo v\u00e1rios crimes contra as leis trabalhistas, a Brose ainda ter\u00e1 pelo menos 3 meses para o juiz do Tribunal Regional do Trabalho da 9\u00aa regi\u00e3o (TRT9) julgar o caso, um tratamento bem diferente do que os trabalhadores tiveram no in\u00edcio do ano.<\/span><\/p>\n<h4><b>Trabalhadores n\u00e3o desistem da luta<\/b><\/h4>\n<p><span>Ap\u00f3s 46 dias de luta contra ilegalidades, ass\u00e9dio moral por parte da empresa e repress\u00e3o policial, a greve dos trabalhadores da Brose foi encerrada, mostrando a for\u00e7a e a coragem da classe que tudo produz dentro da sociedade.<\/span><\/p>\n<p><span>Apesar de n\u00e3o conquistarem suas reivindica\u00e7\u00f5es o clima n\u00e3o era de derrota, os oper\u00e1rios disseram ao Jornal A Verdade que t\u00eam certeza que estavam do lado certo, que os pol\u00edcias n\u00e3o passam de capangas dos patr\u00f5es e que s\u00f3 a luta organizada muda a vida. \u201c\u00c9 uma vergonha, a gente lutando por justi\u00e7a e eles vindo para bater na gente!\u201d, exclamou um oper\u00e1rio diante da atua\u00e7\u00e3o da pol\u00edcia na greve.<\/span><\/p>\n<p><span>O Jornal A Verdade apoia a luta dos oper\u00e1rios da Brose e o Sindicato dos Metal\u00fargicos de Curitiba e regi\u00e3o (SMC) que seguem em busca de melhores condi\u00e7\u00f5es de trabalho e dignidade. Para que esta luta seja vitoriosa, \u00e9 necess\u00e1rio organizar esses trabalhadores em nossos n\u00facleos do MLC e da UP para que lutem pelo poder popular e pelo socialismo, o \u00fanico caminho para emancipar a classe trabalhadora.<\/span><\/p>\n<!-- Begin Yuzo --><div class='yuzo_related_post style-1'  data-version='5.12.89'><!-- without result --><div class='yuzo_clearfixed yuzo__title yuzo__title'><h3>Related Post<\/h3><\/div>\n\t\t\t\t\t\t  <div class=\"relatedthumb \" style=\"width:125px;float:left;overflow:hidden;\">  \n\t\t\t\t\t\t\t  \n\t\t\t\t\t\t\t  <a  href=\"https:\/\/redept.com.br\/blogosfera\/mulher-que-levou-coroa-de-flores-a-lula-e-chamou-agente-da-pf-de-macaco-recebe-r-14-mil-do-exercito\/\"  >\n\t\t\t\t\t\t\t\t\t  <div class=\"yuzo-img-wrap \" style=\"width: 125px;height:90px;\">\n\t\t\t\t\t\t\t\t\t\t\n\t\t\t\t\t\t\t\t\t\t<div class=\"yuzo-img\" style=\"background:url('https:\/\/redept.org\/blogosfera\/wp-content\/plugins\/yuzo-related-post\/assets\/images\/default.png') 50% 50% no-repeat;width: 125px;height:90px;margin-bottom: 5px;background-size: cover; \"><\/div>\n\t\t\t\t\t\t\t\t\t  <\/div>\n\t\t\t\t\t\t\t\t\t  \n\t\t\t\t\t\t\t\t   <span class=\"yuzo__text--title\" style=\"font-size:13px;\">Mulher que levou coroa de flores a Lula e chamou a...<\/span>\n\t\t\t\t\t\t\t  \n\t\t\t\t\t\t\t  \n\t\t\t\t\t\t\t  <\/a>\n\n\t\t\t\t\t\t  <\/div>\n\t\t\t\t\t\t  <div class=\"relatedthumb \" style=\"width:125px;float:left;overflow:hidden;\">  \n\t\t\t\t\t\t\t  \n\t\t\t\t\t\t\t  <a  href=\"https:\/\/redept.com.br\/blogosfera\/cessar-fogo-fragil-sugere-que-eua-preparam-novo-ataque-contra-ira\/\"  >\n\t\t\t\t\t\t\t\t\t  <div class=\"yuzo-img-wrap \" style=\"width: 125px;height:90px;\">\n\t\t\t\t\t\t\t\t\t\t\n\t\t\t\t\t\t\t\t\t\t<div class=\"yuzo-img\" style=\"background:url('https:\/\/redept.org\/blogosfera\/wp-content\/plugins\/yuzo-related-post\/assets\/images\/default.png') 50% 50% no-repeat;width: 125px;height:90px;margin-bottom: 5px;background-size: cover; \"><\/div>\n\t\t\t\t\t\t\t\t\t  <\/div>\n\t\t\t\t\t\t\t\t\t  \n\t\t\t\t\t\t\t\t   <span class=\"yuzo__text--title\" style=\"font-size:13px;\">Cessar-fogo fr\u00e1gil sugere que EUA preparam novo at...<\/span>\n\t\t\t\t\t\t\t  \n\t\t\t\t\t\t\t  \n\t\t\t\t\t\t\t  <\/a>\n\n\t\t\t\t\t\t  <\/div>\n\t\t\t\t\t\t  <div class=\"relatedthumb \" style=\"width:125px;float:left;overflow:hidden;\">  \n\t\t\t\t\t\t\t  \n\t\t\t\t\t\t\t  <a  href=\"https:\/\/redept.com.br\/blogosfera\/puxada-por-carne-e-oleo-de-soja-inflacao-fecha-novembro-em-039-e-fica-acima-da-meta\/\"  >\n\t\t\t\t\t\t\t\t\t  <div class=\"yuzo-img-wrap \" style=\"width: 125px;height:90px;\">\n\t\t\t\t\t\t\t\t\t\t\n\t\t\t\t\t\t\t\t\t\t<div class=\"yuzo-img\" style=\"background:url('https:\/\/redept.org\/blogosfera\/wp-content\/plugins\/yuzo-related-post\/assets\/images\/default.png') 50% 50% no-repeat;width: 125px;height:90px;margin-bottom: 5px;background-size: cover; \"><\/div>\n\t\t\t\t\t\t\t\t\t  <\/div>\n\t\t\t\t\t\t\t\t\t  \n\t\t\t\t\t\t\t\t   <span class=\"yuzo__text--title\" style=\"font-size:13px;\">Puxada por carne e \u00f3leo de soja, infla\u00e7\u00e3o fecha no...<\/span>\n\t\t\t\t\t\t\t  \n\t\t\t\t\t\t\t  \n\t\t\t\t\t\t\t  <\/a>\n\n\t\t\t\t\t\t  <\/div>\n\t\t\t\t\t\t  <div class=\"relatedthumb \" style=\"width:125px;float:left;overflow:hidden;\">  \n\t\t\t\t\t\t\t  \n\t\t\t\t\t\t\t  <a  href=\"https:\/\/redept.com.br\/blogosfera\/tse-abre-prazo-para-solicitacao-de-voto-em-transito\/\"  >\n\t\t\t\t\t\t\t\t\t  <div class=\"yuzo-img-wrap \" style=\"width: 125px;height:90px;\">\n\t\t\t\t\t\t\t\t\t\t\n\t\t\t\t\t\t\t\t\t\t<div class=\"yuzo-img\" style=\"background:url('https:\/\/redept.org\/blogosfera\/wp-content\/plugins\/yuzo-related-post\/assets\/images\/default.png') 50% 50% no-repeat;width: 125px;height:90px;margin-bottom: 5px;background-size: cover; \"><\/div>\n\t\t\t\t\t\t\t\t\t  <\/div>\n\t\t\t\t\t\t\t\t\t  \n\t\t\t\t\t\t\t\t   <span class=\"yuzo__text--title\" style=\"font-size:13px;\">TSE abre prazo para solicita\u00e7\u00e3o de voto em tr\u00e2nsit...<\/span>\n\t\t\t\t\t\t\t  \n\t\t\t\t\t\t\t  \n\t\t\t\t\t\t\t  <\/a>\n\n\t\t\t\t\t\t  <\/div>\n<\/div> <script>\n\t\t\t\t\t\t  jQuery(document).ready(function( $ ){\n\t\t\t\t\t\t\t\/\/jQuery('.yuzo_related_post').equalizer({ overflow : 'relatedthumb' });\n\t\t\t\t\t\t\tjQuery('.yuzo_related_post .yuzo_wraps').equalizer({ columns : '> div' });\n\t\t\t\t\t\t   })\n\t\t\t\t\t\t  <\/script> <!-- End Yuzo :) -->","protected":false},"excerpt":{"rendered":"<p><img decoding=\"async\" width=\"1600\" height=\"1200\" src=\"https:\/\/averdade.org.br\/wp-content\/uploads\/2026\/04\/Brose-Metalurgica-Sao-Jose-Pinhais.jpeg\" alt=\"Trabalhadores fazem greve em frente \u00e0 f\u00e1brica enquanto pol\u00edcia militar defende a propriedade privada. Foto: Julia Marinho\">Repress\u00e3o violenta da pol\u00edcia militar escancara contradi\u00e7\u00e3o do servi\u00e7o p\u00fablico na defesa da propriedade privada. Julia Marinho e Lohan Cota | Reda\u00e7\u00e3o Paran\u00e1 TRABALHADOR UNIDO \u2013 No final de dezembro de 2025, os oper\u00e1rios da unidade da metal\u00fargica multinacional Brose localizada em S\u00e3o Jos\u00e9 dos Pinhais, regi\u00e3o metropolitana de Curitiba, cansados das p\u00e9ssimas condi\u00e7\u00f5es de [\u2026]<\/p>\n","protected":false},"author":2,"featured_media":82155,"comment_status":"open","ping_status":"closed","sticky":false,"template":"","format":"standard","meta":{"fifu_image_url":"","fifu_image_alt":"","footnotes":""},"categories":[756,45435,35553,2795,497],"tags":[],"class_list":["post-82154","post","type-post","status-publish","format-standard","has-post-thumbnail","hentry","category-greve","category-metalurgico","category-operarios","category-sindicato","category-trabalhador-unido"],"_links":{"self":[{"href":"https:\/\/redept.com.br\/blogosfera\/wp-json\/wp\/v2\/posts\/82154","targetHints":{"allow":["GET"]}}],"collection":[{"href":"https:\/\/redept.com.br\/blogosfera\/wp-json\/wp\/v2\/posts"}],"about":[{"href":"https:\/\/redept.com.br\/blogosfera\/wp-json\/wp\/v2\/types\/post"}],"author":[{"embeddable":true,"href":"https:\/\/redept.com.br\/blogosfera\/wp-json\/wp\/v2\/users\/2"}],"replies":[{"embeddable":true,"href":"https:\/\/redept.com.br\/blogosfera\/wp-json\/wp\/v2\/comments?post=82154"}],"version-history":[{"count":0,"href":"https:\/\/redept.com.br\/blogosfera\/wp-json\/wp\/v2\/posts\/82154\/revisions"}],"wp:featuredmedia":[{"embeddable":true,"href":"https:\/\/redept.com.br\/blogosfera\/wp-json\/wp\/v2\/media\/82155"}],"wp:attachment":[{"href":"https:\/\/redept.com.br\/blogosfera\/wp-json\/wp\/v2\/media?parent=82154"}],"wp:term":[{"taxonomy":"category","embeddable":true,"href":"https:\/\/redept.com.br\/blogosfera\/wp-json\/wp\/v2\/categories?post=82154"},{"taxonomy":"post_tag","embeddable":true,"href":"https:\/\/redept.com.br\/blogosfera\/wp-json\/wp\/v2\/tags?post=82154"}],"curies":[{"name":"wp","href":"https:\/\/api.w.org\/{rel}","templated":true}]}}