{"id":82173,"date":"2026-04-09T14:03:01","date_gmt":"2026-04-09T17:03:01","guid":{"rendered":"https:\/\/redept.com.br\/blogosfera\/alem-de-colorir-as-ruas-festival-olhe-pra-cima-abre-exposicao-no-macrs\/"},"modified":"2026-04-09T14:03:01","modified_gmt":"2026-04-09T17:03:01","slug":"alem-de-colorir-as-ruas-festival-olhe-pra-cima-abre-exposicao-no-macrs","status":"publish","type":"post","link":"https:\/\/redept.com.br\/blogosfera\/alem-de-colorir-as-ruas-festival-olhe-pra-cima-abre-exposicao-no-macrs\/","title":{"rendered":"Al\u00e9m de colorir as ruas, Festival Olhe pra Cima abre exposi\u00e7\u00e3o no MACRS"},"content":{"rendered":"<p>Desde 2021, o Festival Olhe pra Cima, primeiro evento de muralismo e arte p\u00fablica de Porto Alegre, realiza pinturas de murais, transformando a cidade em um museu a c\u00e9u aberto. Mas, a partir desta quinta-feira (9), a iniciativa apresenta uma novidade: uma exposi\u00e7\u00e3o na sede do MACRS, localizada no Quarto Distrito, na rua Comendador Azevedo, [\u2026]<\/p>\n<p><a href=\"https:\/\/www.brasildefato.com.br\/2026\/04\/09\/alem-de-colorir-as-ruas-festival-olhe-pra-cima-abre-exposicao-no-macrs\/\" rel=\"nofollow\">Fonte<\/a><\/p>\n<!-- Begin Yuzo --><div class='yuzo_related_post style-1'  data-version='5.12.89'><!-- without result --><div class='yuzo_clearfixed yuzo__title yuzo__title'><h3>Related Post<\/h3><\/div>\n\t\t\t\t\t\t  <div class=\"relatedthumb \" style=\"width:125px;float:left;overflow:hidden;\">  \n\t\t\t\t\t\t\t  \n\t\t\t\t\t\t\t  <a  href=\"https:\/\/redept.com.br\/blogosfera\/investigations-into-top-military-leadership-mark-a-new-phase-in-chinas-anti-corruption-campaign\/\"  >\n\t\t\t\t\t\t\t\t\t  <div class=\"yuzo-img-wrap \" style=\"width: 125px;height:90px;\">\n\t\t\t\t\t\t\t\t\t\t\n\t\t\t\t\t\t\t\t\t\t<div class=\"yuzo-img\" style=\"background:url('https:\/\/redept.org\/blogosfera\/wp-content\/plugins\/yuzo-related-post\/assets\/images\/default.png') 50% 50% no-repeat;width: 125px;height:90px;margin-bottom: 5px;background-size: cover; \"><\/div>\n\t\t\t\t\t\t\t\t\t  <\/div>\n\t\t\t\t\t\t\t\t\t  \n\t\t\t\t\t\t\t\t   <span class=\"yuzo__text--title\" style=\"font-size:13px;\">Investigations into top military leadership mark a...<\/span>\n\t\t\t\t\t\t\t  \n\t\t\t\t\t\t\t  \n\t\t\t\t\t\t\t  <\/a>\n\n\t\t\t\t\t\t  <\/div>\n\t\t\t\t\t\t  <div class=\"relatedthumb \" style=\"width:125px;float:left;overflow:hidden;\">  \n\t\t\t\t\t\t\t  \n\t\t\t\t\t\t\t  <a  href=\"https:\/\/sul21.com.br\/noticias\/saude\/2026\/07\/porto-alegre-justica-nega-pedido-de-suspensao-provisoria-de-contrato-de-gestao-de-postos-de-saude\/\"  >\n\t\t\t\t\t\t\t\t\t  <div class=\"yuzo-img-wrap \" style=\"width: 125px;height:90px;\">\n\t\t\t\t\t\t\t\t\t\t\n\t\t\t\t\t\t\t\t\t\t<div class=\"yuzo-img\" style=\"background:url('https:\/\/redept.org\/blogosfera\/wp-content\/plugins\/yuzo-related-post\/assets\/images\/default.png') 50% 50% no-repeat;width: 125px;height:90px;margin-bottom: 5px;background-size: cover; \"><\/div>\n\t\t\t\t\t\t\t\t\t  <\/div>\n\t\t\t\t\t\t\t\t\t  \n\t\t\t\t\t\t\t\t   <span class=\"yuzo__text--title\" style=\"font-size:13px;\">Porto Alegre: Justi\u00e7a nega pedido de suspens\u00e3o pro...<\/span>\n\t\t\t\t\t\t\t  \n\t\t\t\t\t\t\t  \n\t\t\t\t\t\t\t  <\/a>\n\n\t\t\t\t\t\t  <\/div>\n\t\t\t\t\t\t  <div class=\"relatedthumb \" style=\"width:125px;float:left;overflow:hidden;\">  \n\t\t\t\t\t\t\t  \n\t\t\t\t\t\t\t  <a  href=\"https:\/\/redept.com.br\/blogosfera\/tregua-em-gaza-e-uma-vitoria-mas-pode-nao-se-manter-em-pe-avalia-especialista\/\"  >\n\t\t\t\t\t\t\t\t\t  <div class=\"yuzo-img-wrap \" style=\"width: 125px;height:90px;\">\n\t\t\t\t\t\t\t\t\t\t\n\t\t\t\t\t\t\t\t\t\t<div class=\"yuzo-img\" style=\"background:url('https:\/\/redept.org\/blogosfera\/wp-content\/plugins\/yuzo-related-post\/assets\/images\/default.png') 50% 50% no-repeat;width: 125px;height:90px;margin-bottom: 5px;background-size: cover; \"><\/div>\n\t\t\t\t\t\t\t\t\t  <\/div>\n\t\t\t\t\t\t\t\t\t  \n\t\t\t\t\t\t\t\t   <span class=\"yuzo__text--title\" style=\"font-size:13px;\">Tr\u00e9gua em Gaza \u00e9 uma vit\u00f3ria, mas pode \u2018n\u00e3o ...<\/span>\n\t\t\t\t\t\t\t  \n\t\t\t\t\t\t\t  \n\t\t\t\t\t\t\t  <\/a>\n\n\t\t\t\t\t\t  <\/div>\n\t\t\t\t\t\t  <div class=\"relatedthumb \" style=\"width:125px;float:left;overflow:hidden;\">  \n\t\t\t\t\t\t\t  \n\t\t\t\t\t\t\t  <a  href=\"https:\/\/redept.com.br\/blogosfera\/brasil-e-mocambique-miram-us-50-bilhoes-em-investimentos-e-foco-em-gas-e-agronegocio\/\"  >\n\t\t\t\t\t\t\t\t\t  <div class=\"yuzo-img-wrap \" style=\"width: 125px;height:90px;\">\n\t\t\t\t\t\t\t\t\t\t\n\t\t\t\t\t\t\t\t\t\t<div class=\"yuzo-img\" style=\"background:url('https:\/\/redept.org\/blogosfera\/wp-content\/plugins\/yuzo-related-post\/assets\/images\/default.png') 50% 50% no-repeat;width: 125px;height:90px;margin-bottom: 5px;background-size: cover; \"><\/div>\n\t\t\t\t\t\t\t\t\t  <\/div>\n\t\t\t\t\t\t\t\t\t  \n\t\t\t\t\t\t\t\t   <span class=\"yuzo__text--title\" style=\"font-size:13px;\">Brasil e Mo\u00e7ambique miram US$ 50 bilh\u00f5es em invest...<\/span>\n\t\t\t\t\t\t\t  \n\t\t\t\t\t\t\t  \n\t\t\t\t\t\t\t  <\/a>\n\n\t\t\t\t\t\t  <\/div>\n<\/div> <script>\n\t\t\t\t\t\t  jQuery(document).ready(function( $ ){\n\t\t\t\t\t\t\t\/\/jQuery('.yuzo_related_post').equalizer({ overflow : 'relatedthumb' });\n\t\t\t\t\t\t\tjQuery('.yuzo_related_post .yuzo_wraps').equalizer({ columns : '> div' });\n\t\t\t\t\t\t   })\n\t\t\t\t\t\t  <\/script> <!-- End Yuzo :) -->","protected":false},"excerpt":{"rendered":"<p>Desde 2021, o Festival Olhe pra Cima, primeiro evento de muralismo e arte p\u00fablica de Porto Alegre, realiza pinturas de murais, transformando a cidade em um museu a c\u00e9u aberto. Mas, a partir desta quinta-feira (9), a iniciativa apresenta uma novidade: uma exposi\u00e7\u00e3o na sede do MACRS, localizada no Quarto Distrito, na rua Comendador Azevedo, [&hellip;]<\/p>\n","protected":false},"author":2,"featured_media":0,"comment_status":"open","ping_status":"closed","sticky":false,"template":"","format":"standard","meta":{"fifu_image_url":"","fifu_image_alt":"","footnotes":""},"categories":[38197,5406,45468,45469,40710,39937,45470,45471,15575,33182,40714,39234,4706,45472,7799,17855,45473,309,45474,1306,45475,1735,33473,45476,9279,45477,45478,45479,45480,635,6904,45481,12820,45482,38,45483,9223,40353,43423,8458,45484,43071,3772,45485],"tags":[],"class_list":["post-82173","post","type-post","status-publish","format-standard","hentry","category-acao-social","category-acessibilidade","category-aline-bispo","category-apolo-torres","category-arte-coletiva","category-arte-contemporanea","category-arte-de-rua","category-arte-gaucha","category-arte-periferica","category-arte-publica","category-arte-urbana","category-audiodescricao","category-bem-viver","category-budweiser","category-centro-historico","category-cidade-baixa","category-coletivo-abrigo","category-cultura","category-empena","category-exposicao","category-festival-olhe-pra-cima","category-floresta","category-fomento-a-cultura","category-gordo-muswieck","category-independencia","category-intervencao-artistica","category-jocelyn-burgos","category-lidia-brancher","category-macrs","category-muralismo","category-museu","category-paisagem-urbana","category-pertencimento","category-pintura-mural","category-porto-alegre","category-pro-cultura-rs","category-quarto-distrito","category-renan-santos","category-revitalizacao-urbana","category-sarandi","category-tintas-renner","category-turismo-cultural","category-urbanismo","category-vinicius-amorim"],"_links":{"self":[{"href":"https:\/\/redept.com.br\/blogosfera\/wp-json\/wp\/v2\/posts\/82173","targetHints":{"allow":["GET"]}}],"collection":[{"href":"https:\/\/redept.com.br\/blogosfera\/wp-json\/wp\/v2\/posts"}],"about":[{"href":"https:\/\/redept.com.br\/blogosfera\/wp-json\/wp\/v2\/types\/post"}],"author":[{"embeddable":true,"href":"https:\/\/redept.com.br\/blogosfera\/wp-json\/wp\/v2\/users\/2"}],"replies":[{"embeddable":true,"href":"https:\/\/redept.com.br\/blogosfera\/wp-json\/wp\/v2\/comments?post=82173"}],"version-history":[{"count":0,"href":"https:\/\/redept.com.br\/blogosfera\/wp-json\/wp\/v2\/posts\/82173\/revisions"}],"wp:attachment":[{"href":"https:\/\/redept.com.br\/blogosfera\/wp-json\/wp\/v2\/media?parent=82173"}],"wp:term":[{"taxonomy":"category","embeddable":true,"href":"https:\/\/redept.com.br\/blogosfera\/wp-json\/wp\/v2\/categories?post=82173"},{"taxonomy":"post_tag","embeddable":true,"href":"https:\/\/redept.com.br\/blogosfera\/wp-json\/wp\/v2\/tags?post=82173"}],"curies":[{"name":"wp","href":"https:\/\/api.w.org\/{rel}","templated":true}]}}