{"id":82359,"date":"2026-04-10T12:31:33","date_gmt":"2026-04-10T15:31:33","guid":{"rendered":"https:\/\/redept.com.br\/blogosfera\/alcance-do-programa-farmacia-popular-e-ampliado-com-medicamentos-100-gratuitos\/"},"modified":"2026-04-10T12:31:33","modified_gmt":"2026-04-10T15:31:33","slug":"alcance-do-programa-farmacia-popular-e-ampliado-com-medicamentos-100-gratuitos","status":"publish","type":"post","link":"https:\/\/redept.com.br\/blogosfera\/alcance-do-programa-farmacia-popular-e-ampliado-com-medicamentos-100-gratuitos\/","title":{"rendered":"Alcance do Programa Farm\u00e1cia Popular \u00e9 ampliado com medicamentos 100% gratuitos"},"content":{"rendered":"<p>Rem\u00e9dios de uso cont\u00ednuo para hipertens\u00e3o, diabetes, asma, contraceptivos, fraldas e absorventes. Ter acesso a esses itens n\u00e3o \u00e9 opcional e ao mesmo tempo n\u00e3o pode ficar na depend\u00eancia de ter ou n\u00e3o dinheiro para pagar essa conta. Com essa preocupa\u00e7\u00e3o em mente foi criado em 2004 o Programa Farm\u00e1cia Popular, com o objetivo de [\u2026]<\/p>\n<p><a href=\"https:\/\/www.brasildefato.com.br\/2026\/04\/10\/alcance-do-programa-farmacia-popular-e-ampliado-com-medicamentos-100-gratuitos\/\" rel=\"nofollow\">Fonte<\/a><\/p>\n<!-- Begin Yuzo --><div class='yuzo_related_post style-1'  data-version='5.12.89'><!-- without result --><div class='yuzo_clearfixed yuzo__title yuzo__title'><h3>Related Post<\/h3><\/div>\n\t\t\t\t\t\t  <div class=\"relatedthumb \" style=\"width:125px;float:left;overflow:hidden;\">  \n\t\t\t\t\t\t\t  \n\t\t\t\t\t\t\t  <a  href=\"https:\/\/redept.com.br\/blogosfera\/governo-federal-premiara-professores-com-100-mil-computadores\/\"  >\n\t\t\t\t\t\t\t\t\t  <div class=\"yuzo-img-wrap \" style=\"width: 125px;height:90px;\">\n\t\t\t\t\t\t\t\t\t\t\n\t\t\t\t\t\t\t\t\t\t<div class=\"yuzo-img\" style=\"background:url('https:\/\/redept.org\/blogosfera\/wp-content\/plugins\/yuzo-related-post\/assets\/images\/default.png') 50% 50% no-repeat;width: 125px;height:90px;margin-bottom: 5px;background-size: cover; \"><\/div>\n\t\t\t\t\t\t\t\t\t  <\/div>\n\t\t\t\t\t\t\t\t\t  \n\t\t\t\t\t\t\t\t   <span class=\"yuzo__text--title\" style=\"font-size:13px;\">Governo Federal premiar\u00e1 professores com 100 mil c...<\/span>\n\t\t\t\t\t\t\t  \n\t\t\t\t\t\t\t  \n\t\t\t\t\t\t\t  <\/a>\n\n\t\t\t\t\t\t  <\/div>\n\t\t\t\t\t\t  <div class=\"relatedthumb \" style=\"width:125px;float:left;overflow:hidden;\">  \n\t\t\t\t\t\t\t  \n\t\t\t\t\t\t\t  <a  href=\"https:\/\/redept.com.br\/blogosfera\/francisco-foi-um-dos-principais-denunciadores-do-genocidio-diz-padre-catolico-de-igreja-em-gaza\/\"  >\n\t\t\t\t\t\t\t\t\t  <div class=\"yuzo-img-wrap \" style=\"width: 125px;height:90px;\">\n\t\t\t\t\t\t\t\t\t\t\n\t\t\t\t\t\t\t\t\t\t<div class=\"yuzo-img\" style=\"background:url('https:\/\/redept.org\/blogosfera\/wp-content\/plugins\/yuzo-related-post\/assets\/images\/default.png') 50% 50% no-repeat;width: 125px;height:90px;margin-bottom: 5px;background-size: cover; \"><\/div>\n\t\t\t\t\t\t\t\t\t  <\/div>\n\t\t\t\t\t\t\t\t\t  \n\t\t\t\t\t\t\t\t   <span class=\"yuzo__text--title\" style=\"font-size:13px;\">Francisco foi um dos principais denunciadores do g...<\/span>\n\t\t\t\t\t\t\t  \n\t\t\t\t\t\t\t  \n\t\t\t\t\t\t\t  <\/a>\n\n\t\t\t\t\t\t  <\/div>\n\t\t\t\t\t\t  <div class=\"relatedthumb \" style=\"width:125px;float:left;overflow:hidden;\">  \n\t\t\t\t\t\t\t  \n\t\t\t\t\t\t\t  <a  href=\"https:\/\/redept.com.br\/blogosfera\/conferencia-nacional-de-saude-do-trabalhador-aponta-rumos-do-futuro-do-trabalho\/\"  >\n\t\t\t\t\t\t\t\t\t  <div class=\"yuzo-img-wrap \" style=\"width: 125px;height:90px;\">\n\t\t\t\t\t\t\t\t\t\t\n\t\t\t\t\t\t\t\t\t\t<div class=\"yuzo-img\" style=\"background:url('https:\/\/redept.com.br\/blogosfera\/wp-content\/uploads\/2025\/08\/5a-Conferencia-Nacional-de-Saude-do-Trabalhador-e-da-Trabalhadora-150x150.jpeg') 50% 50% no-repeat;width: 125px;height:90px;margin-bottom: 5px;background-size: cover; \"><\/div>\n\t\t\t\t\t\t\t\t\t  <\/div>\n\t\t\t\t\t\t\t\t\t  \n\t\t\t\t\t\t\t\t   <span class=\"yuzo__text--title\" style=\"font-size:13px;\">Confer\u00eancia Nacional de Sa\u00fade do Trabalhador apont...<\/span>\n\t\t\t\t\t\t\t  \n\t\t\t\t\t\t\t  \n\t\t\t\t\t\t\t  <\/a>\n\n\t\t\t\t\t\t  <\/div>\n\t\t\t\t\t\t  <div class=\"relatedthumb \" style=\"width:125px;float:left;overflow:hidden;\">  \n\t\t\t\t\t\t\t  \n\t\t\t\t\t\t\t  <a  href=\"https:\/\/redept.com.br\/blogosfera\/moradores-retornam-a-area-afetada-por-rompimento-de-barragem-no-tocantins-e-ministerio-publico-avalia-os-danos-ambientais\/\"  >\n\t\t\t\t\t\t\t\t\t  <div class=\"yuzo-img-wrap \" style=\"width: 125px;height:90px;\">\n\t\t\t\t\t\t\t\t\t\t\n\t\t\t\t\t\t\t\t\t\t<div class=\"yuzo-img\" style=\"background:url('https:\/\/redept.org\/blogosfera\/wp-content\/plugins\/yuzo-related-post\/assets\/images\/default.png') 50% 50% no-repeat;width: 125px;height:90px;margin-bottom: 5px;background-size: cover; \"><\/div>\n\t\t\t\t\t\t\t\t\t  <\/div>\n\t\t\t\t\t\t\t\t\t  \n\t\t\t\t\t\t\t\t   <span class=\"yuzo__text--title\" style=\"font-size:13px;\">Moradores retornam \u00e0 \u00e1rea afetada por rompimento d...<\/span>\n\t\t\t\t\t\t\t  \n\t\t\t\t\t\t\t  \n\t\t\t\t\t\t\t  <\/a>\n\n\t\t\t\t\t\t  <\/div>\n<\/div> <script>\n\t\t\t\t\t\t  jQuery(document).ready(function( $ ){\n\t\t\t\t\t\t\t\/\/jQuery('.yuzo_related_post').equalizer({ overflow : 'relatedthumb' });\n\t\t\t\t\t\t\tjQuery('.yuzo_related_post .yuzo_wraps').equalizer({ columns : '> div' });\n\t\t\t\t\t\t   })\n\t\t\t\t\t\t  <\/script> <!-- End Yuzo :) -->","protected":false},"excerpt":{"rendered":"<p>Rem\u00e9dios de uso cont\u00ednuo para hipertens\u00e3o, diabetes, asma, contraceptivos, fraldas e absorventes. Ter acesso a esses itens n\u00e3o \u00e9 opcional e ao mesmo tempo n\u00e3o pode ficar na depend\u00eancia de ter ou n\u00e3o dinheiro para pagar essa conta. Com essa preocupa\u00e7\u00e3o em mente foi criado em 2004 o Programa Farm\u00e1cia Popular, com o objetivo de [&hellip;]<\/p>\n","protected":false},"author":2,"featured_media":0,"comment_status":"open","ping_status":"closed","sticky":false,"template":"","format":"standard","meta":{"fifu_image_url":"","fifu_image_alt":"","footnotes":""},"categories":[45918,42090,45919,33667,1828,3421,45920,45921,17136,45922,45923,45924,45925,17,20649,481,45926,45927,41673,45928,45929,45930,162,40954,41674,45931,45932,126,753,1256,29254],"tags":[],"class_list":["post-82359","post","type-post","status-publish","format-standard","hentry","category-absorventes-gratuitos","category-acesso-a-medicamentos","category-asma","category-assistencia-farmaceutica","category-baixa-renda","category-cadunico","category-controle-de-fraudes","category-descredenciamento","category-diabetes","category-dignidade-menstrual","category-economia-familiar","category-farmacia-credenciada","category-gastos-com-saude","category-governo-lula","category-hipertensao","category-ibge","category-losartana","category-medicamentos-essenciais","category-medicamentos-gratuitos","category-medicamentos-para-glaucoma","category-medicamentos-para-osteoporose","category-metformina","category-ministerio-da-saude","category-politica-de-saude","category-programa-farmacia-popular","category-receita-medica","category-remedios-de-uso-continuo","category-saude","category-saude-publica","category-sus","category-terceiro-governo-lula"],"_links":{"self":[{"href":"https:\/\/redept.com.br\/blogosfera\/wp-json\/wp\/v2\/posts\/82359","targetHints":{"allow":["GET"]}}],"collection":[{"href":"https:\/\/redept.com.br\/blogosfera\/wp-json\/wp\/v2\/posts"}],"about":[{"href":"https:\/\/redept.com.br\/blogosfera\/wp-json\/wp\/v2\/types\/post"}],"author":[{"embeddable":true,"href":"https:\/\/redept.com.br\/blogosfera\/wp-json\/wp\/v2\/users\/2"}],"replies":[{"embeddable":true,"href":"https:\/\/redept.com.br\/blogosfera\/wp-json\/wp\/v2\/comments?post=82359"}],"version-history":[{"count":0,"href":"https:\/\/redept.com.br\/blogosfera\/wp-json\/wp\/v2\/posts\/82359\/revisions"}],"wp:attachment":[{"href":"https:\/\/redept.com.br\/blogosfera\/wp-json\/wp\/v2\/media?parent=82359"}],"wp:term":[{"taxonomy":"category","embeddable":true,"href":"https:\/\/redept.com.br\/blogosfera\/wp-json\/wp\/v2\/categories?post=82359"},{"taxonomy":"post_tag","embeddable":true,"href":"https:\/\/redept.com.br\/blogosfera\/wp-json\/wp\/v2\/tags?post=82359"}],"curies":[{"name":"wp","href":"https:\/\/api.w.org\/{rel}","templated":true}]}}