{"id":82452,"date":"2026-04-10T14:21:44","date_gmt":"2026-04-10T17:21:44","guid":{"rendered":"https:\/\/redept.com.br\/blogosfera\/tempos-asperos-licoes-de-vargas-llosa-para-o-brasil\/"},"modified":"2026-04-10T14:21:44","modified_gmt":"2026-04-10T17:21:44","slug":"tempos-asperos-licoes-de-vargas-llosa-para-o-brasil","status":"publish","type":"post","link":"https:\/\/redept.com.br\/blogosfera\/tempos-asperos-licoes-de-vargas-llosa-para-o-brasil\/","title":{"rendered":"Tempos \u00c1speros: Li\u00e7\u00f5es de Vargas Llosa para o Brasil"},"content":{"rendered":"<figure><img loading=\"lazy\" loading=\"lazy\" decoding=\"async\" width=\"600\" height=\"340\"src=\"https:\/\/redept.com.br\/blogosfera\/wp-content\/uploads\/2026\/04\/18581149493_729bd1efe3_b-2.jpg\" alt=\"\" srcset=\"https:\/\/redept.com.br\/blogosfera\/wp-content\/uploads\/2026\/04\/18581149493_729bd1efe3_b-2.jpg 600w, https:\/\/estaticos.opara.me\/outraspalavras\/uploads\/2026\/04\/10143320\/18581149493_729bd1efe3_b-2-300x170.jpg 300w\" sizes=\"auto, (max-width: 600px) 100vw, 600px\"><figcaption>Foto: Reprodu\u00e7\u00e3o\/MST<\/figcaption><\/figure>\n<div>\n<div>\n<div>\n<div>\n<div>\n<div>\n<div>\n<h4>Boletim Outras Palavras<\/h4>\n<p>Receba por email, diariamente, todas as publica\u00e7\u00f5es do site<\/p>\n<\/p><\/div>\n<div>\n<div>\n<div>\n<div>\n<div><\/div>\n<\/p><\/div>\n<\/p><\/div>\n<div>\n                <button type=\"submit\">Assinar<\/button><br \/>\n                <button disabled type=\"button\"> <\/p>\n<div><\/div>\n<p> <span>Loading&#8230;<\/span> <\/button>\n              <\/div>\n<\/p><\/div>\n<\/p><\/div>\n<div>\n            <button type=\"submit\">Assinar<\/button><br \/>\n            <button disabled type=\"button\"> <\/p>\n<div><\/div>\n<p> <span>Loading&#8230;<\/span> <\/button>\n          <\/div>\n<\/p><\/div>\n<div>\n<div>\n<h4>Agradecemos!<\/h4>\n<p>Voc\u00ea j\u00e1 est\u00e1 inscrito e come\u00e7ar\u00e1 a receber os boletins em breve. Boa leitura!<\/p>\n<\/p><\/div>\n<\/p><\/div>\n<\/p><\/div>\n<\/p><\/div>\n<\/div>\n<\/div>\n<\/div>\n<p>TEMPOS \u00c1SPEROS: CONHECENDO O PASSADO PARA ENTENDER O FUTURO \u2013 Mario Vargas Llosa era um reacion\u00e1rio. Preferia Bolsonaro a Lula. Mas era um escritor extraordin\u00e1rio. Sua literatura tem compromisso com a realidade. Basta lembrar dois de seus livros, o monumental <em>Conversa na Catedral<\/em>, sobre a hist\u00f3ria tr\u00e1gica do Peru, e <em>Guerra do Fim do Mundo<\/em>, uma releitura da Guerra de Canudos. Quando um rep\u00f3rter lhe perguntou por que havia passado dois anos vivendo na regi\u00e3o de Canudos, respondeu que \u201cpara mentir bem \u00e9 preciso pesquisar muito\u201d.<\/p>\n<p>Em 2020, ele publicou <em>Tempos \u00c1speros<\/em>, em que conduz o leitor \u00e0 trag\u00e9dia das ditaduras da Am\u00e9rica Central nos anos 1950. Um mergulho did\u00e1tico na\u00a0 origem e arquitetura dos golpes de Estado na Am\u00e9rica Latina, que serve muito bem \u00e0s reflex\u00f5es sobre os tempos \u00e1speros que nossos pa\u00edses vivem no momento hist\u00f3rico atual.<\/p>\n<p>Num esquema de revela\u00e7\u00f5es parciais, como em um quebra-cabe\u00e7as, cujas pe\u00e7as v\u00e3o se ajustando aos poucos, inicia com intrigas corriqueiras de fam\u00edlias abastadas da Guatemala para logo envolver o leitor num clima de suspense febril num crescendo de espanto e, afinal, de compreens\u00e3o pungente.<\/p>\n<div>\n<div><img loading=\"lazy\" loading=\"lazy\" decoding=\"async\"src=\"https:\/\/redept.com.br\/blogosfera\/wp-content\/uploads\/2026\/04\/1-18.png\" alt=\"\" srcset=\"https:\/\/redept.com.br\/blogosfera\/wp-content\/uploads\/2026\/04\/1-18.png 680w, https:\/\/estaticos.opara.me\/outraspalavras\/uploads\/2025\/12\/04164347\/15-300x110.png 300w\" sizes=\"auto, (max-width: 680px) 100vw, 680px\" width=\"680\" height=\"250\"><\/div>\n<\/div>\n<p>O eixo dessa hist\u00f3ria \u00e9 a conspira\u00e7\u00e3o para o golpe de Estado que derrubou o governo reformista do presidente Jacob \u00c1rbenz, em 1954,\u00a0 71 anos atr\u00e1s. Eleito democraticamente, \u00c1rbenz ousou fazer uma reforma agr\u00e1ria para desenvolver as for\u00e7as produtivas da Guatemala e tirar da mis\u00e9ria alguns milh\u00f5es de camponeses ind\u00edgenas, tendo como exemplo o sistema de governo democr\u00e1tico dos Estados Unidos. Hist\u00f3ria que tamb\u00e9m se estende \u00e0s v\u00e1rias ditaduras do Caribe, como a de Trujilo na Rep\u00fablica Dominicana e Duvalier, no Haiti.<\/p>\n<p>Por\u00e9m, havia um problema que o moderado \u00c1rbenz n\u00e3o havia avaliado bem: as terras da Guatemala e dos outros pa\u00edses vizinhos eram monopolizadas pela United Fruit, a \u201cBananeira\u201d, ocupadas por planta\u00e7\u00f5es de bananas para abastecer o imenso mercado estadunidense usando m\u00e3o de obra semiescrava. O que aconteceu em seguida est\u00e1 explicado na introdu\u00e7\u00e3o do livro, no cap\u00edtulo \u201cAntes\u201d. Um jovem judeu, Edward Bernays, neto de Sigmund Freud, que se autodenominava \u201cpai da publicidade\u201d, escreveu:<\/p>\n<p>\u201cA manipula\u00e7\u00e3o consciente e inteligente dos h\u00e1bitos organizados e das opini\u00f5es das massas \u00e9 um elemento importante da sociedade democr\u00e1tica. Quem manipula esse mecanismo desconhecido da sociedade constitui um governo invis\u00edvel que \u00e9 o verdadeiro poder de nosso pa\u00eds\u2026 A minoria inteligente tem que fazer uso cont\u00ednuo e sistem\u00e1tico da propaganda.\u201d<\/p>\n<p>Ele j\u00e1 tinha comprovado sua t\u00e9cnica v\u00e1rias vezes, notadamente quando, durante a Primeira Guerra Mundial, foi contratado pelo governo dos Estados Unidos para convencer o povo a apoiar a entrada do pa\u00eds na guerra. A opini\u00e3o p\u00fablica estadunidense era radicalmente contra entrar na guerra, isso era problema dos europeus. Por\u00e9m, ap\u00f3s seis meses de \u201cnot\u00edcias\u201d de barbaridades cometidas pelos alem\u00e3es, sua opini\u00e3o se tornou totalmente favor\u00e1vel \u00e0 entrada na guerra. \u00c9 o que o publicit\u00e1rio chamava de \u201cprodu\u00e7\u00e3o do consentimento\u201d.<\/p>\n<p>Bernays teve a oportunidade de aplicar seus m\u00e9todos com muita efic\u00e1cia no caso da Guatemala. Por meio de seus contatos com diretores de jornais, come\u00e7aram a aparecer na imprensa dos Estados Unidos reportagens no New York Times, no Washington Post\u00a0 e na revista Time, que alertavam sobre o perigo crescente que a influ\u00eancia da Uni\u00e3o Sovi\u00e9tica estava adquirindo naquele pa\u00eds.\u00a0 O auge se deu quando uma reportagem da ag\u00eancia de not\u00edcias United Press\u00a0 \u201cinformava\u201d que a Uni\u00e3o Sovi\u00e9tica tinha a inten\u00e7\u00e3o de construir uma base de submarinos na Guatemala.<\/p>\n<p>O povo estadunidense, que nunca havia ouvido falar da Guatemala, come\u00e7ou a se sentir amea\u00e7ado. E, como era a \u00e9poca do p\u00e2nico insuflado na opini\u00e3o p\u00fablica pelo macartismo e pela Guerra Fria entre Estados Unidos e Uni\u00e3o Sovi\u00e9tica, essa fic\u00e7\u00e3o se tornou realidade.<\/p>\n<p>O que se seguiu foi uma a\u00e7\u00e3o abertamente conduzida e financiada pelos Estados Unidos, com amplo apoio da sua opini\u00e3o p\u00fablica, para forma\u00e7\u00e3o de um ex\u00e9rcito de mercen\u00e1rios que invadiu e derrubou o governo de\u00a0 \u00c1rbenz. Mas s\u00f3 conseguiu sucesso ap\u00f3s conquistar importantes defec\u00e7\u00f5es na oficialidade do Ex\u00e9rcito guatemalteco.<\/p>\n<div>\n<div><img loading=\"lazy\" loading=\"lazy\" decoding=\"async\"src=\"https:\/\/redept.com.br\/blogosfera\/wp-content\/uploads\/2026\/04\/banner-outras-palavras_-02257-3.jpg\" alt=\"\" srcset=\"https:\/\/redept.com.br\/blogosfera\/wp-content\/uploads\/2026\/04\/banner-outras-palavras_-02257-3.jpg 728w, https:\/\/estaticos.opara.me\/outraspalavras\/uploads\/2025\/02\/31190927\/banner-outras-palavras_-02257-300x37.jpg 300w\" sizes=\"auto, (max-width: 728px) 100vw, 728px\" width=\"728\" height=\"90\"><\/div>\n<\/div>\n<p>Um jovem argentino chamado Ernesto Guevara estava na Guatemala e assistiu a tudo.\u00a0 E levou esse aprendizado para Cuba, a li\u00e7\u00e3o de que, para ser vitoriosa, uma revolu\u00e7\u00e3o precisa destruir o Ex\u00e9rcito existente. Foi o que ele fez.<\/p>\n<p>Digamos que esse \u00e9 o roteiro geral do drama guatemalteco. Mas o que \u00e9 ainda mais fascinante \u00e9 o desenvolvimento da trama que faz Vargas Llosa. Combina alguma fic\u00e7\u00e3o com a realidade dos fatos. Cita todos os personagens pelos seus nomes verdadeiros, n\u00e3o somente os principais\u00a0 \u2014\u00a0governantes, militares, conspiradores, mas muitos outros, diplomatas e agentes da CIA, assassinos e mercen\u00e1rios. S\u00e3o impressionantes os retratos que faz de Castillo Armas, ditador da Guatemala, de Trujilo, ditador da Rep\u00fablica Dominicana (que mandou matar Castillo Armas), e Duvalier, o Papa Doc do Haiti. E h\u00e1 uma mulher, apelidada de Miss Guatemala, embora nunca tenha sido miss, personagem que percorre toda a hist\u00f3ria, t\u00e3o rica que at\u00e9 parece ser fic\u00e7\u00e3o.<\/p>\n<p>A t\u00e9cnica de propaganda desenvolvida pelo neto de Freud foi desde ent\u00e3o muito desenvolvida pelos Estados Unidos, tanto para controlar a opini\u00e3o p\u00fablica interna como pelo mundo afora, seja pela imprensa, jornais, r\u00e1dio, TV, cinema, internet, pesquisas tendenciosas. \u00c9 o chamado soft power que se tornou essa arma poderos\u00edssima e \u00e9 um dos sustent\u00e1culos do dom\u00ednio dos Estados Unidos em escala mundial.\u00a0<\/p>\n<p>Apenas recentemente vimos exemplos desses movimentos em 2013 e 2016 no Brasil, em 2014 no golpe que levou a Ucr\u00e2nia para a direita fascista, na prepara\u00e7\u00e3o da opini\u00e3o p\u00fablica para as guerras do Iraque, Afeganist\u00e3o, L\u00edbia, S\u00edria e agora mesmo na a\u00e7\u00e3o de Israel na Palestina e L\u00edbano.<\/p>\n<p>Para n\u00f3s que vivemos tempos \u00e1speros, que assistimos a um governo de reconstru\u00e7\u00e3o promover a retomada da economia, a queda do desemprego, o refor\u00e7o das pol\u00edticas sociais, ser alvo de uma campanha maci\u00e7a de desinforma\u00e7\u00e3o desacreditando o presidente e seu governo, devemos estar cientes da m\u00e1quina que est\u00e1 por tr\u00e1s disso. Um exemplo: no governo Bolsonaro, o Instituto Datafolha fazia pesquisas em largos intervalos de tempo. No governo Lula, tem feito pesquisas mensais\u2026<\/p>\n<div>\n<div>\n<div>\n<figure><\/figure>\n<\/div>\n<p>Tempos \u00c1speros \u2013 Mario Vargas Llosa <br \/>Tradu\u00e7\u00e3o: Paulina Wacht e Ari Roitman <br \/>P\u00e1ginas: 279<br \/>Editora: Alfaguara <br \/>Ano: 2020<\/p>\n<\/div>\n<\/div>\n<div>\n<div>\n<p><span><em>Outras Palavras \u00e9 feito por muitas m\u00e3os. Se voc\u00ea valoriza nossa produ\u00e7\u00e3o, seja nosso apoiador e fortale\u00e7a o jornalismo cr\u00edtico: <strong>apoia.se\/outraspalavras<\/strong><\/em><\/span><\/p>\n<\/div>\n<\/div>\n<p>The post &lt;i&gt;Tempos \u00c1speros&lt;\/i&gt;: Li\u00e7\u00f5es de Vargas Llosa para o Brasil appeared first on Outras Palavras.<\/p>\n<!-- Begin Yuzo --><div class='yuzo_related_post style-1'  data-version='5.12.89'><!-- without result --><div class='yuzo_clearfixed yuzo__title yuzo__title'><h3>Related Post<\/h3><\/div>\n\t\t\t\t\t\t  <div class=\"relatedthumb \" style=\"width:125px;float:left;overflow:hidden;\">  \n\t\t\t\t\t\t\t  \n\t\t\t\t\t\t\t  <a  href=\"https:\/\/redept.com.br\/blogosfera\/resultado-unicamp-2026-confira-lista-de-aprovados-na-segunda-chamada\/\"  >\n\t\t\t\t\t\t\t\t\t  <div class=\"yuzo-img-wrap \" style=\"width: 125px;height:90px;\">\n\t\t\t\t\t\t\t\t\t\t\n\t\t\t\t\t\t\t\t\t\t<div class=\"yuzo-img\" style=\"background:url('https:\/\/redept.com.br\/blogosfera\/wp-content\/uploads\/2026\/02\/Entrada_Unicamp_2-e1756157218410-150x150.jpg') 50% 50% no-repeat;width: 125px;height:90px;margin-bottom: 5px;background-size: cover; \"><\/div>\n\t\t\t\t\t\t\t\t\t  <\/div>\n\t\t\t\t\t\t\t\t\t  \n\t\t\t\t\t\t\t\t   <span class=\"yuzo__text--title\" style=\"font-size:13px;\">Resultado Unicamp 2026: confira lista de aprovados...<\/span>\n\t\t\t\t\t\t\t  \n\t\t\t\t\t\t\t  \n\t\t\t\t\t\t\t  <\/a>\n\n\t\t\t\t\t\t  <\/div>\n\t\t\t\t\t\t  <div class=\"relatedthumb \" style=\"width:125px;float:left;overflow:hidden;\">  \n\t\t\t\t\t\t\t  \n\t\t\t\t\t\t\t  <a  href=\"https:\/\/redept.com.br\/blogosfera\/kasa-branca-amplia-o-leque-de-possibilidades-criativas-no-cinema-brasileiro\/\"  >\n\t\t\t\t\t\t\t\t\t  <div class=\"yuzo-img-wrap \" style=\"width: 125px;height:90px;\">\n\t\t\t\t\t\t\t\t\t\t\n\t\t\t\t\t\t\t\t\t\t<div class=\"yuzo-img\" style=\"background:url('https:\/\/redept.com.br\/blogosfera\/wp-content\/uploads\/2025\/02\/kasa-branca-150x150.webp') 50% 50% no-repeat;width: 125px;height:90px;margin-bottom: 5px;background-size: cover; \"><\/div>\n\t\t\t\t\t\t\t\t\t  <\/div>\n\t\t\t\t\t\t\t\t\t  \n\t\t\t\t\t\t\t\t   <span class=\"yuzo__text--title\" style=\"font-size:13px;\">\u2018Kasa Branca\u2019 amplia o leque de possibilidades cri...<\/span>\n\t\t\t\t\t\t\t  \n\t\t\t\t\t\t\t  \n\t\t\t\t\t\t\t  <\/a>\n\n\t\t\t\t\t\t  <\/div>\n\t\t\t\t\t\t  <div class=\"relatedthumb \" style=\"width:125px;float:left;overflow:hidden;\">  \n\t\t\t\t\t\t\t  \n\t\t\t\t\t\t\t  <a  href=\"https:\/\/redept.com.br\/blogosfera\/delcy-rodriguez-toma-posse-na-venezuela-citando-maduro-e-chavez\/\"  >\n\t\t\t\t\t\t\t\t\t  <div class=\"yuzo-img-wrap \" style=\"width: 125px;height:90px;\">\n\t\t\t\t\t\t\t\t\t\t\n\t\t\t\t\t\t\t\t\t\t<div class=\"yuzo-img\" style=\"background:url('https:\/\/redept.org\/blogosfera\/wp-content\/plugins\/yuzo-related-post\/assets\/images\/default.png') 50% 50% no-repeat;width: 125px;height:90px;margin-bottom: 5px;background-size: cover; \"><\/div>\n\t\t\t\t\t\t\t\t\t  <\/div>\n\t\t\t\t\t\t\t\t\t  \n\t\t\t\t\t\t\t\t   <span class=\"yuzo__text--title\" style=\"font-size:13px;\">Delcy Rodr\u00edguez toma posse na Venezuela citando Ma...<\/span>\n\t\t\t\t\t\t\t  \n\t\t\t\t\t\t\t  \n\t\t\t\t\t\t\t  <\/a>\n\n\t\t\t\t\t\t  <\/div>\n\t\t\t\t\t\t  <div class=\"relatedthumb \" style=\"width:125px;float:left;overflow:hidden;\">  \n\t\t\t\t\t\t\t  \n\t\t\t\t\t\t\t  <a  href=\"https:\/\/redept.com.br\/blogosfera\/fpa-apresenta-a-publicacao-internacional\/\"  >\n\t\t\t\t\t\t\t\t\t  <div class=\"yuzo-img-wrap \" style=\"width: 125px;height:90px;\">\n\t\t\t\t\t\t\t\t\t\t\n\t\t\t\t\t\t\t\t\t\t<div class=\"yuzo-img\" style=\"background:url('https:\/\/redept.org\/blogosfera\/wp-content\/plugins\/yuzo-related-post\/assets\/images\/default.png') 50% 50% no-repeat;width: 125px;height:90px;margin-bottom: 5px;background-size: cover; \"><\/div>\n\t\t\t\t\t\t\t\t\t  <\/div>\n\t\t\t\t\t\t\t\t\t  \n\t\t\t\t\t\t\t\t   <span class=\"yuzo__text--title\" style=\"font-size:13px;\">FPA apresenta a publica\u00e7\u00e3o \u2018Internacional\u2019<\/span>\n\t\t\t\t\t\t\t  \n\t\t\t\t\t\t\t  \n\t\t\t\t\t\t\t  <\/a>\n\n\t\t\t\t\t\t  <\/div>\n<\/div> <script>\n\t\t\t\t\t\t  jQuery(document).ready(function( $ ){\n\t\t\t\t\t\t\t\/\/jQuery('.yuzo_related_post').equalizer({ overflow : 'relatedthumb' });\n\t\t\t\t\t\t\tjQuery('.yuzo_related_post .yuzo_wraps').equalizer({ columns : '> div' });\n\t\t\t\t\t\t   })\n\t\t\t\t\t\t  <\/script> <!-- End Yuzo :) -->","protected":false},"excerpt":{"rendered":"<p>Escritor peruano abra\u00e7ou o reacionarismo, mas foi arguto ao ler a hist\u00f3ria das ditaduras latino-americanas. Manipula\u00e7\u00e3o da opini\u00e3o p\u00fablica vem antes dos tanques. \u00c9 o cora\u00e7\u00e3o do golpismo. Por aqui, esta \u201carma invis\u00edvel\u201d pode estar de novo em pleno uso\u2026  <\/p>\n<p>The post <a href=\"https:\/\/outraspalavras.net\/historia-e-memoria\/tempos-asperos-licoes-de-vargas-llosa-para-o-brasil\/\">&lt;i&gt;Tempos \u00c1speros&lt;\/i&gt;: Li\u00e7\u00f5es de Vargas Llosa para o Brasil<\/a> appeared first on <a href=\"https:\/\/outraspalavras.net\/\">Outras Palavras<\/a>.<\/p>\n","protected":false},"author":2,"featured_media":82453,"comment_status":"open","ping_status":"closed","sticky":false,"template":"","format":"standard","meta":{"fifu_image_url":"","fifu_image_alt":"","footnotes":""},"categories":[46243,355,326,5488,3927,46244,5062],"tags":[],"class_list":["post-82452","post","type-post","status-publish","format-standard","has-post-thumbnail","hentry","category-bernays","category-desinformacao","category-guatemala","category-historia-e-memoria","category-soft-power","category-tempos-asperos","category-vargas-llosa"],"_links":{"self":[{"href":"https:\/\/redept.com.br\/blogosfera\/wp-json\/wp\/v2\/posts\/82452","targetHints":{"allow":["GET"]}}],"collection":[{"href":"https:\/\/redept.com.br\/blogosfera\/wp-json\/wp\/v2\/posts"}],"about":[{"href":"https:\/\/redept.com.br\/blogosfera\/wp-json\/wp\/v2\/types\/post"}],"author":[{"embeddable":true,"href":"https:\/\/redept.com.br\/blogosfera\/wp-json\/wp\/v2\/users\/2"}],"replies":[{"embeddable":true,"href":"https:\/\/redept.com.br\/blogosfera\/wp-json\/wp\/v2\/comments?post=82452"}],"version-history":[{"count":0,"href":"https:\/\/redept.com.br\/blogosfera\/wp-json\/wp\/v2\/posts\/82452\/revisions"}],"wp:featuredmedia":[{"embeddable":true,"href":"https:\/\/redept.com.br\/blogosfera\/wp-json\/wp\/v2\/media\/82453"}],"wp:attachment":[{"href":"https:\/\/redept.com.br\/blogosfera\/wp-json\/wp\/v2\/media?parent=82452"}],"wp:term":[{"taxonomy":"category","embeddable":true,"href":"https:\/\/redept.com.br\/blogosfera\/wp-json\/wp\/v2\/categories?post=82452"},{"taxonomy":"post_tag","embeddable":true,"href":"https:\/\/redept.com.br\/blogosfera\/wp-json\/wp\/v2\/tags?post=82452"}],"curies":[{"name":"wp","href":"https:\/\/api.w.org\/{rel}","templated":true}]}}