{"id":82519,"date":"2026-04-11T11:57:00","date_gmt":"2026-04-11T14:57:00","guid":{"rendered":"https:\/\/redept.com.br\/blogosfera\/to-lam-assume-presidencia-e-vietna-consolida-nova-lideranca\/"},"modified":"2026-04-11T11:57:00","modified_gmt":"2026-04-11T14:57:00","slug":"to-lam-assume-presidencia-e-vietna-consolida-nova-lideranca","status":"publish","type":"post","link":"https:\/\/redept.com.br\/blogosfera\/to-lam-assume-presidencia-e-vietna-consolida-nova-lideranca\/","title":{"rendered":"To Lam assume Presid\u00eancia e Vietn\u00e3 consolida nova lideran\u00e7a"},"content":{"rendered":"<p><img fetchpriority=\"high\" width=\"700\" height=\"393\"src=\"https:\/\/redept.com.br\/blogosfera\/wp-content\/uploads\/2026\/04\/f0442447.jpg\" alt=\"\" decoding=\"async\" srcset=\"https:\/\/redept.com.br\/blogosfera\/wp-content\/uploads\/2026\/04\/f0442447.jpg 700w, https:\/\/vermelho.org.br\/wp-content\/uploads\/2026\/04\/f0442447-300x168.jpg 300w\" sizes=\"(max-width: 700px) 100vw, 700px\"><\/p>\n<p>A\u00a0Assembleia Nacional do Vietn\u00e3\u00a0elegeu por unanimidade\u00a0To Lam\u00a0como presidente da Rep\u00fablica para o per\u00edodo 2026-2031. A vota\u00e7\u00e3o contou com o apoio dos 495 deputados presentes, refletindo consenso pol\u00edtico em torno da nova lideran\u00e7a.<\/p>\n<p>Ap\u00f3s a elei\u00e7\u00e3o, nesta segunda (6), o chefe de Estado prestou juramento, comprometendo-se com lealdade \u00e0 P\u00e1tria, ao povo e \u00e0 Constitui\u00e7\u00e3o, al\u00e9m de reafirmar sua responsabilidade diante do Partido e das institui\u00e7\u00f5es do pa\u00eds.<\/p>\n<p><strong>Ac\u00famulo de fun\u00e7\u00f5es e centralidade pol\u00edtica<\/strong><\/p>\n<p>Al\u00e9m da presid\u00eancia,\u00a0To Lam\u00a0tamb\u00e9m ocupa o cargo de secret\u00e1rio-geral do\u00a0Partido Comunista do Vietn\u00e3, consolidando forte centraliza\u00e7\u00e3o pol\u00edtica. Com trajet\u00f3ria ligada \u00e0 seguran\u00e7a do Estado, ele acumula experi\u00eancia no Comit\u00ea Central e no Bureau Pol\u00edtico, al\u00e9m de j\u00e1 ter liderado estruturas estrat\u00e9gicas como o Conselho de Defesa e Seguran\u00e7a Nacional.<\/p>\n<p>Sua perman\u00eancia no n\u00facleo dirigente refor\u00e7a a continuidade da linha pol\u00edtica definida pelo partido.<\/p>\n<p><strong>Reelei\u00e7\u00e3o no Legislativo refor\u00e7a estabilidade institucional<\/strong><\/p>\n<p>No mesmo processo pol\u00edtico, a Assembleia reelegeu\u00a0Tran Thanh Man\u00a0como presidente do Legislativo para a XVI legislatura (2026-2031), tamb\u00e9m por unanimidade.<\/p>\n<p>Em seu discurso, ele destacou que o pa\u00eds vive um \u201cponto de inflex\u00e3o hist\u00f3rico\u201d e reafirmou a condu\u00e7\u00e3o pol\u00edtica sob a lideran\u00e7a do Partido, enfatizando a import\u00e2ncia da coes\u00e3o institucional para a nova etapa de desenvolvimento.<\/p>\n<p><strong>Novo governo projeta crescimento acelerado<\/strong><\/p>\n<p>O novo primeiro-ministro,\u00a0Le Minh Hung, apresentou as diretrizes do governo para o pr\u00f3ximo quinqu\u00eanio. Entre as metas, destacam-se:<\/p>\n<ul>\n<li>Crescimento m\u00e9dio anual do PIB superior a 10%<\/li>\n<li>Fortalecimento da inova\u00e7\u00e3o e da transforma\u00e7\u00e3o digital<\/li>\n<li>Moderniza\u00e7\u00e3o da administra\u00e7\u00e3o p\u00fablica<\/li>\n<li>Intensifica\u00e7\u00e3o do combate \u00e0 corrup\u00e7\u00e3o<\/li>\n<\/ul>\n<p>Segundo ele, a efici\u00eancia do Estado ser\u00e1 medida pela satisfa\u00e7\u00e3o da popula\u00e7\u00e3o e das empresas.<\/p>\n<p><strong>Continuidade e metas estrat\u00e9gicas<\/strong><\/p>\n<p>A vice-presidente\u00a0Vo Thi Anh Xuan\u00a0foi mantida no cargo, refor\u00e7ando a continuidade institucional.<\/p>\n<p>O novo ciclo pol\u00edtico ocorre ap\u00f3s o fortalecimento interno do\u00a0Partido Comunista do Vietn\u00e3, que, em seu \u00faltimo congresso, definiu como objetivos transformar o pa\u00eds em uma economia de renda m\u00e9dia alta at\u00e9 2030 e em uma na\u00e7\u00e3o desenvolvida at\u00e9 2045.<\/p>\n<p>Com a nova composi\u00e7\u00e3o de governo, o Vietn\u00e3 projeta uma fase de crescimento acelerado, estabilidade pol\u00edtica e aprofundamento de seu modelo de desenvolvimento socialista.<\/p>\n<p>O post <a href=\"https:\/\/vermelho.org.br\/2026\/04\/11\/to-lam-assume-presidencia-e-vietna-consolida-nova-lideranca\/\">To Lam assume Presid\u00eancia e Vietn\u00e3 consolida nova lideran\u00e7a<\/a> apareceu primeiro em <a href=\"https:\/\/vermelho.org.br\/\">Vermelho<\/a>.<\/p>\n<!-- Begin Yuzo --><div class='yuzo_related_post style-1'  data-version='5.12.89'><!-- without result --><div class='yuzo_clearfixed yuzo__title yuzo__title'><h3>Related Post<\/h3><\/div>\n\t\t\t\t\t\t  <div class=\"relatedthumb \" style=\"width:125px;float:left;overflow:hidden;\">  \n\t\t\t\t\t\t\t  \n\t\t\t\t\t\t\t  <a  href=\"https:\/\/redept.com.br\/blogosfera\/com-apoio-do-pt-camara-aprova-projeto-que-regulamenta-producao-de-bioinsumos-agricolas\/\"  >\n\t\t\t\t\t\t\t\t\t  <div class=\"yuzo-img-wrap \" style=\"width: 125px;height:90px;\">\n\t\t\t\t\t\t\t\t\t\t\n\t\t\t\t\t\t\t\t\t\t<div class=\"yuzo-img\" style=\"background:url('https:\/\/redept.org\/blogosfera\/wp-content\/plugins\/yuzo-related-post\/assets\/images\/default.png') 50% 50% no-repeat;width: 125px;height:90px;margin-bottom: 5px;background-size: cover; \"><\/div>\n\t\t\t\t\t\t\t\t\t  <\/div>\n\t\t\t\t\t\t\t\t\t  \n\t\t\t\t\t\t\t\t   <span class=\"yuzo__text--title\" style=\"font-size:13px;\">Com apoio do PT, C\u00e2mara aprova projeto que regulam...<\/span>\n\t\t\t\t\t\t\t  \n\t\t\t\t\t\t\t  \n\t\t\t\t\t\t\t  <\/a>\n\n\t\t\t\t\t\t  <\/div>\n\t\t\t\t\t\t  <div class=\"relatedthumb \" style=\"width:125px;float:left;overflow:hidden;\">  \n\t\t\t\t\t\t\t  \n\t\t\t\t\t\t\t  <a  href=\"https:\/\/redept.com.br\/blogosfera\/itamaraty-diz-que-ativistas-sequestrados-por-israel-estao-bem-mas-destino-e-incerto-afirma-coordenadora\/\"  >\n\t\t\t\t\t\t\t\t\t  <div class=\"yuzo-img-wrap \" style=\"width: 125px;height:90px;\">\n\t\t\t\t\t\t\t\t\t\t\n\t\t\t\t\t\t\t\t\t\t<div class=\"yuzo-img\" style=\"background:url('https:\/\/redept.org\/blogosfera\/wp-content\/plugins\/yuzo-related-post\/assets\/images\/default.png') 50% 50% no-repeat;width: 125px;height:90px;margin-bottom: 5px;background-size: cover; \"><\/div>\n\t\t\t\t\t\t\t\t\t  <\/div>\n\t\t\t\t\t\t\t\t\t  \n\t\t\t\t\t\t\t\t   <span class=\"yuzo__text--title\" style=\"font-size:13px;\">Itamaraty diz que ativistas sequestrados por Israe...<\/span>\n\t\t\t\t\t\t\t  \n\t\t\t\t\t\t\t  \n\t\t\t\t\t\t\t  <\/a>\n\n\t\t\t\t\t\t  <\/div>\n\t\t\t\t\t\t  <div class=\"relatedthumb \" style=\"width:125px;float:left;overflow:hidden;\">  \n\t\t\t\t\t\t\t  \n\t\t\t\t\t\t\t  <a  href=\"https:\/\/redept.com.br\/blogosfera\/por-que-sao-jorge-se-tornou-uma-das-figuras-mais-presentes-no-cotidiano-dos-cariocas\/\"  >\n\t\t\t\t\t\t\t\t\t  <div class=\"yuzo-img-wrap \" style=\"width: 125px;height:90px;\">\n\t\t\t\t\t\t\t\t\t\t\n\t\t\t\t\t\t\t\t\t\t<div class=\"yuzo-img\" style=\"background:url('https:\/\/redept.org\/blogosfera\/wp-content\/plugins\/yuzo-related-post\/assets\/images\/default.png') 50% 50% no-repeat;width: 125px;height:90px;margin-bottom: 5px;background-size: cover; \"><\/div>\n\t\t\t\t\t\t\t\t\t  <\/div>\n\t\t\t\t\t\t\t\t\t  \n\t\t\t\t\t\t\t\t   <span class=\"yuzo__text--title\" style=\"font-size:13px;\">Por que S\u00e3o Jorge se tornou uma das figuras mais p...<\/span>\n\t\t\t\t\t\t\t  \n\t\t\t\t\t\t\t  \n\t\t\t\t\t\t\t  <\/a>\n\n\t\t\t\t\t\t  <\/div>\n\t\t\t\t\t\t  <div class=\"relatedthumb \" style=\"width:125px;float:left;overflow:hidden;\">  \n\t\t\t\t\t\t\t  \n\t\t\t\t\t\t\t  <a  href=\"https:\/\/redept.com.br\/blogosfera\/bolivianos-organizam-greve-contra-medida-que-derruba-subsidios-para-a-gasolina\/\"  >\n\t\t\t\t\t\t\t\t\t  <div class=\"yuzo-img-wrap \" style=\"width: 125px;height:90px;\">\n\t\t\t\t\t\t\t\t\t\t\n\t\t\t\t\t\t\t\t\t\t<div class=\"yuzo-img\" style=\"background:url('https:\/\/redept.org\/blogosfera\/wp-content\/plugins\/yuzo-related-post\/assets\/images\/default.png') 50% 50% no-repeat;width: 125px;height:90px;margin-bottom: 5px;background-size: cover; \"><\/div>\n\t\t\t\t\t\t\t\t\t  <\/div>\n\t\t\t\t\t\t\t\t\t  \n\t\t\t\t\t\t\t\t   <span class=\"yuzo__text--title\" style=\"font-size:13px;\">Bolivianos organizam greve contra medida que derru...<\/span>\n\t\t\t\t\t\t\t  \n\t\t\t\t\t\t\t  \n\t\t\t\t\t\t\t  <\/a>\n\n\t\t\t\t\t\t  <\/div>\n<\/div> <script>\n\t\t\t\t\t\t  jQuery(document).ready(function( $ ){\n\t\t\t\t\t\t\t\/\/jQuery('.yuzo_related_post').equalizer({ overflow : 'relatedthumb' });\n\t\t\t\t\t\t\tjQuery('.yuzo_related_post .yuzo_wraps').equalizer({ columns : '> div' });\n\t\t\t\t\t\t   })\n\t\t\t\t\t\t  <\/script> <!-- End Yuzo :) -->","protected":false},"excerpt":{"rendered":"<p>A\u00a0Assembleia Nacional do Vietn\u00e3\u00a0elegeu por unanimidade\u00a0To Lam\u00a0como presidente da Rep\u00fablica para o per\u00edodo 2026-2031. A vota\u00e7\u00e3o contou com o apoio dos 495 deputados presentes, refletindo consenso pol\u00edtico em torno da nova lideran\u00e7a. Ap\u00f3s a elei\u00e7\u00e3o, nesta segunda (6), o chefe de Estado prestou juramento, comprometendo-se com lealdade \u00e0 P\u00e1tria, ao povo e \u00e0 Constitui\u00e7\u00e3o, al\u00e9m [&hellip;]<\/p>\n","protected":false},"author":2,"featured_media":0,"comment_status":"open","ping_status":"closed","sticky":false,"template":"","format":"standard","meta":{"fifu_image_url":"","fifu_image_alt":"","footnotes":""},"categories":[39,46363,5360,4226,1485],"tags":[],"class_list":["post-82519","post","type-post","status-publish","format-standard","hentry","category-asia","category-le-minh-hung","category-partido-comunista-do-vietna","category-to-lam","category-vietna"],"_links":{"self":[{"href":"https:\/\/redept.com.br\/blogosfera\/wp-json\/wp\/v2\/posts\/82519","targetHints":{"allow":["GET"]}}],"collection":[{"href":"https:\/\/redept.com.br\/blogosfera\/wp-json\/wp\/v2\/posts"}],"about":[{"href":"https:\/\/redept.com.br\/blogosfera\/wp-json\/wp\/v2\/types\/post"}],"author":[{"embeddable":true,"href":"https:\/\/redept.com.br\/blogosfera\/wp-json\/wp\/v2\/users\/2"}],"replies":[{"embeddable":true,"href":"https:\/\/redept.com.br\/blogosfera\/wp-json\/wp\/v2\/comments?post=82519"}],"version-history":[{"count":0,"href":"https:\/\/redept.com.br\/blogosfera\/wp-json\/wp\/v2\/posts\/82519\/revisions"}],"wp:attachment":[{"href":"https:\/\/redept.com.br\/blogosfera\/wp-json\/wp\/v2\/media?parent=82519"}],"wp:term":[{"taxonomy":"category","embeddable":true,"href":"https:\/\/redept.com.br\/blogosfera\/wp-json\/wp\/v2\/categories?post=82519"},{"taxonomy":"post_tag","embeddable":true,"href":"https:\/\/redept.com.br\/blogosfera\/wp-json\/wp\/v2\/tags?post=82519"}],"curies":[{"name":"wp","href":"https:\/\/api.w.org\/{rel}","templated":true}]}}