{"id":82591,"date":"2026-04-12T14:12:23","date_gmt":"2026-04-12T17:12:23","guid":{"rendered":"https:\/\/redept.com.br\/blogosfera\/eua-escalam-tensao-no-golfo-e-ampliam-risco-de-guerra-regional\/"},"modified":"2026-04-12T14:12:23","modified_gmt":"2026-04-12T17:12:23","slug":"eua-escalam-tensao-no-golfo-e-ampliam-risco-de-guerra-regional","status":"publish","type":"post","link":"https:\/\/redept.com.br\/blogosfera\/eua-escalam-tensao-no-golfo-e-ampliam-risco-de-guerra-regional\/","title":{"rendered":"EUA escalam tens\u00e3o no Golfo e ampliam risco de guerra regional"},"content":{"rendered":"<p><img fetchpriority=\"high\" width=\"1024\" height=\"683\"src=\"https:\/\/redept.com.br\/blogosfera\/wp-content\/uploads\/2026\/04\/Captura-de-Tela-2026-04-12-as-140831-2048x1367-1.png\" alt=\"\" decoding=\"async\" srcset=\"https:\/\/vermelho.org.br\/wp-content\/uploads\/2026\/04\/Captura-de-Tela-2026-04-12-as-14.08.31-1024x683.png 1024w, https:\/\/vermelho.org.br\/wp-content\/uploads\/2026\/04\/Captura-de-Tela-2026-04-12-as-14.08.31-300x200.png 300w, https:\/\/vermelho.org.br\/wp-content\/uploads\/2026\/04\/Captura-de-Tela-2026-04-12-as-14.08.31-768x512.png 768w, https:\/\/vermelho.org.br\/wp-content\/uploads\/2026\/04\/Captura-de-Tela-2026-04-12-as-14.08.31-1536x1025.png 1536w, https:\/\/redept.com.br\/blogosfera\/wp-content\/uploads\/2026\/04\/Captura-de-Tela-2026-04-12-as-140831-2048x1367-1.png 2048w, https:\/\/vermelho.org.br\/wp-content\/uploads\/2026\/04\/Captura-de-Tela-2026-04-12-as-14.08.31-272x182.png 272w\" sizes=\"(max-width: 1024px) 100vw, 1024px\"><\/p>\n<p>Ap\u00f3s o fracasso das negocia\u00e7\u00f5es de cessar-fogo realizadas em Islamabad, no Paquist\u00e3o, o presidente dos Estados Unidos, Donald Trump, anunciou que a Marinha americana iniciar\u00e1 o bloqueio de todos os navios que tentarem entrar ou sair do Estreito de Ormuz. A declara\u00e7\u00e3o foi feita em publica\u00e7\u00e3o nas redes sociais, na qual Trump afirmou que a medida entra em vigor \u201ccom efeito imediato\u201d.<\/p>\n<p>A declara\u00e7\u00e3o de\u00a0Donald Trump\u00a0sobre um poss\u00edvel bloqueio do\u00a0Estreito de Ormuz\u00a0representa um salto qualitativo na crise. Trata-se de uma medida que, al\u00e9m de carecer de respaldo no direito internacional, implicaria na interrup\u00e7\u00e3o de uma das rotas energ\u00e9ticas mais importantes do planeta \u2014 por onde transita cerca de 20% do petr\u00f3leo mundial.<\/p>\n<p>Ao propor impedir a circula\u00e7\u00e3o de navios, Washington assume uma postura de coer\u00e7\u00e3o global, afetando n\u00e3o apenas o Ir\u00e3, mas toda a economia internacional. A medida, na pr\u00e1tica, configura uma forma de bloqueio econ\u00f4mico com potencial de desencadear confronto direto.<\/p>\n<p><strong>Contradi\u00e7\u00f5es na narrativa dos EUA<\/strong><\/p>\n<p>O discurso norte-americano revela inconsist\u00eancias evidentes. Ao mesmo tempo em que afirma buscar a \u201cliberdade de navega\u00e7\u00e3o\u201d, o governo dos EUA prop\u00f5e justamente restringi-la. A ret\u00f3rica de combate a uma suposta \u201cextors\u00e3o iraniana\u201d contrasta com a pr\u00f3pria iniciativa de controle militar de uma via internacional.<\/p>\n<p>Al\u00e9m disso, a insist\u00eancia no tema nuclear aparece dissociada das negocia\u00e7\u00f5es concretas. Embora Washington aponte o programa iraniano como foco central, suas a\u00e7\u00f5es recentes priorizam press\u00e3o militar e econ\u00f4mica, deslocando o eixo diplom\u00e1tico.<\/p>\n<p><strong>China, R\u00fassia e a disputa pela multipolaridade<\/strong><\/p>\n<p>A amea\u00e7a de bloquear o Estreito de Ormuz n\u00e3o \u00e9 uma medida isolada, mas parte de uma ofensiva para reconfigurar o mapa de poder no Golfo P\u00e9rsico. Ao tentar impedir que o Ir\u00e3 \u201cpedagie\u201d ou condicione o tr\u00e2nsito de embarca\u00e7\u00f5es, os EUA buscam, na verdade, garantir que nenhuma pot\u00eancia rival \u2014 especialmente China e R\u00fassia \u2014 possa usar a rota como instrumento de influ\u00eancia geopol\u00edtica.<\/p>\n<p>A presen\u00e7a da China e da R\u00fassia no Oriente M\u00e9dio tem crescido de forma consistente. Pequim \u00e9 o maior comprador de petr\u00f3leo iraniano e firmou acordos de coopera\u00e7\u00e3o de 25 anos com Teer\u00e3, incluindo investimentos em infraestrutura e energia. Moscou, por sua vez, mant\u00e9m parcerias militares e tecnol\u00f3gicas com o Ir\u00e3, al\u00e9m de coordenar posi\u00e7\u00f5es em f\u00f3runs como os BRICS e a Organiza\u00e7\u00e3o de Coopera\u00e7\u00e3o de Xangai.<\/p>\n<p><strong>Ir\u00e3 refor\u00e7a soberania e desconfian\u00e7a<\/strong><\/p>\n<p>Do lado iraniano, a resposta \u00e9 marcada pela reafirma\u00e7\u00e3o da soberania e pela rejei\u00e7\u00e3o a qualquer inger\u00eancia externa. Autoridades como\u00a0Mohammad Bagher Ghalibaf\u00a0destacaram que a confian\u00e7a nos Estados Unidos foi definitivamente rompida ap\u00f3s sucessivas tentativas frustradas de negocia\u00e7\u00e3o.<\/p>\n<p>Teer\u00e3 sustenta que o controle do estreito \u00e9 uma quest\u00e3o estrat\u00e9gica nacional e rejeita propostas de administra\u00e7\u00e3o conjunta com pot\u00eancias estrangeiras. A posi\u00e7\u00e3o iraniana se ancora no argumento de defesa territorial e no hist\u00f3rico de interven\u00e7\u00f5es externas na regi\u00e3o.<\/p>\n<p><strong>Apoio internacional e rearranjo geopol\u00edtico<\/strong><\/p>\n<p>A crise tamb\u00e9m acelera movimentos no tabuleiro internacional. O contato entre\u00a0Vladimir Putin\u00a0e o presidente iraniano sinaliza um estreitamento de rela\u00e7\u00f5es, com Moscou defendendo um cessar-fogo sob termos mais pr\u00f3ximos aos interesses de Teer\u00e3.<\/p>\n<p>A alega\u00e7\u00e3o de que o Ir\u00e3 n\u00e3o teria legitimidade para controlar ou condicionar o fluxo de navios no Estreito de Ormuz ignora elementos fundamentais do direito internacional:<\/p>\n<p>Esse alinhamento indica que a escalada promovida pelos EUA pode fortalecer blocos alternativos, aprofundando divis\u00f5es geopol\u00edticas e reduzindo o espa\u00e7o para solu\u00e7\u00f5es multilaterais.<\/p>\n<p><strong>Legitimidade do Ir\u00e3: soberania, defesa e direito internacional<\/strong><\/p>\n<ul>\n<li>Soberania territorial: O Estreito de Ormuz \u00e9 formado por \u00e1guas territoriais e zonas econ\u00f4micas exclusivas do Ir\u00e3 e de Om\u00e3. Segundo a Conven\u00e7\u00e3o das Na\u00e7\u00f5es Unidas sobre o Direito do Mar (CNUDM), Estados costeiros exercem soberania sobre suas \u00e1guas territoriais, podendo regular a passagem de embarca\u00e7\u00f5es, desde que respeitado o direito de passagem inocente.<\/li>\n<li>Medida defensiva leg\u00edtima: O fechamento do estreito pelo Ir\u00e3 foi uma resposta a mais de 40 dias de ataques militares dos EUA e Israel, que inclu\u00edram bombardeios a infraestrutura civil, assassinato de autoridades e tentativa de desestabiliza\u00e7\u00e3o do regime. Trata-se, portanto, de medida de autodefesa perante agress\u00e3o armada, amparada pelo Artigo 51 da Carta da ONU.<\/li>\n<li>Ilegalidade do bloqueio estadunidense: Ao contr\u00e1rio da a\u00e7\u00e3o iraniana, o bloqueio econ\u00f4mico e energ\u00e9tico imposto pelos EUA ao Ir\u00e3 viola frontalmente o direito internacional. San\u00e7\u00f5es unilaterais com efeito extraterritorial, amea\u00e7as de uso da for\u00e7a e intercepta\u00e7\u00e3o de navios em \u00e1guas internacionais configuram atos de agress\u00e3o, n\u00e3o de leg\u00edtima defesa.<\/li>\n<li>Proporcionalidade e seletividade: O Ir\u00e3 n\u00e3o interditou indiscriminadamente o estreito, mas condicionou a passagem ao pagamento de \u201cped\u00e1gios\u201d ou ao respeito a regras de seguran\u00e7a \u2014 pr\u00e1tica comum em rotas mar\u00edtimas sob jurisdi\u00e7\u00e3o nacional. J\u00e1 os EUA anunciam interceptar \u201ctodas as embarca\u00e7\u00f5es que tenham pago ped\u00e1gio ao Ir\u00e3\u201d, criminalizando atos leg\u00edtimos de com\u00e9rcio e navega\u00e7\u00e3o.<\/li>\n<\/ul>\n<p><strong>Resist\u00eancia soberana contra cerco imperialista<\/strong><\/p>\n<p>A disputa pelo Estreito de Ormuz n\u00e3o \u00e9, portanto, uma quest\u00e3o t\u00e9cnica de liberdade de navega\u00e7\u00e3o, mas um cap\u00edtulo central da luta pela reconfigura\u00e7\u00e3o da ordem mundial. De um lado, o imperialismo estadunidense, em decl\u00ednio relativo, recorre \u00e0 for\u00e7a militar e ao controle de rotas energ\u00e9ticas para conter rivais e manter hegemonia. De outro, o Ir\u00e3 \u2014 aliado estrat\u00e9gico de China e R\u00fassia \u2014 exerce seu direito soberano de defender seu territ\u00f3rio e seus interesses nacionais.<\/p>\n<p>A legitimidade da a\u00e7\u00e3o iraniana reside precisamente nisso: n\u00e3o se trata de \u201cextors\u00e3o\u201d, como alega Trump, mas de resist\u00eancia leg\u00edtima a um cerco ilegal. Enquanto os EUA amea\u00e7am bloquear uma rota vital para o com\u00e9rcio global, o Ir\u00e3 reafirma que a soberania sobre suas \u00e1guas n\u00e3o \u00e9 negoci\u00e1vel sob coer\u00e7\u00e3o.<\/p>\n<p><strong>Risco de guerra ampliada<\/strong><\/p>\n<p>A amea\u00e7a de bloqueio do\u00a0Estreito de Ormuz\u00a0n\u00e3o apenas intensifica a crise atual, mas eleva o risco de um conflito de maiores propor\u00e7\u00f5es. Ao optar por medidas de for\u00e7a em detrimento da diplomacia, Washington contribui para um cen\u00e1rio de instabilidade prolongada.<\/p>\n<p>Nesse contexto, a postura iraniana \u2014 centrada na defesa de sua autonomia e na resist\u00eancia \u00e0 press\u00e3o externa \u2014 ganha respaldo entre pa\u00edses que veem na a\u00e7\u00e3o dos EUA uma repeti\u00e7\u00e3o de padr\u00f5es intervencionistas. O impasse, longe de se resolver, aponta para uma escalada cujas consequ\u00eancias podem ultrapassar a regi\u00e3o do Golfo.<\/p>\n<p>O post <a href=\"https:\/\/vermelho.org.br\/2026\/04\/12\/eua-escalam-tensao-no-golfo-e-ampliam-risco-de-guerra-regional\/\">EUA escalam tens\u00e3o no Golfo e ampliam risco de guerra regional<\/a> apareceu primeiro em <a href=\"https:\/\/vermelho.org.br\/\">Vermelho<\/a>.<\/p>\n<!-- Begin Yuzo --><div class='yuzo_related_post style-1'  data-version='5.12.89'><!-- without result --><div class='yuzo_clearfixed yuzo__title yuzo__title'><h3>Related Post<\/h3><\/div>\n\t\t\t\t\t\t  <div class=\"relatedthumb \" style=\"width:125px;float:left;overflow:hidden;\">  \n\t\t\t\t\t\t\t  \n\t\t\t\t\t\t\t  <a  href=\"https:\/\/redept.com.br\/blogosfera\/trabalho-infantil-e-consequencia-de-trabalho-adulto-precarizado-denuncia-procuradora\/\"  >\n\t\t\t\t\t\t\t\t\t  <div class=\"yuzo-img-wrap \" style=\"width: 125px;height:90px;\">\n\t\t\t\t\t\t\t\t\t\t\n\t\t\t\t\t\t\t\t\t\t<div class=\"yuzo-img\" style=\"background:url('https:\/\/redept.org\/blogosfera\/wp-content\/plugins\/yuzo-related-post\/assets\/images\/default.png') 50% 50% no-repeat;width: 125px;height:90px;margin-bottom: 5px;background-size: cover; \"><\/div>\n\t\t\t\t\t\t\t\t\t  <\/div>\n\t\t\t\t\t\t\t\t\t  \n\t\t\t\t\t\t\t\t   <span class=\"yuzo__text--title\" style=\"font-size:13px;\">Trabalho infantil \u00e9 consequ\u00eancia de trabalho adult...<\/span>\n\t\t\t\t\t\t\t  \n\t\t\t\t\t\t\t  \n\t\t\t\t\t\t\t  <\/a>\n\n\t\t\t\t\t\t  <\/div>\n\t\t\t\t\t\t  <div class=\"relatedthumb \" style=\"width:125px;float:left;overflow:hidden;\">  \n\t\t\t\t\t\t\t  \n\t\t\t\t\t\t\t  <a  href=\"https:\/\/redept.com.br\/blogosfera\/trabalhador-pode-trocar-dividas-mais-caras-por-consignado-clt\/\"  >\n\t\t\t\t\t\t\t\t\t  <div class=\"yuzo-img-wrap \" style=\"width: 125px;height:90px;\">\n\t\t\t\t\t\t\t\t\t\t\n\t\t\t\t\t\t\t\t\t\t<div class=\"yuzo-img\" style=\"background:url('https:\/\/redept.org\/blogosfera\/wp-content\/plugins\/yuzo-related-post\/assets\/images\/default.png') 50% 50% no-repeat;width: 125px;height:90px;margin-bottom: 5px;background-size: cover; \"><\/div>\n\t\t\t\t\t\t\t\t\t  <\/div>\n\t\t\t\t\t\t\t\t\t  \n\t\t\t\t\t\t\t\t   <span class=\"yuzo__text--title\" style=\"font-size:13px;\">Trabalhador pode trocar d\u00edvidas mais caras por con...<\/span>\n\t\t\t\t\t\t\t  \n\t\t\t\t\t\t\t  \n\t\t\t\t\t\t\t  <\/a>\n\n\t\t\t\t\t\t  <\/div>\n\t\t\t\t\t\t  <div class=\"relatedthumb \" style=\"width:125px;float:left;overflow:hidden;\">  \n\t\t\t\t\t\t\t  \n\t\t\t\t\t\t\t  <a  href=\"https:\/\/redept.com.br\/blogosfera\/microsoft-cancela-contratos-com-israel-por-vigilancia-de-palestinos\/\"  >\n\t\t\t\t\t\t\t\t\t  <div class=\"yuzo-img-wrap \" style=\"width: 125px;height:90px;\">\n\t\t\t\t\t\t\t\t\t\t\n\t\t\t\t\t\t\t\t\t\t<div class=\"yuzo-img\" style=\"background:url('https:\/\/redept.com.br\/blogosfera\/wp-content\/uploads\/2025\/09\/image1170x530cropped-1-150x150.jpg') 50% 50% no-repeat;width: 125px;height:90px;margin-bottom: 5px;background-size: cover; \"><\/div>\n\t\t\t\t\t\t\t\t\t  <\/div>\n\t\t\t\t\t\t\t\t\t  \n\t\t\t\t\t\t\t\t   <span class=\"yuzo__text--title\" style=\"font-size:13px;\">Microsoft cancela contratos com Israel por vigil\u00e2n...<\/span>\n\t\t\t\t\t\t\t  \n\t\t\t\t\t\t\t  \n\t\t\t\t\t\t\t  <\/a>\n\n\t\t\t\t\t\t  <\/div>\n\t\t\t\t\t\t  <div class=\"relatedthumb \" style=\"width:125px;float:left;overflow:hidden;\">  \n\t\t\t\t\t\t\t  \n\t\t\t\t\t\t\t  <a  href=\"https:\/\/redept.com.br\/blogosfera\/mpf-recorre-ao-stf-para-que-torturador-ustra-perca-cargo-publico-por-atos-na-ditadura\/\"  >\n\t\t\t\t\t\t\t\t\t  <div class=\"yuzo-img-wrap \" style=\"width: 125px;height:90px;\">\n\t\t\t\t\t\t\t\t\t\t\n\t\t\t\t\t\t\t\t\t\t<div class=\"yuzo-img\" style=\"background:url('https:\/\/redept.org\/blogosfera\/wp-content\/plugins\/yuzo-related-post\/assets\/images\/default.png') 50% 50% no-repeat;width: 125px;height:90px;margin-bottom: 5px;background-size: cover; \"><\/div>\n\t\t\t\t\t\t\t\t\t  <\/div>\n\t\t\t\t\t\t\t\t\t  \n\t\t\t\t\t\t\t\t   <span class=\"yuzo__text--title\" style=\"font-size:13px;\">MPF recorre ao STF para que torturador Ustra perca...<\/span>\n\t\t\t\t\t\t\t  \n\t\t\t\t\t\t\t  \n\t\t\t\t\t\t\t  <\/a>\n\n\t\t\t\t\t\t  <\/div>\n<\/div> <script>\n\t\t\t\t\t\t  jQuery(document).ready(function( $ ){\n\t\t\t\t\t\t\t\/\/jQuery('.yuzo_related_post').equalizer({ overflow : 'relatedthumb' });\n\t\t\t\t\t\t\tjQuery('.yuzo_related_post .yuzo_wraps').equalizer({ columns : '> div' });\n\t\t\t\t\t\t   })\n\t\t\t\t\t\t  <\/script> <!-- End Yuzo :) -->","protected":false},"excerpt":{"rendered":"<p>Ap\u00f3s o fracasso das negocia\u00e7\u00f5es de cessar-fogo realizadas em Islamabad, no Paquist\u00e3o, o presidente dos Estados Unidos, Donald Trump, anunciou que a Marinha americana iniciar\u00e1 o bloqueio de todos os navios que tentarem entrar ou sair do Estreito de Ormuz. A declara\u00e7\u00e3o foi feita em publica\u00e7\u00e3o nas redes sociais, na qual Trump afirmou que a [&hellip;]<\/p>\n","protected":false},"author":2,"featured_media":0,"comment_status":"open","ping_status":"closed","sticky":false,"template":"","format":"standard","meta":{"fifu_image_url":"","fifu_image_alt":"","footnotes":""},"categories":[2000,292,8650,9,1115,50,41,3798,19097,5534,43,1048],"tags":[],"class_list":["post-82591","post","type-post","status-publish","format-standard","hentry","category-cessar-fogo","category-china","category-estreito-de-ormuz","category-eua","category-imperialismo","category-internacional","category-ira","category-multipolaridade","category-negociacao-de-paz","category-paquistao","category-russia","category-soberania"],"_links":{"self":[{"href":"https:\/\/redept.com.br\/blogosfera\/wp-json\/wp\/v2\/posts\/82591","targetHints":{"allow":["GET"]}}],"collection":[{"href":"https:\/\/redept.com.br\/blogosfera\/wp-json\/wp\/v2\/posts"}],"about":[{"href":"https:\/\/redept.com.br\/blogosfera\/wp-json\/wp\/v2\/types\/post"}],"author":[{"embeddable":true,"href":"https:\/\/redept.com.br\/blogosfera\/wp-json\/wp\/v2\/users\/2"}],"replies":[{"embeddable":true,"href":"https:\/\/redept.com.br\/blogosfera\/wp-json\/wp\/v2\/comments?post=82591"}],"version-history":[{"count":0,"href":"https:\/\/redept.com.br\/blogosfera\/wp-json\/wp\/v2\/posts\/82591\/revisions"}],"wp:attachment":[{"href":"https:\/\/redept.com.br\/blogosfera\/wp-json\/wp\/v2\/media?parent=82591"}],"wp:term":[{"taxonomy":"category","embeddable":true,"href":"https:\/\/redept.com.br\/blogosfera\/wp-json\/wp\/v2\/categories?post=82591"},{"taxonomy":"post_tag","embeddable":true,"href":"https:\/\/redept.com.br\/blogosfera\/wp-json\/wp\/v2\/tags?post=82591"}],"curies":[{"name":"wp","href":"https:\/\/api.w.org\/{rel}","templated":true}]}}