{"id":82674,"date":"2026-04-13T10:52:14","date_gmt":"2026-04-13T13:52:14","guid":{"rendered":"https:\/\/redept.com.br\/blogosfera\/russia-diz-que-resultado-das-eleicoes-na-hungria-nao-afetara-conflito-na-ucrania\/"},"modified":"2026-04-13T10:52:14","modified_gmt":"2026-04-13T13:52:14","slug":"russia-diz-que-resultado-das-eleicoes-na-hungria-nao-afetara-conflito-na-ucrania","status":"publish","type":"post","link":"https:\/\/redept.com.br\/blogosfera\/russia-diz-que-resultado-das-eleicoes-na-hungria-nao-afetara-conflito-na-ucrania\/","title":{"rendered":"R\u00fassia diz que resultado das elei\u00e7\u00f5es na Hungria n\u00e3o afetar\u00e1 conflito na Ucr\u00e2nia"},"content":{"rendered":"<p>O porta-voz da presid\u00eancia russa, Dmitry Peskov, comentou o resultado das elei\u00e7\u00f5es na Hungria no \u00faltimo domingo (12) e afirmou que a vota\u00e7\u00e3o n\u00e3o afetar\u00e1 o conflito na Ucr\u00e2nia. \u201cN\u00e3o creio que isso tenha qualquer rela\u00e7\u00e3o com o futuro do conflito russo-ucraniano. S\u00e3o processos provavelmente diferentes. Portanto, n\u00e3o vejo nenhuma liga\u00e7\u00e3o\u201d, disse a jornalistas nesta [\u2026]<\/p>\n<p><a href=\"https:\/\/www.brasildefato.com.br\/2026\/04\/13\/russia-diz-que-resultado-das-eleicoes-na-hungria-nao-afetara-conflito-na-ucrania\/\" rel=\"nofollow\">Fonte<\/a><\/p>\n<!-- Begin Yuzo --><div class='yuzo_related_post style-1'  data-version='5.12.89'><!-- without result --><div class='yuzo_clearfixed yuzo__title yuzo__title'><h3>Related Post<\/h3><\/div>\n\t\t\t\t\t\t  <div class=\"relatedthumb \" style=\"width:125px;float:left;overflow:hidden;\">  \n\t\t\t\t\t\t\t  \n\t\t\t\t\t\t\t  <a  href=\"https:\/\/redept.com.br\/blogosfera\/o-rio-de-janeiro-em-carnaval-no-fogo-uma-cidade-carioca-demais\/\"  >\n\t\t\t\t\t\t\t\t\t  <div class=\"yuzo-img-wrap \" style=\"width: 125px;height:90px;\">\n\t\t\t\t\t\t\t\t\t\t\n\t\t\t\t\t\t\t\t\t\t<div class=\"yuzo-img\" style=\"background:url('https:\/\/redept.com.br\/blogosfera\/wp-content\/uploads\/2025\/03\/carnaval-no-fogo-150x150.jpg') 50% 50% no-repeat;width: 125px;height:90px;margin-bottom: 5px;background-size: cover; \"><\/div>\n\t\t\t\t\t\t\t\t\t  <\/div>\n\t\t\t\t\t\t\t\t\t  \n\t\t\t\t\t\t\t\t   <span class=\"yuzo__text--title\" style=\"font-size:13px;\">O Rio de Janeiro em \u2018Carnaval no Fogo\u2019: uma cidade...<\/span>\n\t\t\t\t\t\t\t  \n\t\t\t\t\t\t\t  \n\t\t\t\t\t\t\t  <\/a>\n\n\t\t\t\t\t\t  <\/div>\n\t\t\t\t\t\t  <div class=\"relatedthumb \" style=\"width:125px;float:left;overflow:hidden;\">  \n\t\t\t\t\t\t\t  \n\t\t\t\t\t\t\t  <a  href=\"https:\/\/redept.com.br\/blogosfera\/glauber-braga-encerra-greve-de-fome-apos-200-horas\/\"  >\n\t\t\t\t\t\t\t\t\t  <div class=\"yuzo-img-wrap \" style=\"width: 125px;height:90px;\">\n\t\t\t\t\t\t\t\t\t\t\n\t\t\t\t\t\t\t\t\t\t<div class=\"yuzo-img\" style=\"background:url('https:\/\/redept.org\/blogosfera\/wp-content\/plugins\/yuzo-related-post\/assets\/images\/default.png') 50% 50% no-repeat;width: 125px;height:90px;margin-bottom: 5px;background-size: cover; \"><\/div>\n\t\t\t\t\t\t\t\t\t  <\/div>\n\t\t\t\t\t\t\t\t\t  \n\t\t\t\t\t\t\t\t   <span class=\"yuzo__text--title\" style=\"font-size:13px;\">Glauber Braga encerra greve de fome ap\u00f3s 200 horas...<\/span>\n\t\t\t\t\t\t\t  \n\t\t\t\t\t\t\t  \n\t\t\t\t\t\t\t  <\/a>\n\n\t\t\t\t\t\t  <\/div>\n\t\t\t\t\t\t  <div class=\"relatedthumb \" style=\"width:125px;float:left;overflow:hidden;\">  \n\t\t\t\t\t\t\t  \n\t\t\t\t\t\t\t  <a  href=\"https:\/\/redept.com.br\/blogosfera\/o-impasse-na-ucrania-e-os-devaneios-da-otan\/\"  >\n\t\t\t\t\t\t\t\t\t  <div class=\"yuzo-img-wrap \" style=\"width: 125px;height:90px;\">\n\t\t\t\t\t\t\t\t\t\t\n\t\t\t\t\t\t\t\t\t\t<div class=\"yuzo-img\" style=\"background:url('https:\/\/redept.com.br\/blogosfera\/wp-content\/uploads\/2026\/08\/photo_5179191437961137472_y-150x150.jpg') 50% 50% no-repeat;width: 125px;height:90px;margin-bottom: 5px;background-size: cover; \"><\/div>\n\t\t\t\t\t\t\t\t\t  <\/div>\n\t\t\t\t\t\t\t\t\t  \n\t\t\t\t\t\t\t\t   <span class=\"yuzo__text--title\" style=\"font-size:13px;\">O impasse na Ucr\u00e2nia e os devaneios da Otan<\/span>\n\t\t\t\t\t\t\t  \n\t\t\t\t\t\t\t  \n\t\t\t\t\t\t\t  <\/a>\n\n\t\t\t\t\t\t  <\/div>\n\t\t\t\t\t\t  <div class=\"relatedthumb \" style=\"width:125px;float:left;overflow:hidden;\">  \n\t\t\t\t\t\t\t  \n\t\t\t\t\t\t\t  <a  href=\"https:\/\/redept.com.br\/blogosfera\/exposicao-na-alesp-lembra-os-100-anos-da-coluna-prestes\/\"  >\n\t\t\t\t\t\t\t\t\t  <div class=\"yuzo-img-wrap \" style=\"width: 125px;height:90px;\">\n\t\t\t\t\t\t\t\t\t\t\n\t\t\t\t\t\t\t\t\t\t<div class=\"yuzo-img\" style=\"background:url('https:\/\/redept.org\/blogosfera\/wp-content\/plugins\/yuzo-related-post\/assets\/images\/default.png') 50% 50% no-repeat;width: 125px;height:90px;margin-bottom: 5px;background-size: cover; \"><\/div>\n\t\t\t\t\t\t\t\t\t  <\/div>\n\t\t\t\t\t\t\t\t\t  \n\t\t\t\t\t\t\t\t   <span class=\"yuzo__text--title\" style=\"font-size:13px;\">Exposi\u00e7\u00e3o na Alesp lembra os 100 anos da Coluna Pr...<\/span>\n\t\t\t\t\t\t\t  \n\t\t\t\t\t\t\t  \n\t\t\t\t\t\t\t  <\/a>\n\n\t\t\t\t\t\t  <\/div>\n<\/div> <script>\n\t\t\t\t\t\t  jQuery(document).ready(function( $ ){\n\t\t\t\t\t\t\t\/\/jQuery('.yuzo_related_post').equalizer({ overflow : 'relatedthumb' });\n\t\t\t\t\t\t\tjQuery('.yuzo_related_post .yuzo_wraps').equalizer({ columns : '> div' });\n\t\t\t\t\t\t   })\n\t\t\t\t\t\t  <\/script> <!-- End Yuzo :) -->","protected":false},"excerpt":{"rendered":"<p>O porta-voz da presid\u00eancia russa, Dmitry Peskov, comentou o resultado das elei\u00e7\u00f5es na Hungria no \u00faltimo domingo (12) e afirmou que a vota\u00e7\u00e3o n\u00e3o afetar\u00e1 o conflito na Ucr\u00e2nia. \u201cN\u00e3o creio que isso tenha qualquer rela\u00e7\u00e3o com o futuro do conflito russo-ucraniano. S\u00e3o processos provavelmente diferentes. Portanto, n\u00e3o vejo nenhuma liga\u00e7\u00e3o\u201d, disse a jornalistas nesta [&hellip;]<\/p>\n","protected":false},"author":2,"featured_media":0,"comment_status":"open","ping_status":"closed","sticky":false,"template":"","format":"standard","meta":{"fifu_image_url":"","fifu_image_alt":"","footnotes":""},"categories":[10786,25386,46724,46725,1026,46726,7003,1392,46727,46728,46729,46555,40413,1312,23,2147,6334,50,1450,16016,46558,46559,36587,332,46711,42,1315,43,46730,4671,372,1170,4803,1422],"tags":[],"class_list":["post-82674","post","type-post","status-publish","format-standard","hentry","category-bruxelas","category-budapeste","category-conflito-russo-ucraniano","category-crise-na-ucrania","category-diplomacia","category-diplomacia-russa","category-dmitry-peskov","category-eleicao","category-eleicoes-na-hungria","category-eleicoes-parlamentares","category-energia-russa","category-fidesz","category-gasoduto-druzhba","category-geopolitica","category-guerra","category-guerra-na-ucrania","category-hungria","category-internacional","category-moscou","category-noticias-internacionais","category-partido-tisza","category-peter-magyar","category-politica-europeia","category-politica-externa","category-politica-hungara","category-putin","category-relacoes-internacionais","category-russia","category-sancoes-contra-a-russia","category-seguranca-energetica","category-ucrania","category-uniao-europeia","category-viktor-orban","category-vladimir-putin"],"_links":{"self":[{"href":"https:\/\/redept.com.br\/blogosfera\/wp-json\/wp\/v2\/posts\/82674","targetHints":{"allow":["GET"]}}],"collection":[{"href":"https:\/\/redept.com.br\/blogosfera\/wp-json\/wp\/v2\/posts"}],"about":[{"href":"https:\/\/redept.com.br\/blogosfera\/wp-json\/wp\/v2\/types\/post"}],"author":[{"embeddable":true,"href":"https:\/\/redept.com.br\/blogosfera\/wp-json\/wp\/v2\/users\/2"}],"replies":[{"embeddable":true,"href":"https:\/\/redept.com.br\/blogosfera\/wp-json\/wp\/v2\/comments?post=82674"}],"version-history":[{"count":0,"href":"https:\/\/redept.com.br\/blogosfera\/wp-json\/wp\/v2\/posts\/82674\/revisions"}],"wp:attachment":[{"href":"https:\/\/redept.com.br\/blogosfera\/wp-json\/wp\/v2\/media?parent=82674"}],"wp:term":[{"taxonomy":"category","embeddable":true,"href":"https:\/\/redept.com.br\/blogosfera\/wp-json\/wp\/v2\/categories?post=82674"},{"taxonomy":"post_tag","embeddable":true,"href":"https:\/\/redept.com.br\/blogosfera\/wp-json\/wp\/v2\/tags?post=82674"}],"curies":[{"name":"wp","href":"https:\/\/api.w.org\/{rel}","templated":true}]}}