{"id":82797,"date":"2026-04-13T18:03:52","date_gmt":"2026-04-13T21:03:52","guid":{"rendered":"https:\/\/redept.com.br\/blogosfera\/coletivo-feminino-plural-completa-30-anos-de-historia-em-defesa-da-vida-das-mulheres\/"},"modified":"2026-04-13T18:03:52","modified_gmt":"2026-04-13T21:03:52","slug":"coletivo-feminino-plural-completa-30-anos-de-historia-em-defesa-da-vida-das-mulheres","status":"publish","type":"post","link":"https:\/\/redept.com.br\/blogosfera\/coletivo-feminino-plural-completa-30-anos-de-historia-em-defesa-da-vida-das-mulheres\/","title":{"rendered":"Coletivo Feminino Plural completa 30 anos de hist\u00f3ria em defesa da vida das mulheres"},"content":{"rendered":"<p>Com gest\u00e3o compartilhada e perspectiva interseccional, o coletivo aposta na constru\u00e7\u00e3o de espa\u00e7os de escuta e fortalecimento<\/p>\n<p><a href=\"https:\/\/www.brasildefato.com.br\/2026\/04\/13\/coletivo-feminino-plural-completa-30-anos-de-historia-em-defesa-da-vida-das-mulheres\/\" rel=\"nofollow\">Fonte<\/a><\/p>\n<!-- Begin Yuzo --><div class='yuzo_related_post style-1'  data-version='5.12.89'><!-- without result --><div class='yuzo_clearfixed yuzo__title yuzo__title'><h3>Related Post<\/h3><\/div>\n\t\t\t\t\t\t  <div class=\"relatedthumb \" style=\"width:125px;float:left;overflow:hidden;\">  \n\t\t\t\t\t\t\t  \n\t\t\t\t\t\t\t  <a  href=\"https:\/\/redept.com.br\/blogosfera\/inss-aposentados-e-pensionistas-vao-receber-mais-cedo-em-marco\/\"  >\n\t\t\t\t\t\t\t\t\t  <div class=\"yuzo-img-wrap \" style=\"width: 125px;height:90px;\">\n\t\t\t\t\t\t\t\t\t\t\n\t\t\t\t\t\t\t\t\t\t<div class=\"yuzo-img\" style=\"background:url('https:\/\/redept.com.br\/blogosfera\/wp-content\/uploads\/2025\/02\/Captura-de-Tela-2025-02-28-as-09.51.40-150x150.png') 50% 50% no-repeat;width: 125px;height:90px;margin-bottom: 5px;background-size: cover; \"><\/div>\n\t\t\t\t\t\t\t\t\t  <\/div>\n\t\t\t\t\t\t\t\t\t  \n\t\t\t\t\t\t\t\t   <span class=\"yuzo__text--title\" style=\"font-size:13px;\">INSS: Aposentados e pensionistas v\u00e3o receber mais ...<\/span>\n\t\t\t\t\t\t\t  \n\t\t\t\t\t\t\t  \n\t\t\t\t\t\t\t  <\/a>\n\n\t\t\t\t\t\t  <\/div>\n\t\t\t\t\t\t  <div class=\"relatedthumb \" style=\"width:125px;float:left;overflow:hidden;\">  \n\t\t\t\t\t\t\t  \n\t\t\t\t\t\t\t  <a  href=\"https:\/\/redept.com.br\/blogosfera\/onu-apoia-venezuela-contra-pressoes-dos-eua-e-maduro-celebra-vitoria-diplomatica\/\"  >\n\t\t\t\t\t\t\t\t\t  <div class=\"yuzo-img-wrap \" style=\"width: 125px;height:90px;\">\n\t\t\t\t\t\t\t\t\t\t\n\t\t\t\t\t\t\t\t\t\t<div class=\"yuzo-img\" style=\"background:url('https:\/\/redept.org\/blogosfera\/wp-content\/plugins\/yuzo-related-post\/assets\/images\/default.png') 50% 50% no-repeat;width: 125px;height:90px;margin-bottom: 5px;background-size: cover; \"><\/div>\n\t\t\t\t\t\t\t\t\t  <\/div>\n\t\t\t\t\t\t\t\t\t  \n\t\t\t\t\t\t\t\t   <span class=\"yuzo__text--title\" style=\"font-size:13px;\">ONU apoia Venezuela contra press\u00f5es dos EUA e Madu...<\/span>\n\t\t\t\t\t\t\t  \n\t\t\t\t\t\t\t  \n\t\t\t\t\t\t\t  <\/a>\n\n\t\t\t\t\t\t  <\/div>\n\t\t\t\t\t\t  <div class=\"relatedthumb \" style=\"width:125px;float:left;overflow:hidden;\">  \n\t\t\t\t\t\t\t  \n\t\t\t\t\t\t\t  <a  href=\"https:\/\/redept.com.br\/blogosfera\/reimont-respeitem-a-memoria-e-a-historia\/\"  >\n\t\t\t\t\t\t\t\t\t  <div class=\"yuzo-img-wrap \" style=\"width: 125px;height:90px;\">\n\t\t\t\t\t\t\t\t\t\t\n\t\t\t\t\t\t\t\t\t\t<div class=\"yuzo-img\" style=\"background:url('https:\/\/redept.org\/blogosfera\/wp-content\/plugins\/yuzo-related-post\/assets\/images\/default.png') 50% 50% no-repeat;width: 125px;height:90px;margin-bottom: 5px;background-size: cover; \"><\/div>\n\t\t\t\t\t\t\t\t\t  <\/div>\n\t\t\t\t\t\t\t\t\t  \n\t\t\t\t\t\t\t\t   <span class=\"yuzo__text--title\" style=\"font-size:13px;\">Reimont: Respeitem a mem\u00f3ria e a hist\u00f3ria<\/span>\n\t\t\t\t\t\t\t  \n\t\t\t\t\t\t\t  \n\t\t\t\t\t\t\t  <\/a>\n\n\t\t\t\t\t\t  <\/div>\n\t\t\t\t\t\t  <div class=\"relatedthumb \" style=\"width:125px;float:left;overflow:hidden;\">  \n\t\t\t\t\t\t\t  \n\t\t\t\t\t\t\t  <a  href=\"https:\/\/redept.com.br\/blogosfera\/bolsonaro-e-o-ineditismo-de-sua-condenacao-o-primeiro-ex-presidente-a-ser-condenado-por-jurisdicao-nacional\/\"  >\n\t\t\t\t\t\t\t\t\t  <div class=\"yuzo-img-wrap \" style=\"width: 125px;height:90px;\">\n\t\t\t\t\t\t\t\t\t\t\n\t\t\t\t\t\t\t\t\t\t<div class=\"yuzo-img\" style=\"background:url('https:\/\/redept.org\/blogosfera\/wp-content\/plugins\/yuzo-related-post\/assets\/images\/default.png') 50% 50% no-repeat;width: 125px;height:90px;margin-bottom: 5px;background-size: cover; \"><\/div>\n\t\t\t\t\t\t\t\t\t  <\/div>\n\t\t\t\t\t\t\t\t\t  \n\t\t\t\t\t\t\t\t   <span class=\"yuzo__text--title\" style=\"font-size:13px;\">Bolsonaro e o ineditismo de sua condena\u00e7\u00e3o: o prim...<\/span>\n\t\t\t\t\t\t\t  \n\t\t\t\t\t\t\t  \n\t\t\t\t\t\t\t  <\/a>\n\n\t\t\t\t\t\t  <\/div>\n<\/div> <script>\n\t\t\t\t\t\t  jQuery(document).ready(function( $ ){\n\t\t\t\t\t\t\t\/\/jQuery('.yuzo_related_post').equalizer({ overflow : 'relatedthumb' });\n\t\t\t\t\t\t\tjQuery('.yuzo_related_post .yuzo_wraps').equalizer({ columns : '> div' });\n\t\t\t\t\t\t   })\n\t\t\t\t\t\t  <\/script> <!-- End Yuzo :) -->","protected":false},"excerpt":{"rendered":"<p>Com gest\u00e3o compartilhada e perspectiva interseccional, o coletivo aposta na constru\u00e7\u00e3o de espa\u00e7os de escuta e fortalecimento Fonte Related Post C\u00e9us de 2025: eclipses, cometas, alinhamento de pl&#8230; Peruanos v\u00e3o \u00e0s urnas escolher novo presidente ent&#8230; MST na Bahia realiza 2\u00ba Semin\u00e1rio Estadual de Educ&#8230; Sem Neymar e com Hugo Souza: 25 jogadores s\u00e3o conv&#8230;<\/p>\n","protected":false},"author":2,"featured_media":0,"comment_status":"open","ping_status":"closed","sticky":false,"template":"","format":"standard","meta":{"fifu_image_url":"","fifu_image_alt":"","footnotes":""},"categories":[46889,46890,28437,46891,45922,444,307,41801,46892,1088,2859,46893,46894,46895,25009,4778,46896,46897,46898,1782,3477,46899,46900,5507,214,42553,19,46901,46902,1090,46903],"tags":[],"class_list":["post-82797","post","type-post","status-publish","format-standard","hentry","category-avaliacao-de-risco","category-centro-de-referencia-para-mulheres","category-coletivo-feminino-plural","category-crm-patricia-esber","category-dignidade-menstrual","category-direitos-das-mulheres","category-direitos-humanos","category-enfrentamento-a-violencia","category-espaco-feminista-enid-backes","category-feminicidio","category-feminismo","category-formacao-feminista","category-garotas-de-vermelho","category-grupos-reflexivos-para-homens","category-interseccionalidade","category-lei-maria-da-penha","category-lupa-feminista","category-mariza-iracet","category-memoria-feminista","category-misoginia","category-movimento-feminista","category-observatorio-de-feminicidios","category-ocupa-sapatao","category-patriarcado","category-politicas-publicas","category-rede-de-protecao","category-rio-grande-do-sul","category-saude-lbt","category-semana-da-visibilidade-lesbica","category-violencia-de-genero","category-violencia-digital"],"_links":{"self":[{"href":"https:\/\/redept.com.br\/blogosfera\/wp-json\/wp\/v2\/posts\/82797","targetHints":{"allow":["GET"]}}],"collection":[{"href":"https:\/\/redept.com.br\/blogosfera\/wp-json\/wp\/v2\/posts"}],"about":[{"href":"https:\/\/redept.com.br\/blogosfera\/wp-json\/wp\/v2\/types\/post"}],"author":[{"embeddable":true,"href":"https:\/\/redept.com.br\/blogosfera\/wp-json\/wp\/v2\/users\/2"}],"replies":[{"embeddable":true,"href":"https:\/\/redept.com.br\/blogosfera\/wp-json\/wp\/v2\/comments?post=82797"}],"version-history":[{"count":0,"href":"https:\/\/redept.com.br\/blogosfera\/wp-json\/wp\/v2\/posts\/82797\/revisions"}],"wp:attachment":[{"href":"https:\/\/redept.com.br\/blogosfera\/wp-json\/wp\/v2\/media?parent=82797"}],"wp:term":[{"taxonomy":"category","embeddable":true,"href":"https:\/\/redept.com.br\/blogosfera\/wp-json\/wp\/v2\/categories?post=82797"},{"taxonomy":"post_tag","embeddable":true,"href":"https:\/\/redept.com.br\/blogosfera\/wp-json\/wp\/v2\/tags?post=82797"}],"curies":[{"name":"wp","href":"https:\/\/api.w.org\/{rel}","templated":true}]}}