{"id":82909,"date":"2026-04-14T13:09:17","date_gmt":"2026-04-14T16:09:17","guid":{"rendered":"https:\/\/redept.com.br\/blogosfera\/dignidade-menstrual-avanca-e-alcanca-3-milhoes-em-todo-o-pais\/"},"modified":"2026-04-14T13:09:17","modified_gmt":"2026-04-14T16:09:17","slug":"dignidade-menstrual-avanca-e-alcanca-3-milhoes-em-todo-o-pais","status":"publish","type":"post","link":"https:\/\/redept.com.br\/blogosfera\/dignidade-menstrual-avanca-e-alcanca-3-milhoes-em-todo-o-pais\/","title":{"rendered":"Dignidade menstrual avan\u00e7a e alcan\u00e7a 3 milh\u00f5es em todo o pa\u00eds"},"content":{"rendered":"<p><img loading=\"lazy\" width=\"1024\" height=\"576\"src=\"https:\/\/redept.com.br\/blogosfera\/wp-content\/uploads\/2026\/04\/Foto_Jeronimo-Gonzalez_MS.png\" alt=\"\" decoding=\"async\" loading=\"lazy\" srcset=\"https:\/\/vermelho.org.br\/wp-content\/uploads\/2026\/04\/Foto_Jeronimo-Gonzalez_MS-1024x576.png 1024w, https:\/\/vermelho.org.br\/wp-content\/uploads\/2026\/04\/Foto_Jeronimo-Gonzalez_MS-300x169.png 300w, https:\/\/vermelho.org.br\/wp-content\/uploads\/2026\/04\/Foto_Jeronimo-Gonzalez_MS-768x432.png 768w, https:\/\/redept.com.br\/blogosfera\/wp-content\/uploads\/2026\/04\/Foto_Jeronimo-Gonzalez_MS.png 1200w\" sizes=\"auto, (max-width: 1024px) 100vw, 1024px\"><\/p>\n<p>Mais de tr\u00eas milh\u00f5es de mulheres e meninas beneficiadas, quase 500 milh\u00f5es de absorventes distribu\u00eddos e R$ 248 milh\u00f5es investidos em apenas dois anos. Os n\u00fameros do programa Dignidade Menstrual revelam mais do que uma a\u00e7\u00e3o de governo: exp\u00f5em uma realidade hist\u00f3rica de exclus\u00e3o que atinge milh\u00f5es de brasileiras. Em um pa\u00eds onde menstruar ainda pode significar faltar \u00e0 escola, deixar de trabalhar ou improvisar com materiais insalubres, garantir acesso a absorventes \u00e9 garantir dignidade b\u00e1sica.<\/p>\n<p>A chamada pobreza menstrual n\u00e3o \u00e9 um problema individual. \u00c9 uma express\u00e3o direta das desigualdades sociais, de g\u00eanero e de ra\u00e7a que estruturam a sociedade brasileira. Segundo dados do pr\u00f3prio programa, 1 em cada 4 meninas j\u00e1 faltou \u00e0 escola durante o per\u00edodo menstrual. Cerca de 4 milh\u00f5es de estudantes n\u00e3o t\u00eam acesso adequado a banheiros, papel higi\u00eanico ou absorventes nas escolas. Apenas 20% se sentiram bem informadas quando menstruaram pela primeira vez.<\/p>\n<p>A precariedade se traduz em escolhas for\u00e7adas: 33% das mulheres j\u00e1 recorreram ao papel higi\u00eanico no lugar do absorvente, enquanto 32% das jovens entre 14 e 24 anos afirmam j\u00e1 ter ficado sem dinheiro para comprar o item. De acordo com o Unicef, muitas pessoas utilizam panos sujos, jornais e outros materiais improvisados, aumentando o risco de infec\u00e7\u00f5es e problemas de sa\u00fade.<\/p>\n<p>Essa realidade atinge de forma ainda mais brutal mulheres e meninas negras, perif\u00e9ricas e em situa\u00e7\u00e3o de rua. \u00c9 a desigualdade de classe somada \u00e0 desigualdade de g\u00eanero \u2014 e, muitas vezes, de ra\u00e7a \u2014 que transforma um processo biol\u00f3gico em mais um mecanismo de exclus\u00e3o social.<\/p>\n<p><strong>Conquista dos movimentos sociais<\/strong><\/p>\n<p>O avan\u00e7o representado pelo programa n\u00e3o surgiu do acaso. \u00c9 fruto de anos de mobiliza\u00e7\u00e3o dos movimentos feministas e populares, que transformaram uma demanda invisibilizada em pol\u00edtica p\u00fablica. A aprova\u00e7\u00e3o da Lei n\u00ba 14.214\/2021 foi um marco ao estabelecer a distribui\u00e7\u00e3o gratuita de absorventes como direito.<\/p>\n<p>A regulamenta\u00e7\u00e3o veio com o Decreto n\u00ba 11.432\/2023, assinado em 8 de mar\u00e7o, Dia Internacional das Mulheres, consolidando o programa como pol\u00edtica nacional. J\u00e1 a implementa\u00e7\u00e3o come\u00e7ou a ganhar escala em 2024, por meio do Farm\u00e1cia Popular. Trata-se de uma conquista concreta da luta pol\u00edtica.<\/p>\n<p><strong>Como funciona o acesso<\/strong><\/p>\n<p>O programa atende pessoas entre 10 e 49 anos inscritas no Cad\u00danico, com renda de at\u00e9 R$ 218 por pessoa, al\u00e9m de estudantes de baixa renda da rede p\u00fablica e pessoas em situa\u00e7\u00e3o de rua. A cada 56 dias, s\u00e3o disponibilizados 40 absorventes, cobrindo dois ciclos menstruais.<\/p>\n<p>A retirada \u00e9 feita em farm\u00e1cias credenciadas ao Farm\u00e1cia Popular, presente em mais de 4.600 munic\u00edpios. A autoriza\u00e7\u00e3o pode ser gerada pelo aplicativo ou site Meu SUS Digital ou diretamente em uma Unidade B\u00e1sica de Sa\u00fade (UBS), possibilidade ampliada desde 2025. Tamb\u00e9m foram incorporadas notifica\u00e7\u00f5es via WhatsApp e Gov.br, facilitando o acesso.<\/p>\n<p>Um avan\u00e7o importante \u00e9 que adolescentes podem retirar os absorventes sem necessidade de respons\u00e1vel legal \u2014 medida que reconhece a autonomia e a urg\u00eancia da necessidade.<\/p>\n<p><strong>Impacto vai al\u00e9m da sa\u00fade<\/strong><\/p>\n<p>Para o coordenador-geral do Farm\u00e1cia Popular, Bruno Fernandes, o alcance do programa ultrapassa a quest\u00e3o sanit\u00e1ria. \u201cEstudos mostram que meninas em idade escolar perdem de quatro a seis dias de aula por m\u00eas por falta de absorventes. Estamos falando de impacto direto na educa\u00e7\u00e3o, no trabalho, no lazer e na igualdade de oportunidades\u201d, destaca.<\/p>\n<p>A pol\u00edtica p\u00fablica, portanto, atua como ferramenta de combate \u00e0 evas\u00e3o escolar e \u00e0 desigualdade de g\u00eanero.<\/p>\n<p>Mais do que distribuir absorventes, o programa tamb\u00e9m investe em educa\u00e7\u00e3o em sa\u00fade menstrual. A proposta \u00e9 romper tabus hist\u00f3ricos, combater a desinforma\u00e7\u00e3o e tratar a menstrua\u00e7\u00e3o como parte da sa\u00fade integral \u2014 e n\u00e3o como vergonha ou doen\u00e7a.<\/p>\n<p>O sil\u00eancio em torno do tema tem consequ\u00eancias graves. Doen\u00e7as como a Endometriose, por exemplo, levam em m\u00e9dia sete anos para serem diagnosticadas no Brasil. Estima-se que cerca de 8 milh\u00f5es de brasileiras convivam com a condi\u00e7\u00e3o, muitas vezes sem acesso \u00e0 informa\u00e7\u00e3o e tratamento adequados. Enfrentar a pobreza menstrual tamb\u00e9m significa enfrentar o preconceito, a desinforma\u00e7\u00e3o e a neglig\u00eancia hist\u00f3rica com a sa\u00fade das mulheres.<\/p>\n<p><strong>Pol\u00edtica p\u00fablica que transforma vidas<\/strong><\/p>\n<p>Os n\u00fameros do Programa Dignidade Menstrual n\u00e3o s\u00e3o apenas estat\u00edsticas. S\u00e3o hist\u00f3rias concretas de meninas que voltam \u00e0 escola, de mulheres que conseguem trabalhar com dignidade, de pessoas que deixam de improvisar solu\u00e7\u00f5es insalubres para algo b\u00e1sico.<\/p>\n<p>Em dois anos, mais de 3 milh\u00f5es de beneficiadas representam a prova de que pol\u00edticas p\u00fablicas progressistas, quando orientadas pela justi\u00e7a social, transformam realidades. Garantir o direito de menstruar com dignidade \u00e9 um passo essencial para reduzir desigualdades hist\u00f3ricas no Brasil. E ampliar o alcance dessa pol\u00edtica \u00e9 uma tarefa coletiva.<\/p>\n<p>__<br \/><em><em>com informa\u00e7\u00f5es do Minist\u00e9rio da Sa\u00fade<\/em><\/em><\/p>\n<p>O post <a href=\"https:\/\/vermelho.org.br\/2026\/04\/14\/dignidade-menstrual-avanca-e-alcanca-3-milhoes-em-todo-o-pais\/\">Dignidade menstrual avan\u00e7a e alcan\u00e7a 3 milh\u00f5es em todo o pa\u00eds<\/a> apareceu primeiro em <a href=\"https:\/\/vermelho.org.br\/\">Vermelho<\/a>.<\/p>\n<!-- Begin Yuzo --><div class='yuzo_related_post style-1'  data-version='5.12.89'><!-- without result --><div class='yuzo_clearfixed yuzo__title yuzo__title'><h3>Related Post<\/h3><\/div>\n\t\t\t\t\t\t  <div class=\"relatedthumb \" style=\"width:125px;float:left;overflow:hidden;\">  \n\t\t\t\t\t\t\t  \n\t\t\t\t\t\t\t  <a  href=\"https:\/\/redept.com.br\/blogosfera\/estreia-na-mostra-de-cinema-de-sp-homenageia-herzog-meio-seculo-apos-o-assassinato\/\"  >\n\t\t\t\t\t\t\t\t\t  <div class=\"yuzo-img-wrap \" style=\"width: 125px;height:90px;\">\n\t\t\t\t\t\t\t\t\t\t\n\t\t\t\t\t\t\t\t\t\t<div class=\"yuzo-img\" style=\"background:url('https:\/\/redept.com.br\/blogosfera\/wp-content\/uploads\/2025\/10\/20251023173622_vlado-150x150.webp') 50% 50% no-repeat;width: 125px;height:90px;margin-bottom: 5px;background-size: cover; \"><\/div>\n\t\t\t\t\t\t\t\t\t  <\/div>\n\t\t\t\t\t\t\t\t\t  \n\t\t\t\t\t\t\t\t   <span class=\"yuzo__text--title\" style=\"font-size:13px;\">Estreia na Mostra de Cinema de SP homenageia Herzo...<\/span>\n\t\t\t\t\t\t\t  \n\t\t\t\t\t\t\t  \n\t\t\t\t\t\t\t  <\/a>\n\n\t\t\t\t\t\t  <\/div>\n\t\t\t\t\t\t  <div class=\"relatedthumb \" style=\"width:125px;float:left;overflow:hidden;\">  \n\t\t\t\t\t\t\t  \n\t\t\t\t\t\t\t  <a  href=\"https:\/\/redept.com.br\/blogosfera\/e-possivel-aprovar-o-fim-da-escala-6x1-em-um-congresso-conservador\/\"  >\n\t\t\t\t\t\t\t\t\t  <div class=\"yuzo-img-wrap \" style=\"width: 125px;height:90px;\">\n\t\t\t\t\t\t\t\t\t\t\n\t\t\t\t\t\t\t\t\t\t<div class=\"yuzo-img\" style=\"background:url('https:\/\/redept.org\/blogosfera\/wp-content\/plugins\/yuzo-related-post\/assets\/images\/default.png') 50% 50% no-repeat;width: 125px;height:90px;margin-bottom: 5px;background-size: cover; \"><\/div>\n\t\t\t\t\t\t\t\t\t  <\/div>\n\t\t\t\t\t\t\t\t\t  \n\t\t\t\t\t\t\t\t   <span class=\"yuzo__text--title\" style=\"font-size:13px;\">\u00c9 poss\u00edvel aprovar o fim da escala 6\u00d71 em um ...<\/span>\n\t\t\t\t\t\t\t  \n\t\t\t\t\t\t\t  \n\t\t\t\t\t\t\t  <\/a>\n\n\t\t\t\t\t\t  <\/div>\n\t\t\t\t\t\t  <div class=\"relatedthumb \" style=\"width:125px;float:left;overflow:hidden;\">  \n\t\t\t\t\t\t\t  \n\t\t\t\t\t\t\t  <a  href=\"https:\/\/redept.com.br\/blogosfera\/porto-alegre-e-sao-leopoldo-recebem-programacao-especial-do-mes-do-orgulho-lgbtqiapn\/\"  >\n\t\t\t\t\t\t\t\t\t  <div class=\"yuzo-img-wrap \" style=\"width: 125px;height:90px;\">\n\t\t\t\t\t\t\t\t\t\t\n\t\t\t\t\t\t\t\t\t\t<div class=\"yuzo-img\" style=\"background:url('https:\/\/redept.com.br\/blogosfera\/wp-content\/uploads\/2025\/05\/image-89-150x150.png') 50% 50% no-repeat;width: 125px;height:90px;margin-bottom: 5px;background-size: cover; \"><\/div>\n\t\t\t\t\t\t\t\t\t  <\/div>\n\t\t\t\t\t\t\t\t\t  \n\t\t\t\t\t\t\t\t   <span class=\"yuzo__text--title\" style=\"font-size:13px;\">Porto Alegre e S\u00e3o Leopoldo recebem programa\u00e7\u00e3o es...<\/span>\n\t\t\t\t\t\t\t  \n\t\t\t\t\t\t\t  \n\t\t\t\t\t\t\t  <\/a>\n\n\t\t\t\t\t\t  <\/div>\n\t\t\t\t\t\t  <div class=\"relatedthumb \" style=\"width:125px;float:left;overflow:hidden;\">  \n\t\t\t\t\t\t\t  \n\t\t\t\t\t\t\t  <a  href=\"https:\/\/redept.com.br\/blogosfera\/preocupado-com-2026-stf-promove-encontro-com-influenciadores\/\"  >\n\t\t\t\t\t\t\t\t\t  <div class=\"yuzo-img-wrap \" style=\"width: 125px;height:90px;\">\n\t\t\t\t\t\t\t\t\t\t\n\t\t\t\t\t\t\t\t\t\t<div class=\"yuzo-img\" style=\"background:url('https:\/\/redept.com.br\/blogosfera\/wp-content\/uploads\/2025\/08\/image-1-38-150x128.png') 50% 50% no-repeat;width: 125px;height:90px;margin-bottom: 5px;background-size: cover; \"><\/div>\n\t\t\t\t\t\t\t\t\t  <\/div>\n\t\t\t\t\t\t\t\t\t  \n\t\t\t\t\t\t\t\t   <span class=\"yuzo__text--title\" style=\"font-size:13px;\">Preocupado com 2026, STF promove encontro com infl...<\/span>\n\t\t\t\t\t\t\t  \n\t\t\t\t\t\t\t  \n\t\t\t\t\t\t\t  <\/a>\n\n\t\t\t\t\t\t  <\/div>\n<\/div> <script>\n\t\t\t\t\t\t  jQuery(document).ready(function( $ ){\n\t\t\t\t\t\t\t\/\/jQuery('.yuzo_related_post').equalizer({ overflow : 'relatedthumb' });\n\t\t\t\t\t\t\tjQuery('.yuzo_related_post .yuzo_wraps').equalizer({ columns : '> div' });\n\t\t\t\t\t\t   })\n\t\t\t\t\t\t  <\/script> <!-- End Yuzo :) -->","protected":false},"excerpt":{"rendered":"<p>Mais de tr\u00eas milh\u00f5es de mulheres e meninas beneficiadas, quase 500 milh\u00f5es de absorventes distribu\u00eddos e R$ 248 milh\u00f5es investidos em apenas dois anos. Os n\u00fameros do programa Dignidade Menstrual revelam mais do que uma a\u00e7\u00e3o de governo: exp\u00f5em uma realidade hist\u00f3rica de exclus\u00e3o que atinge milh\u00f5es de brasileiras. Em um pa\u00eds onde menstruar ainda [&hellip;]<\/p>\n","protected":false},"author":2,"featured_media":0,"comment_status":"open","ping_status":"closed","sticky":false,"template":"","format":"standard","meta":{"fifu_image_url":"","fifu_image_alt":"","footnotes":""},"categories":[45918,444,3769,47230,47231,126,47232],"tags":[],"class_list":["post-82909","post","type-post","status-publish","format-standard","hentry","category-absorventes-gratuitos","category-direitos-das-mulheres","category-farmacia-popular","category-pobreza-menstrual","category-programa-dignidade-menstrual","category-saude","category-saude-menstrual"],"_links":{"self":[{"href":"https:\/\/redept.com.br\/blogosfera\/wp-json\/wp\/v2\/posts\/82909","targetHints":{"allow":["GET"]}}],"collection":[{"href":"https:\/\/redept.com.br\/blogosfera\/wp-json\/wp\/v2\/posts"}],"about":[{"href":"https:\/\/redept.com.br\/blogosfera\/wp-json\/wp\/v2\/types\/post"}],"author":[{"embeddable":true,"href":"https:\/\/redept.com.br\/blogosfera\/wp-json\/wp\/v2\/users\/2"}],"replies":[{"embeddable":true,"href":"https:\/\/redept.com.br\/blogosfera\/wp-json\/wp\/v2\/comments?post=82909"}],"version-history":[{"count":0,"href":"https:\/\/redept.com.br\/blogosfera\/wp-json\/wp\/v2\/posts\/82909\/revisions"}],"wp:attachment":[{"href":"https:\/\/redept.com.br\/blogosfera\/wp-json\/wp\/v2\/media?parent=82909"}],"wp:term":[{"taxonomy":"category","embeddable":true,"href":"https:\/\/redept.com.br\/blogosfera\/wp-json\/wp\/v2\/categories?post=82909"},{"taxonomy":"post_tag","embeddable":true,"href":"https:\/\/redept.com.br\/blogosfera\/wp-json\/wp\/v2\/tags?post=82909"}],"curies":[{"name":"wp","href":"https:\/\/api.w.org\/{rel}","templated":true}]}}