{"id":83005,"date":"2026-04-14T20:51:59","date_gmt":"2026-04-14T23:51:59","guid":{"rendered":"https:\/\/redept.com.br\/blogosfera\/lula-sanciona-novo-pne-com-metas-educacionais-para-os-proximos-10-anos\/"},"modified":"2026-04-14T20:51:59","modified_gmt":"2026-04-14T23:51:59","slug":"lula-sanciona-novo-pne-com-metas-educacionais-para-os-proximos-10-anos","status":"publish","type":"post","link":"https:\/\/redept.com.br\/blogosfera\/lula-sanciona-novo-pne-com-metas-educacionais-para-os-proximos-10-anos\/","title":{"rendered":"Lula sanciona novo PNE com metas educacionais para os pr\u00f3ximos 10 anos"},"content":{"rendered":"<p>A lei estabelece metas e estrat\u00e9gias que v\u00e3o desde a educa\u00e7\u00e3o infantil at\u00e9 a p\u00f3s-gradua\u00e7\u00e3o, para orientar as pol\u00edticas p\u00fablicas educacionais do pa\u00eds pelos pr\u00f3ximos dez anos. Um dos principais destaques \u00e9 o aumento gradual do investimento em educa\u00e7\u00e3o, saltando dos atuais 5,5% do PIB, o produto interno bruto, para at\u00e9 7% no sexto ano [\u2026]<\/p>\n<p><a href=\"https:\/\/www.brasildefato.com.br\/2026\/04\/14\/lula-sanciona-novo-pne-com-metas-educacionais-para-os-proximos-10-anos\/\" rel=\"nofollow\">Fonte<\/a><\/p>\n<!-- Begin Yuzo --><div class='yuzo_related_post style-1'  data-version='5.12.89'><!-- without result --><div class='yuzo_clearfixed yuzo__title yuzo__title'><h3>Related Post<\/h3><\/div>\n\t\t\t\t\t\t  <div class=\"relatedthumb \" style=\"width:125px;float:left;overflow:hidden;\">  \n\t\t\t\t\t\t\t  \n\t\t\t\t\t\t\t  <a  href=\"https:\/\/redept.com.br\/blogosfera\/recomposicao-salarial-dos-servidores-estaduais-do-rj-sera-paga-em-agosto-e-novembro\/\"  >\n\t\t\t\t\t\t\t\t\t  <div class=\"yuzo-img-wrap \" style=\"width: 125px;height:90px;\">\n\t\t\t\t\t\t\t\t\t\t\n\t\t\t\t\t\t\t\t\t\t<div class=\"yuzo-img\" style=\"background:url('https:\/\/redept.org\/blogosfera\/wp-content\/plugins\/yuzo-related-post\/assets\/images\/default.png') 50% 50% no-repeat;width: 125px;height:90px;margin-bottom: 5px;background-size: cover; \"><\/div>\n\t\t\t\t\t\t\t\t\t  <\/div>\n\t\t\t\t\t\t\t\t\t  \n\t\t\t\t\t\t\t\t   <span class=\"yuzo__text--title\" style=\"font-size:13px;\">Recomposi\u00e7\u00e3o salarial dos servidores estaduais do ...<\/span>\n\t\t\t\t\t\t\t  \n\t\t\t\t\t\t\t  \n\t\t\t\t\t\t\t  <\/a>\n\n\t\t\t\t\t\t  <\/div>\n\t\t\t\t\t\t  <div class=\"relatedthumb \" style=\"width:125px;float:left;overflow:hidden;\">  \n\t\t\t\t\t\t\t  \n\t\t\t\t\t\t\t  <a  href=\"https:\/\/redept.com.br\/blogosfera\/um-mes-do-cessar-fogo-em-gaza-no-janela-internacional\/\"  >\n\t\t\t\t\t\t\t\t\t  <div class=\"yuzo-img-wrap \" style=\"width: 125px;height:90px;\">\n\t\t\t\t\t\t\t\t\t\t\n\t\t\t\t\t\t\t\t\t\t<div class=\"yuzo-img\" style=\"background:url('https:\/\/redept.org\/blogosfera\/wp-content\/plugins\/yuzo-related-post\/assets\/images\/default.png') 50% 50% no-repeat;width: 125px;height:90px;margin-bottom: 5px;background-size: cover; \"><\/div>\n\t\t\t\t\t\t\t\t\t  <\/div>\n\t\t\t\t\t\t\t\t\t  \n\t\t\t\t\t\t\t\t   <span class=\"yuzo__text--title\" style=\"font-size:13px;\">Um m\u00eas do cessar fogo em Gaza no Janela Internacio...<\/span>\n\t\t\t\t\t\t\t  \n\t\t\t\t\t\t\t  \n\t\t\t\t\t\t\t  <\/a>\n\n\t\t\t\t\t\t  <\/div>\n\t\t\t\t\t\t  <div class=\"relatedthumb \" style=\"width:125px;float:left;overflow:hidden;\">  \n\t\t\t\t\t\t\t  \n\t\t\t\t\t\t\t  <a  href=\"https:\/\/sul21.com.br\/noticias\/internacional\/2025\/08\/lula-diz-nao-ver-abertura-com-trump-eu-nao-liguei-porque-ele-nao-quer-telefonema\/\"  >\n\t\t\t\t\t\t\t\t\t  <div class=\"yuzo-img-wrap \" style=\"width: 125px;height:90px;\">\n\t\t\t\t\t\t\t\t\t\t\n\t\t\t\t\t\t\t\t\t\t<div class=\"yuzo-img\" style=\"background:url('https:\/\/agenciabrasil.ebc.com.br\/ebc.png?id=1653496&amp;o=node') 50% 50% no-repeat;width: 125px;height:90px;margin-bottom: 5px;background-size: cover; \"><\/div>\n\t\t\t\t\t\t\t\t\t  <\/div>\n\t\t\t\t\t\t\t\t\t  \n\t\t\t\t\t\t\t\t   <span class=\"yuzo__text--title\" style=\"font-size:13px;\">Lula diz n\u00e3o ver abertura com Trump: \u2018Eu n\u00e3o ligue...<\/span>\n\t\t\t\t\t\t\t  \n\t\t\t\t\t\t\t  \n\t\t\t\t\t\t\t  <\/a>\n\n\t\t\t\t\t\t  <\/div>\n\t\t\t\t\t\t  <div class=\"relatedthumb \" style=\"width:125px;float:left;overflow:hidden;\">  \n\t\t\t\t\t\t\t  \n\t\t\t\t\t\t\t  <a  href=\"https:\/\/redept.com.br\/blogosfera\/escritora-feminista-heloisa-teixeira-morre-aos-85-anos\/\"  >\n\t\t\t\t\t\t\t\t\t  <div class=\"yuzo-img-wrap \" style=\"width: 125px;height:90px;\">\n\t\t\t\t\t\t\t\t\t\t\n\t\t\t\t\t\t\t\t\t\t<div class=\"yuzo-img\" style=\"background:url('https:\/\/redept.com.br\/blogosfera\/wp-content\/uploads\/2025\/03\/heoisa-150x150.webp') 50% 50% no-repeat;width: 125px;height:90px;margin-bottom: 5px;background-size: cover; \"><\/div>\n\t\t\t\t\t\t\t\t\t  <\/div>\n\t\t\t\t\t\t\t\t\t  \n\t\t\t\t\t\t\t\t   <span class=\"yuzo__text--title\" style=\"font-size:13px;\">Escritora feminista Helo\u00edsa Teixeira morre aos 85 ...<\/span>\n\t\t\t\t\t\t\t  \n\t\t\t\t\t\t\t  \n\t\t\t\t\t\t\t  <\/a>\n\n\t\t\t\t\t\t  <\/div>\n<\/div> <script>\n\t\t\t\t\t\t  jQuery(document).ready(function( $ ){\n\t\t\t\t\t\t\t\/\/jQuery('.yuzo_related_post').equalizer({ overflow : 'relatedthumb' });\n\t\t\t\t\t\t\tjQuery('.yuzo_related_post .yuzo_wraps').equalizer({ columns : '> div' });\n\t\t\t\t\t\t   })\n\t\t\t\t\t\t  <\/script> <!-- End Yuzo :) -->","protected":false},"excerpt":{"rendered":"<p>A lei estabelece metas e estrat\u00e9gias que v\u00e3o desde a educa\u00e7\u00e3o infantil at\u00e9 a p\u00f3s-gradua\u00e7\u00e3o, para orientar as pol\u00edticas p\u00fablicas educacionais do pa\u00eds pelos pr\u00f3ximos dez anos. Um dos principais destaques \u00e9 o aumento gradual do investimento em educa\u00e7\u00e3o, saltando dos atuais 5,5% do PIB, o produto interno bruto, para at\u00e9 7% no sexto ano [&hellip;]<\/p>\n","protected":false},"author":2,"featured_media":0,"comment_status":"open","ping_status":"closed","sticky":false,"template":"","format":"standard","meta":{"fifu_image_url":"","fifu_image_alt":"","footnotes":""},"categories":[2715,388,4096,47409,95,407,7743,7966,7099,7967,47410,18823,19963,47411,6603,3325,7504,41987,41898,112,47412,3144,578,47413,7969,8690,214,1280,39477,47414],"tags":[],"class_list":["post-83005","post","type-post","status-publish","format-standard","hentry","category-alfabetizacao","category-congresso-nacional","category-creches","category-decada-da-educacao","category-educacao","category-educacao-do-campo","category-educacao-inclusiva","category-educacao-indigena","category-educacao-infantil","category-educacao-quilombola","category-ensino-em-tempo-integral","category-ensino-fundamental","category-ensino-medio","category-financiamento-da-educacao","category-fiscalizacao","category-hugo-motta","category-investimento-em-educacao","category-leonardo-barchini","category-libras","category-lula","category-metas-educacionais","category-ministerio-da-educacao","category-pib","category-plano-decenal","category-plano-nacional-de-educacao","category-pne","category-politicas-publicas","category-pos-graduacao","category-qualidade-do-ensino","category-universalizacao-da-pre-escola"],"_links":{"self":[{"href":"https:\/\/redept.com.br\/blogosfera\/wp-json\/wp\/v2\/posts\/83005","targetHints":{"allow":["GET"]}}],"collection":[{"href":"https:\/\/redept.com.br\/blogosfera\/wp-json\/wp\/v2\/posts"}],"about":[{"href":"https:\/\/redept.com.br\/blogosfera\/wp-json\/wp\/v2\/types\/post"}],"author":[{"embeddable":true,"href":"https:\/\/redept.com.br\/blogosfera\/wp-json\/wp\/v2\/users\/2"}],"replies":[{"embeddable":true,"href":"https:\/\/redept.com.br\/blogosfera\/wp-json\/wp\/v2\/comments?post=83005"}],"version-history":[{"count":0,"href":"https:\/\/redept.com.br\/blogosfera\/wp-json\/wp\/v2\/posts\/83005\/revisions"}],"wp:attachment":[{"href":"https:\/\/redept.com.br\/blogosfera\/wp-json\/wp\/v2\/media?parent=83005"}],"wp:term":[{"taxonomy":"category","embeddable":true,"href":"https:\/\/redept.com.br\/blogosfera\/wp-json\/wp\/v2\/categories?post=83005"},{"taxonomy":"post_tag","embeddable":true,"href":"https:\/\/redept.com.br\/blogosfera\/wp-json\/wp\/v2\/tags?post=83005"}],"curies":[{"name":"wp","href":"https:\/\/api.w.org\/{rel}","templated":true}]}}