{"id":83101,"date":"2026-04-15T11:49:45","date_gmt":"2026-04-15T14:49:45","guid":{"rendered":"https:\/\/redept.com.br\/blogosfera\/flavio-bolsonaro-sera-investigado-por-fake-news-contra-lula\/"},"modified":"2026-04-15T11:49:45","modified_gmt":"2026-04-15T14:49:45","slug":"flavio-bolsonaro-sera-investigado-por-fake-news-contra-lula","status":"publish","type":"post","link":"https:\/\/redept.com.br\/blogosfera\/flavio-bolsonaro-sera-investigado-por-fake-news-contra-lula\/","title":{"rendered":"Fl\u00e1vio Bolsonaro ser\u00e1 investigado por fake news contra Lula"},"content":{"rendered":"<p><img fetchpriority=\"high\" width=\"823\" height=\"462\"src=\"https:\/\/redept.com.br\/blogosfera\/wp-content\/uploads\/2026\/04\/Lula-Flavio_Credito-stuckert-e-Pedro-Franca_Agencia-Senado.jpg\" alt=\"\" decoding=\"async\" srcset=\"https:\/\/redept.com.br\/blogosfera\/wp-content\/uploads\/2026\/04\/Lula-Flavio_Credito-stuckert-e-Pedro-Franca_Agencia-Senado.jpg 823w, https:\/\/vermelho.org.br\/wp-content\/uploads\/2026\/04\/Lula-Flavio_Credito-stuckert-e-Pedro-Franca_Agencia-Senado-300x168.jpg 300w, https:\/\/vermelho.org.br\/wp-content\/uploads\/2026\/04\/Lula-Flavio_Credito-stuckert-e-Pedro-Franca_Agencia-Senado-768x431.jpg 768w\" sizes=\"(max-width: 823px) 100vw, 823px\"><\/p>\n<p>O ministro Alexandre de Moraes, do Supremo Tribunal Federal (STF), determinou a abertura de investiga\u00e7\u00e3o do senador Fl\u00e1vio Bolsonaro (PL-RJ), pela publica\u00e7\u00e3o, em suas redes sociais, de fake news contra o presidente Luiz In\u00e1cio Lula da Silva em janeiro deste ano.<\/p>\n<p>A abertura do inqu\u00e9rito havia sido pedida pela Pol\u00edcia Federal (PF), com o aval da Procuradoria-Geral da Rep\u00fablica (PGR). Em parecer, o \u00f3rg\u00e3o afirmou que a medida \u201cest\u00e1 amparada em uma publica\u00e7\u00e3o realizada em ambiente virtual p\u00fablico, acess\u00edvel a milhares de usu\u00e1rios, em que se atribui falsamente, de maneira p\u00fablica e vexat\u00f3ria, fatos delituosos ao Presidente da Rep\u00fablica\u201d.<\/p>\n<p>Com a autoriza\u00e7\u00e3o de Moraes, assinada em 13 de abril, a PF ter\u00e1 um prazo inicial de 60 dias para concluir as investiga\u00e7\u00f5es. Moraes determinou ainda o levantamento do sigilo do processo, \u201cuma vez que n\u00e3o se encontram presentes os elementos excepcionais que permitem o afastamento da ampla publicidade\u201d, escreveu o ministro.<\/p>\n<p>Na postagem em quest\u00e3o, feita em 3 de janeiro \u2014 dia em que o ent\u00e3o presidente da Venezuela, Nicol\u00e1s Maduro, foi sequestrado por agentes dos Estados Unidos a mando do presidente Donald Trump \u2014 Fl\u00e1vio Bolsonaro usa de ila\u00e7\u00f5es e, de maneira enviesada, lan\u00e7a acusa\u00e7\u00f5es ao presidente ao dizer: \u201cLula ser\u00e1 delatado. \u00c9 o fim do Foro de S\u00e3o Paulo: tr\u00e1fico internacional de drogas e armas, lavagem de dinheiro, suporte a terroristas e ditaduras, elei\u00e7\u00f5es fraudadas\u2026\u201d.<\/p>\n<p><strong>Leia tamb\u00e9m: <\/strong><a href=\"https:\/\/vermelho.org.br\/2026\/04\/08\/flavio-bolsonaro-e-denunciado-por-propaganda-em-templo\/\">Fl\u00e1vio Bolsonaro \u00e9 denunciado por propaganda em templo<\/a><\/p>\n<p>Al\u00e9m disso, a publica\u00e7\u00e3o associava os presidentes ao trazer a imagem da pris\u00e3o de Maduro, ao lado da reprodu\u00e7\u00e3o de uma reportagem com a imagem de Lula, com a manchete \u201cLula convoca reuni\u00e3o de emerg\u00eancia ap\u00f3s Trump capturar Maduro\u201d.<\/p>\n<p>Na avalia\u00e7\u00e3o do ministro, a conduta pode ser enquadrada como crime de cal\u00fania, com a possibilidade de aumento de pena por ter sido cometida contra o presidente da Rep\u00fablica e divulgada em rede social, o que amplia o alcance da ofensa.<\/p>\n<p>De acordo com a PGR e a PF, ao utilizar a express\u00e3o \u201cser\u00e1 delatado\u201d, o senador fez men\u00e7\u00e3o direta \u00e0 \u201ccolabora\u00e7\u00e3o premiada\u201d, imputando falsamente fatos criminosos ao chefe do Executivo em um ambiente virtual p\u00fablico. A PGR sustentou, ainda, que a conduta apresenta \u201cind\u00edcios concretos\u201d de atua\u00e7\u00e3o criminosa, caracterizando uma atribui\u00e7\u00e3o falsa e \u201cvexat\u00f3ria\u201d de delitos a Lula.<\/p>\n<p>O post <a href=\"https:\/\/vermelho.org.br\/2026\/04\/15\/flavio-bolsonaro-sera-investigado-por-fake-news-contra-lula\/\">Fl\u00e1vio Bolsonaro ser\u00e1 investigado por fake news contra Lula<\/a> apareceu primeiro em <a href=\"https:\/\/vermelho.org.br\/\">Vermelho<\/a>.<\/p>\n<!-- Begin Yuzo --><div class='yuzo_related_post style-1'  data-version='5.12.89'><!-- without result --><div class='yuzo_clearfixed yuzo__title yuzo__title'><h3>Related Post<\/h3><\/div>\n\t\t\t\t\t\t  <div class=\"relatedthumb \" style=\"width:125px;float:left;overflow:hidden;\">  \n\t\t\t\t\t\t\t  \n\t\t\t\t\t\t\t  <a  href=\"https:\/\/redept.com.br\/blogosfera\/brasil-espera-tarifaco-de-trump-e-se-prepara-para-retaliar\/\"  >\n\t\t\t\t\t\t\t\t\t  <div class=\"yuzo-img-wrap \" style=\"width: 125px;height:90px;\">\n\t\t\t\t\t\t\t\t\t\t\n\t\t\t\t\t\t\t\t\t\t<div class=\"yuzo-img\" style=\"background:url('https:\/\/redept.org\/blogosfera\/wp-content\/plugins\/yuzo-related-post\/assets\/images\/default.png') 50% 50% no-repeat;width: 125px;height:90px;margin-bottom: 5px;background-size: cover; \"><\/div>\n\t\t\t\t\t\t\t\t\t  <\/div>\n\t\t\t\t\t\t\t\t\t  \n\t\t\t\t\t\t\t\t   <span class=\"yuzo__text--title\" style=\"font-size:13px;\">Brasil espera \u2018tarifa\u00e7o de Trump\u2019 e se prepara par...<\/span>\n\t\t\t\t\t\t\t  \n\t\t\t\t\t\t\t  \n\t\t\t\t\t\t\t  <\/a>\n\n\t\t\t\t\t\t  <\/div>\n\t\t\t\t\t\t  <div class=\"relatedthumb \" style=\"width:125px;float:left;overflow:hidden;\">  \n\t\t\t\t\t\t\t  \n\t\t\t\t\t\t\t  <a  href=\"https:\/\/redept.com.br\/blogosfera\/cidade-jardim-leva-a-avenida-enredo-que-exalta-a-forca-historica-e-politica-das-mulheres\/\"  >\n\t\t\t\t\t\t\t\t\t  <div class=\"yuzo-img-wrap \" style=\"width: 125px;height:90px;\">\n\t\t\t\t\t\t\t\t\t\t\n\t\t\t\t\t\t\t\t\t\t<div class=\"yuzo-img\" style=\"background:url('https:\/\/redept.org\/blogosfera\/wp-content\/plugins\/yuzo-related-post\/assets\/images\/default.png') 50% 50% no-repeat;width: 125px;height:90px;margin-bottom: 5px;background-size: cover; \"><\/div>\n\t\t\t\t\t\t\t\t\t  <\/div>\n\t\t\t\t\t\t\t\t\t  \n\t\t\t\t\t\t\t\t   <span class=\"yuzo__text--title\" style=\"font-size:13px;\">Cidade Jardim leva \u00e0 avenida enredo que exalta a f...<\/span>\n\t\t\t\t\t\t\t  \n\t\t\t\t\t\t\t  \n\t\t\t\t\t\t\t  <\/a>\n\n\t\t\t\t\t\t  <\/div>\n\t\t\t\t\t\t  <div class=\"relatedthumb \" style=\"width:125px;float:left;overflow:hidden;\">  \n\t\t\t\t\t\t\t  \n\t\t\t\t\t\t\t  <a  href=\"https:\/\/redept.com.br\/blogosfera\/os-porques-do-observatorio-do-trabalho-decente\/\"  >\n\t\t\t\t\t\t\t\t\t  <div class=\"yuzo-img-wrap \" style=\"width: 125px;height:90px;\">\n\t\t\t\t\t\t\t\t\t\t\n\t\t\t\t\t\t\t\t\t\t<div class=\"yuzo-img\" style=\"background:url('https:\/\/redept.com.br\/blogosfera\/wp-content\/uploads\/2026\/03\/Construcao-civil-150x150.jpg') 50% 50% no-repeat;width: 125px;height:90px;margin-bottom: 5px;background-size: cover; \"><\/div>\n\t\t\t\t\t\t\t\t\t  <\/div>\n\t\t\t\t\t\t\t\t\t  \n\t\t\t\t\t\t\t\t   <span class=\"yuzo__text--title\" style=\"font-size:13px;\">Os porqu\u00eas do Observat\u00f3rio do Trabalho Decente<\/span>\n\t\t\t\t\t\t\t  \n\t\t\t\t\t\t\t  \n\t\t\t\t\t\t\t  <\/a>\n\n\t\t\t\t\t\t  <\/div>\n\t\t\t\t\t\t  <div class=\"relatedthumb \" style=\"width:125px;float:left;overflow:hidden;\">  \n\t\t\t\t\t\t\t  \n\t\t\t\t\t\t\t  <a  href=\"https:\/\/redept.com.br\/blogosfera\/emirados-arabes-desistem-de-participar-das-forcas-de-estabilizacao-de-gaza\/\"  >\n\t\t\t\t\t\t\t\t\t  <div class=\"yuzo-img-wrap \" style=\"width: 125px;height:90px;\">\n\t\t\t\t\t\t\t\t\t\t\n\t\t\t\t\t\t\t\t\t\t<div class=\"yuzo-img\" style=\"background:url('https:\/\/redept.com.br\/blogosfera\/wp-content\/uploads\/2025\/11\/gargash-150x150.jpg') 50% 50% no-repeat;width: 125px;height:90px;margin-bottom: 5px;background-size: cover; \"><\/div>\n\t\t\t\t\t\t\t\t\t  <\/div>\n\t\t\t\t\t\t\t\t\t  \n\t\t\t\t\t\t\t\t   <span class=\"yuzo__text--title\" style=\"font-size:13px;\">Emirados \u00c1rabes desistem de participar das for\u00e7as ...<\/span>\n\t\t\t\t\t\t\t  \n\t\t\t\t\t\t\t  \n\t\t\t\t\t\t\t  <\/a>\n\n\t\t\t\t\t\t  <\/div>\n<\/div> <script>\n\t\t\t\t\t\t  jQuery(document).ready(function( $ ){\n\t\t\t\t\t\t\t\/\/jQuery('.yuzo_related_post').equalizer({ overflow : 'relatedthumb' });\n\t\t\t\t\t\t\tjQuery('.yuzo_related_post .yuzo_wraps').equalizer({ columns : '> div' });\n\t\t\t\t\t\t   })\n\t\t\t\t\t\t  <\/script> <!-- End Yuzo :) -->","protected":false},"excerpt":{"rendered":"<p>O ministro Alexandre de Moraes, do Supremo Tribunal Federal (STF), determinou a abertura de investiga\u00e7\u00e3o do senador Fl\u00e1vio Bolsonaro (PL-RJ), pela publica\u00e7\u00e3o, em suas redes sociais, de fake news contra o presidente Luiz In\u00e1cio Lula da Silva em janeiro deste ano. A abertura do inqu\u00e9rito havia sido pedida pela Pol\u00edcia Federal (PF), com o aval [&hellip;]<\/p>\n","protected":false},"author":2,"featured_media":0,"comment_status":"open","ping_status":"closed","sticky":false,"template":"","format":"standard","meta":{"fifu_image_url":"","fifu_image_alt":"","footnotes":""},"categories":[1261,7623,356,2427,112,47511,132,2460,260],"tags":[],"class_list":["post-83101","post","type-post","status-publish","format-standard","hentry","category-alexandre-de-moraes","category-calunia","category-fake-news","category-flavio-bolsonaro","category-lula","category-pf-policia-federal","category-politica","category-procuradoria-geral-da-republica-pgr","category-stf"],"_links":{"self":[{"href":"https:\/\/redept.com.br\/blogosfera\/wp-json\/wp\/v2\/posts\/83101","targetHints":{"allow":["GET"]}}],"collection":[{"href":"https:\/\/redept.com.br\/blogosfera\/wp-json\/wp\/v2\/posts"}],"about":[{"href":"https:\/\/redept.com.br\/blogosfera\/wp-json\/wp\/v2\/types\/post"}],"author":[{"embeddable":true,"href":"https:\/\/redept.com.br\/blogosfera\/wp-json\/wp\/v2\/users\/2"}],"replies":[{"embeddable":true,"href":"https:\/\/redept.com.br\/blogosfera\/wp-json\/wp\/v2\/comments?post=83101"}],"version-history":[{"count":0,"href":"https:\/\/redept.com.br\/blogosfera\/wp-json\/wp\/v2\/posts\/83101\/revisions"}],"wp:attachment":[{"href":"https:\/\/redept.com.br\/blogosfera\/wp-json\/wp\/v2\/media?parent=83101"}],"wp:term":[{"taxonomy":"category","embeddable":true,"href":"https:\/\/redept.com.br\/blogosfera\/wp-json\/wp\/v2\/categories?post=83101"},{"taxonomy":"post_tag","embeddable":true,"href":"https:\/\/redept.com.br\/blogosfera\/wp-json\/wp\/v2\/tags?post=83101"}],"curies":[{"name":"wp","href":"https:\/\/api.w.org\/{rel}","templated":true}]}}