{"id":83200,"date":"2026-04-15T17:42:22","date_gmt":"2026-04-15T20:42:22","guid":{"rendered":"https:\/\/redept.com.br\/blogosfera\/sem-terra-ocupam-sedes-do-incra-em-tres-estados-no-df-mst-participa-da-marcha-da-classe-trabalhadora\/"},"modified":"2026-04-15T17:42:22","modified_gmt":"2026-04-15T20:42:22","slug":"sem-terra-ocupam-sedes-do-incra-em-tres-estados-no-df-mst-participa-da-marcha-da-classe-trabalhadora","status":"publish","type":"post","link":"https:\/\/redept.com.br\/blogosfera\/sem-terra-ocupam-sedes-do-incra-em-tres-estados-no-df-mst-participa-da-marcha-da-classe-trabalhadora\/","title":{"rendered":"Sem-terra ocupam sedes do Incra em tr\u00eas estados; no DF, MST participa da Marcha da Classe Trabalhadora"},"content":{"rendered":"<p>Movimento tamb\u00e9m ocupou sede da Procuradoria-Geral do Estado, em SP, e terras improdutivas em Tocantins<\/p>\n<p><a href=\"https:\/\/www.brasildefato.com.br\/2026\/04\/15\/sem-terra-ocupam-sedes-do-incra-em-tres-estados-no-df-mst-participa-da-marcha-da-classe-trabalhadora\/\" rel=\"nofollow\">Fonte<\/a><\/p>\n<!-- Begin Yuzo --><div class='yuzo_related_post style-1'  data-version='5.12.89'><!-- without result --><div class='yuzo_clearfixed yuzo__title yuzo__title'><h3>Related Post<\/h3><\/div>\n\t\t\t\t\t\t  <div class=\"relatedthumb \" style=\"width:125px;float:left;overflow:hidden;\">  \n\t\t\t\t\t\t\t  \n\t\t\t\t\t\t\t  <a  href=\"https:\/\/redept.com.br\/blogosfera\/estudo-do-ipea-mostra-que-tributacao-de-alta-renda-pode-gerar-r-145-bi\/\"  >\n\t\t\t\t\t\t\t\t\t  <div class=\"yuzo-img-wrap \" style=\"width: 125px;height:90px;\">\n\t\t\t\t\t\t\t\t\t\t\n\t\t\t\t\t\t\t\t\t\t<div class=\"yuzo-img\" style=\"background:url('https:\/\/redept.org\/blogosfera\/wp-content\/plugins\/yuzo-related-post\/assets\/images\/default.png') 50% 50% no-repeat;width: 125px;height:90px;margin-bottom: 5px;background-size: cover; \"><\/div>\n\t\t\t\t\t\t\t\t\t  <\/div>\n\t\t\t\t\t\t\t\t\t  \n\t\t\t\t\t\t\t\t   <span class=\"yuzo__text--title\" style=\"font-size:13px;\">Estudo do Ipea mostra que tributa\u00e7\u00e3o de alta renda...<\/span>\n\t\t\t\t\t\t\t  \n\t\t\t\t\t\t\t  \n\t\t\t\t\t\t\t  <\/a>\n\n\t\t\t\t\t\t  <\/div>\n\t\t\t\t\t\t  <div class=\"relatedthumb \" style=\"width:125px;float:left;overflow:hidden;\">  \n\t\t\t\t\t\t\t  \n\t\t\t\t\t\t\t  <a  href=\"https:\/\/redept.com.br\/blogosfera\/imperialism-is-acquiring-all-its-crudity-again-says-cuban-historian-about-trumps-comeback\/\"  >\n\t\t\t\t\t\t\t\t\t  <div class=\"yuzo-img-wrap \" style=\"width: 125px;height:90px;\">\n\t\t\t\t\t\t\t\t\t\t\n\t\t\t\t\t\t\t\t\t\t<div class=\"yuzo-img\" style=\"background:url('https:\/\/redept.org\/blogosfera\/wp-content\/plugins\/yuzo-related-post\/assets\/images\/default.png') 50% 50% no-repeat;width: 125px;height:90px;margin-bottom: 5px;background-size: cover; \"><\/div>\n\t\t\t\t\t\t\t\t\t  <\/div>\n\t\t\t\t\t\t\t\t\t  \n\t\t\t\t\t\t\t\t   <span class=\"yuzo__text--title\" style=\"font-size:13px;\">Imperialism \u2018is acquiring all its crudity ag...<\/span>\n\t\t\t\t\t\t\t  \n\t\t\t\t\t\t\t  \n\t\t\t\t\t\t\t  <\/a>\n\n\t\t\t\t\t\t  <\/div>\n\t\t\t\t\t\t  <div class=\"relatedthumb \" style=\"width:125px;float:left;overflow:hidden;\">  \n\t\t\t\t\t\t\t  \n\t\t\t\t\t\t\t  <a  href=\"https:\/\/redept.com.br\/blogosfera\/pluribus-e-o-pior-dos-mundos-possiveis\/\"  >\n\t\t\t\t\t\t\t\t\t  <div class=\"yuzo-img-wrap \" style=\"width: 125px;height:90px;\">\n\t\t\t\t\t\t\t\t\t\t\n\t\t\t\t\t\t\t\t\t\t<div class=\"yuzo-img\" style=\"background:url('https:\/\/redept.com.br\/blogosfera\/wp-content\/uploads\/2026\/03\/photo_5033246357593983855_y-150x150.jpg') 50% 50% no-repeat;width: 125px;height:90px;margin-bottom: 5px;background-size: cover; \"><\/div>\n\t\t\t\t\t\t\t\t\t  <\/div>\n\t\t\t\t\t\t\t\t\t  \n\t\t\t\t\t\t\t\t   <span class=\"yuzo__text--title\" style=\"font-size:13px;\">Pluribus e o pior dos mundos poss\u00edveis<\/span>\n\t\t\t\t\t\t\t  \n\t\t\t\t\t\t\t  \n\t\t\t\t\t\t\t  <\/a>\n\n\t\t\t\t\t\t  <\/div>\n\t\t\t\t\t\t  <div class=\"relatedthumb \" style=\"width:125px;float:left;overflow:hidden;\">  \n\t\t\t\t\t\t\t  \n\t\t\t\t\t\t\t  <a  href=\"https:\/\/redept.com.br\/blogosfera\/ia-cria-virus-inedito-e-abre-caminho-para-avancos-medicos-mas-desperta-alerta-sobre-biosseguranca\/\"  >\n\t\t\t\t\t\t\t\t\t  <div class=\"yuzo-img-wrap \" style=\"width: 125px;height:90px;\">\n\t\t\t\t\t\t\t\t\t\t\n\t\t\t\t\t\t\t\t\t\t<div class=\"yuzo-img\" style=\"background:url('https:\/\/redept.org\/blogosfera\/wp-content\/plugins\/yuzo-related-post\/assets\/images\/default.png') 50% 50% no-repeat;width: 125px;height:90px;margin-bottom: 5px;background-size: cover; \"><\/div>\n\t\t\t\t\t\t\t\t\t  <\/div>\n\t\t\t\t\t\t\t\t\t  \n\t\t\t\t\t\t\t\t   <span class=\"yuzo__text--title\" style=\"font-size:13px;\">IA cria v\u00edrus in\u00e9dito e abre caminho para avan\u00e7os ...<\/span>\n\t\t\t\t\t\t\t  \n\t\t\t\t\t\t\t  \n\t\t\t\t\t\t\t  <\/a>\n\n\t\t\t\t\t\t  <\/div>\n<\/div> <script>\n\t\t\t\t\t\t  jQuery(document).ready(function( $ ){\n\t\t\t\t\t\t\t\/\/jQuery('.yuzo_related_post').equalizer({ overflow : 'relatedthumb' });\n\t\t\t\t\t\t\tjQuery('.yuzo_related_post .yuzo_wraps').equalizer({ columns : '> div' });\n\t\t\t\t\t\t   })\n\t\t\t\t\t\t  <\/script> <!-- End Yuzo :) -->","protected":false},"excerpt":{"rendered":"<p>Movimento tamb\u00e9m ocupou sede da Procuradoria-Geral do Estado, em SP, e terras improdutivas em Tocantins Fonte Related Post Sisu 2025: inscri\u00e7\u00f5es come\u00e7ar\u00e3o em 17 de janeiro&#8230; Explos\u00e3o do consumo digital infraestruturada em IA&#8230; Delcy Rodr\u00edguez pede a Trump que bloqueio contra V&#8230; C\u00e2mara Legislativa do DF homenageia lideran\u00e7as de &#8230;<\/p>\n","protected":false},"author":2,"featured_media":0,"comment_status":"open","ping_status":"closed","sticky":false,"template":"","format":"standard","meta":{"fifu_image_url":"","fifu_image_alt":"","footnotes":""},"categories":[1062,1986,198,432,498,406,322,5347,1679,4823,13645,47638,1920,4285,311,2791,315,39061,32377,1689,47639,302,182,20479,195,49,29,3964,954,47640,950],"tags":[],"class_list":["post-83200","post","type-post","status-publish","format-standard","hentry","category-acampamento","category-alagoas","category-assentamento","category-bahia","category-brasilia","category-ceara","category-cpt","category-desapropriacao","category-direitos-trabalhistas","category-eldorado-do-carajas","category-fazenda","category-fnl","category-incra","category-jornada-nacional-de-lutas","category-luta-pela-terra","category-lutas","category-maranhao","category-marcha-da-classe-trabalhadora","category-movimento-popular","category-movimentos-sociais","category-mpl","category-mst","category-ocupacao","category-politica-agraria","category-reforma-agraria","category-rio-de-janeiro","category-sao-paulo","category-sem-terra","category-sergipe","category-terra-improdutiva","category-tocantins"],"_links":{"self":[{"href":"https:\/\/redept.com.br\/blogosfera\/wp-json\/wp\/v2\/posts\/83200","targetHints":{"allow":["GET"]}}],"collection":[{"href":"https:\/\/redept.com.br\/blogosfera\/wp-json\/wp\/v2\/posts"}],"about":[{"href":"https:\/\/redept.com.br\/blogosfera\/wp-json\/wp\/v2\/types\/post"}],"author":[{"embeddable":true,"href":"https:\/\/redept.com.br\/blogosfera\/wp-json\/wp\/v2\/users\/2"}],"replies":[{"embeddable":true,"href":"https:\/\/redept.com.br\/blogosfera\/wp-json\/wp\/v2\/comments?post=83200"}],"version-history":[{"count":0,"href":"https:\/\/redept.com.br\/blogosfera\/wp-json\/wp\/v2\/posts\/83200\/revisions"}],"wp:attachment":[{"href":"https:\/\/redept.com.br\/blogosfera\/wp-json\/wp\/v2\/media?parent=83200"}],"wp:term":[{"taxonomy":"category","embeddable":true,"href":"https:\/\/redept.com.br\/blogosfera\/wp-json\/wp\/v2\/categories?post=83200"},{"taxonomy":"post_tag","embeddable":true,"href":"https:\/\/redept.com.br\/blogosfera\/wp-json\/wp\/v2\/tags?post=83200"}],"curies":[{"name":"wp","href":"https:\/\/api.w.org\/{rel}","templated":true}]}}