{"id":83312,"date":"2026-04-16T09:10:36","date_gmt":"2026-04-16T12:10:36","guid":{"rendered":"https:\/\/redept.com.br\/blogosfera\/mst-reivindica-assentamento-para-367-familias-e-terras-para-reforma-agraria-no-estado-do-rio\/"},"modified":"2026-04-16T09:10:36","modified_gmt":"2026-04-16T12:10:36","slug":"mst-reivindica-assentamento-para-367-familias-e-terras-para-reforma-agraria-no-estado-do-rio","status":"publish","type":"post","link":"https:\/\/redept.com.br\/blogosfera\/mst-reivindica-assentamento-para-367-familias-e-terras-para-reforma-agraria-no-estado-do-rio\/","title":{"rendered":"MST reivindica assentamento para 367 fam\u00edlias e terras para reforma agr\u00e1ria no estado do Rio"},"content":{"rendered":"<p>O Movimento dos Trabalhadores Rurais Sem Terra (MST) esteve com cerca de 150 militantes na sede do\u00a0Instituto Nacional de Coloniza\u00e7\u00e3o e Reforma Agr\u00e1ria (Incra), no centro do Rio, nesta quarta (15). O movimento apresentou uma ampla pauta de reivindica\u00e7\u00f5es, dentre elas a desapropria\u00e7\u00e3o de terras para cria\u00e7\u00e3o de um assentamento para 376 fam\u00edlias do Acampamento [\u2026]<\/p>\n<p><a href=\"https:\/\/www.brasildefato.com.br\/2026\/04\/16\/mst-reivindica-assentamento-para-367-familias-e-terras-para-reforma-agraria-no-estado-do-rio\/\" rel=\"nofollow\">Fonte<\/a><\/p>\n<!-- Begin Yuzo --><div class='yuzo_related_post style-1'  data-version='5.12.89'><!-- without result --><div class='yuzo_clearfixed yuzo__title yuzo__title'><h3>Related Post<\/h3><\/div>\n\t\t\t\t\t\t  <div class=\"relatedthumb \" style=\"width:125px;float:left;overflow:hidden;\">  \n\t\t\t\t\t\t\t  \n\t\t\t\t\t\t\t  <a  href=\"https:\/\/redept.com.br\/blogosfera\/russia-frustra-ataques-ucranianos-enquanto-otan-nao-garante-adesao-de-kiev\/\"  >\n\t\t\t\t\t\t\t\t\t  <div class=\"yuzo-img-wrap \" style=\"width: 125px;height:90px;\">\n\t\t\t\t\t\t\t\t\t\t\n\t\t\t\t\t\t\t\t\t\t<div class=\"yuzo-img\" style=\"background:url('https:\/\/redept.com.br\/blogosfera\/wp-content\/uploads\/2025\/06\/1447979-150x150.jpg') 50% 50% no-repeat;width: 125px;height:90px;margin-bottom: 5px;background-size: cover; \"><\/div>\n\t\t\t\t\t\t\t\t\t  <\/div>\n\t\t\t\t\t\t\t\t\t  \n\t\t\t\t\t\t\t\t   <span class=\"yuzo__text--title\" style=\"font-size:13px;\">R\u00fassia frustra ataques ucranianos, enquanto OTAN n...<\/span>\n\t\t\t\t\t\t\t  \n\t\t\t\t\t\t\t  \n\t\t\t\t\t\t\t  <\/a>\n\n\t\t\t\t\t\t  <\/div>\n\t\t\t\t\t\t  <div class=\"relatedthumb \" style=\"width:125px;float:left;overflow:hidden;\">  \n\t\t\t\t\t\t\t  \n\t\t\t\t\t\t\t  <a  href=\"https:\/\/redept.com.br\/blogosfera\/professores-do-rio-grande-do-norte-entram-novamente-em-greve-pelo-aumento-de-seus-salarios\/\"  >\n\t\t\t\t\t\t\t\t\t  <div class=\"yuzo-img-wrap \" style=\"width: 125px;height:90px;\">\n\t\t\t\t\t\t\t\t\t\t\n\t\t\t\t\t\t\t\t\t\t<div class=\"yuzo-img\" style=\"background:url('https:\/\/redept.com.br\/blogosfera\/wp-content\/uploads\/2025\/03\/IMG-20250302-WA0062-150x150.jpg') 50% 50% no-repeat;width: 125px;height:90px;margin-bottom: 5px;background-size: cover; \"><\/div>\n\t\t\t\t\t\t\t\t\t  <\/div>\n\t\t\t\t\t\t\t\t\t  \n\t\t\t\t\t\t\t\t   <span class=\"yuzo__text--title\" style=\"font-size:13px;\">Professores do Rio Grande do Norte entram novament...<\/span>\n\t\t\t\t\t\t\t  \n\t\t\t\t\t\t\t  \n\t\t\t\t\t\t\t  <\/a>\n\n\t\t\t\t\t\t  <\/div>\n\t\t\t\t\t\t  <div class=\"relatedthumb \" style=\"width:125px;float:left;overflow:hidden;\">  \n\t\t\t\t\t\t\t  \n\t\t\t\t\t\t\t  <a  href=\"https:\/\/redept.com.br\/blogosfera\/aqui-quem-manda-e-a-gente-governo-lula-lanca-video-brasil-soberano\/\"  >\n\t\t\t\t\t\t\t\t\t  <div class=\"yuzo-img-wrap \" style=\"width: 125px;height:90px;\">\n\t\t\t\t\t\t\t\t\t\t\n\t\t\t\t\t\t\t\t\t\t<div class=\"yuzo-img\" style=\"background:url('https:\/\/redept.org\/blogosfera\/wp-content\/plugins\/yuzo-related-post\/assets\/images\/default.png') 50% 50% no-repeat;width: 125px;height:90px;margin-bottom: 5px;background-size: cover; \"><\/div>\n\t\t\t\t\t\t\t\t\t  <\/div>\n\t\t\t\t\t\t\t\t\t  \n\t\t\t\t\t\t\t\t   <span class=\"yuzo__text--title\" style=\"font-size:13px;\">\u2018Aqui quem manda \u00e9 a gente\u2019: governo Lula lan\u00e7a v\u00ed...<\/span>\n\t\t\t\t\t\t\t  \n\t\t\t\t\t\t\t  \n\t\t\t\t\t\t\t  <\/a>\n\n\t\t\t\t\t\t  <\/div>\n\t\t\t\t\t\t  <div class=\"relatedthumb \" style=\"width:125px;float:left;overflow:hidden;\">  \n\t\t\t\t\t\t\t  \n\t\t\t\t\t\t\t  <a  href=\"https:\/\/redept.com.br\/blogosfera\/mst-realiza-semana-camponesa-com-mobilizacoes-por-reforma-agraria-e-dialogo-com-governos\/\"  >\n\t\t\t\t\t\t\t\t\t  <div class=\"yuzo-img-wrap \" style=\"width: 125px;height:90px;\">\n\t\t\t\t\t\t\t\t\t\t\n\t\t\t\t\t\t\t\t\t\t<div class=\"yuzo-img\" style=\"background:url('https:\/\/redept.com.br\/blogosfera\/wp-content\/uploads\/2025\/07\/image-7-27-150x150.png') 50% 50% no-repeat;width: 125px;height:90px;margin-bottom: 5px;background-size: cover; \"><\/div>\n\t\t\t\t\t\t\t\t\t  <\/div>\n\t\t\t\t\t\t\t\t\t  \n\t\t\t\t\t\t\t\t   <span class=\"yuzo__text--title\" style=\"font-size:13px;\">MST realiza Semana Camponesa com mobiliza\u00e7\u00f5es por ...<\/span>\n\t\t\t\t\t\t\t  \n\t\t\t\t\t\t\t  \n\t\t\t\t\t\t\t  <\/a>\n\n\t\t\t\t\t\t  <\/div>\n<\/div> <script>\n\t\t\t\t\t\t  jQuery(document).ready(function( $ ){\n\t\t\t\t\t\t\t\/\/jQuery('.yuzo_related_post').equalizer({ overflow : 'relatedthumb' });\n\t\t\t\t\t\t\tjQuery('.yuzo_related_post .yuzo_wraps').equalizer({ columns : '> div' });\n\t\t\t\t\t\t   })\n\t\t\t\t\t\t  <\/script> <!-- End Yuzo :) -->","protected":false},"excerpt":{"rendered":"<p>O Movimento dos Trabalhadores Rurais Sem Terra (MST) esteve com cerca de 150 militantes na sede do\u00a0Instituto Nacional de Coloniza\u00e7\u00e3o e Reforma Agr\u00e1ria (Incra), no centro do Rio, nesta quarta (15). O movimento apresentou uma ampla pauta de reivindica\u00e7\u00f5es, dentre elas a desapropria\u00e7\u00e3o de terras para cria\u00e7\u00e3o de um assentamento para 376 fam\u00edlias do Acampamento [&hellip;]<\/p>\n","protected":false},"author":2,"featured_media":0,"comment_status":"open","ping_status":"closed","sticky":false,"template":"","format":"standard","meta":{"fifu_image_url":"","fifu_image_alt":"","footnotes":""},"categories":[16002,4822,47841,4730,2461,5312,17603,1960,39862,198,5082,47842,40222,4126,31756,10436,1920,44025,47843,4285,43092,2488,1737,47844,302,199,195,49,47845,47846,324],"tags":[],"class_list":["post-83312","post","type-post","status-publish","format-standard","hentry","category-30-anos","category-abril-vermelho","category-acampamento-15-de-abril","category-agricultura-camponesa","category-agricultura-familiar","category-agroindustria","category-alerj","category-armazem-do-campo","category-assembleia-legislativa-do-rio","category-assentamento","category-campos-dos-goytacazes","category-credito-habitacional","category-desapropriacao-de-terras","category-direitos","category-divida-com-a-uniao","category-grupo-othon","category-incra","category-infraestrutura-rural","category-joao-roberto-ripper","category-jornada-nacional-de-lutas","category-jornada-universitaria-em-defesa-da-reforma-agraria","category-jura","category-marina-do-mst","category-massacre-de-el-dorado-dos-carajas","category-mst","category-producao-de-alimentos","category-reforma-agraria","category-rio-de-janeiro","category-usina-barcelos","category-usina-sapucaia","category-violencia-no-campo"],"_links":{"self":[{"href":"https:\/\/redept.com.br\/blogosfera\/wp-json\/wp\/v2\/posts\/83312","targetHints":{"allow":["GET"]}}],"collection":[{"href":"https:\/\/redept.com.br\/blogosfera\/wp-json\/wp\/v2\/posts"}],"about":[{"href":"https:\/\/redept.com.br\/blogosfera\/wp-json\/wp\/v2\/types\/post"}],"author":[{"embeddable":true,"href":"https:\/\/redept.com.br\/blogosfera\/wp-json\/wp\/v2\/users\/2"}],"replies":[{"embeddable":true,"href":"https:\/\/redept.com.br\/blogosfera\/wp-json\/wp\/v2\/comments?post=83312"}],"version-history":[{"count":0,"href":"https:\/\/redept.com.br\/blogosfera\/wp-json\/wp\/v2\/posts\/83312\/revisions"}],"wp:attachment":[{"href":"https:\/\/redept.com.br\/blogosfera\/wp-json\/wp\/v2\/media?parent=83312"}],"wp:term":[{"taxonomy":"category","embeddable":true,"href":"https:\/\/redept.com.br\/blogosfera\/wp-json\/wp\/v2\/categories?post=83312"},{"taxonomy":"post_tag","embeddable":true,"href":"https:\/\/redept.com.br\/blogosfera\/wp-json\/wp\/v2\/tags?post=83312"}],"curies":[{"name":"wp","href":"https:\/\/api.w.org\/{rel}","templated":true}]}}