{"id":83387,"date":"2026-04-16T16:37:14","date_gmt":"2026-04-16T19:37:14","guid":{"rendered":"https:\/\/redept.com.br\/blogosfera\/stf-tem-maioria-para-derrubar-lei-de-sc-que-proibiu-cotas-raciais\/"},"modified":"2026-04-16T16:37:14","modified_gmt":"2026-04-16T19:37:14","slug":"stf-tem-maioria-para-derrubar-lei-de-sc-que-proibiu-cotas-raciais","status":"publish","type":"post","link":"https:\/\/redept.com.br\/blogosfera\/stf-tem-maioria-para-derrubar-lei-de-sc-que-proibiu-cotas-raciais\/","title":{"rendered":"STF tem maioria para derrubar lei de SC que proibiu cotas raciais"},"content":{"rendered":"<p>O Supremo Tribunal Federal (STF) formou nesta quinta-feira (16) maioria de votos para derrubar a lei de Santa Catarina que proibiu a reserva de cotas raciais para ingresso de estudantes em institui\u00e7\u00f5es de ensino que recebem verbas p\u00fablicas do estado. Na semana passada, o plen\u00e1rio virtual da Corte iniciou o julgamento de a\u00e7\u00f5es que pedem [\u2026]<\/p>\n<p><a href=\"https:\/\/www.brasildefato.com.br\/2026\/04\/16\/stf-tem-maioria-para-derrubar-lei-de-sc-que-proibiu-cotas-raciais\/\" rel=\"nofollow\">Fonte<\/a><\/p>\n<!-- Begin Yuzo --><div class='yuzo_related_post style-1'  data-version='5.12.89'><!-- without result --><div class='yuzo_clearfixed yuzo__title yuzo__title'><h3>Related Post<\/h3><\/div>\n\t\t\t\t\t\t  <div class=\"relatedthumb \" style=\"width:125px;float:left;overflow:hidden;\">  \n\t\t\t\t\t\t\t  \n\t\t\t\t\t\t\t  <a  href=\"https:\/\/redept.com.br\/blogosfera\/o-brasil-que-elegeu-lula-pela-primeira-vez-e-o-mesmo-que-o-reelegeu-em-2022\/\"  >\n\t\t\t\t\t\t\t\t\t  <div class=\"yuzo-img-wrap \" style=\"width: 125px;height:90px;\">\n\t\t\t\t\t\t\t\t\t\t\n\t\t\t\t\t\t\t\t\t\t<div class=\"yuzo-img\" style=\"background:url('https:\/\/redept.org\/blogosfera\/wp-content\/plugins\/yuzo-related-post\/assets\/images\/default.png') 50% 50% no-repeat;width: 125px;height:90px;margin-bottom: 5px;background-size: cover; \"><\/div>\n\t\t\t\t\t\t\t\t\t  <\/div>\n\t\t\t\t\t\t\t\t\t  \n\t\t\t\t\t\t\t\t   <span class=\"yuzo__text--title\" style=\"font-size:13px;\">O Brasil que elegeu Lula pela primeira vez \u00e9 o mes...<\/span>\n\t\t\t\t\t\t\t  \n\t\t\t\t\t\t\t  \n\t\t\t\t\t\t\t  <\/a>\n\n\t\t\t\t\t\t  <\/div>\n\t\t\t\t\t\t  <div class=\"relatedthumb \" style=\"width:125px;float:left;overflow:hidden;\">  \n\t\t\t\t\t\t\t  \n\t\t\t\t\t\t\t  <a  href=\"https:\/\/redept.com.br\/blogosfera\/cassacao-de-brazao-por-via-administrativa-esvazia-carater-politico-do-caso-afirmam-psolistas\/\"  >\n\t\t\t\t\t\t\t\t\t  <div class=\"yuzo-img-wrap \" style=\"width: 125px;height:90px;\">\n\t\t\t\t\t\t\t\t\t\t\n\t\t\t\t\t\t\t\t\t\t<div class=\"yuzo-img\" style=\"background:url('https:\/\/redept.org\/blogosfera\/wp-content\/plugins\/yuzo-related-post\/assets\/images\/default.png') 50% 50% no-repeat;width: 125px;height:90px;margin-bottom: 5px;background-size: cover; \"><\/div>\n\t\t\t\t\t\t\t\t\t  <\/div>\n\t\t\t\t\t\t\t\t\t  \n\t\t\t\t\t\t\t\t   <span class=\"yuzo__text--title\" style=\"font-size:13px;\">Cassa\u00e7\u00e3o de Braz\u00e3o por via administrativa \u2018esvazia...<\/span>\n\t\t\t\t\t\t\t  \n\t\t\t\t\t\t\t  \n\t\t\t\t\t\t\t  <\/a>\n\n\t\t\t\t\t\t  <\/div>\n\t\t\t\t\t\t  <div class=\"relatedthumb \" style=\"width:125px;float:left;overflow:hidden;\">  \n\t\t\t\t\t\t\t  \n\t\t\t\t\t\t\t  <a  href=\"https:\/\/redept.com.br\/blogosfera\/uniao-europeia-debate-expulsao-dos-estados-unidos-da-omc\/\"  >\n\t\t\t\t\t\t\t\t\t  <div class=\"yuzo-img-wrap \" style=\"width: 125px;height:90px;\">\n\t\t\t\t\t\t\t\t\t\t\n\t\t\t\t\t\t\t\t\t\t<div class=\"yuzo-img\" style=\"background:url('https:\/\/redept.com.br\/blogosfera\/wp-content\/uploads\/2025\/07\/9a706edf-12f7-4244-ae35-8b13e182a629-2-150x150.jpg') 50% 50% no-repeat;width: 125px;height:90px;margin-bottom: 5px;background-size: cover; \"><\/div>\n\t\t\t\t\t\t\t\t\t  <\/div>\n\t\t\t\t\t\t\t\t\t  \n\t\t\t\t\t\t\t\t   <span class=\"yuzo__text--title\" style=\"font-size:13px;\">Uni\u00e3o Europeia debate expuls\u00e3o dos Estados Unidos ...<\/span>\n\t\t\t\t\t\t\t  \n\t\t\t\t\t\t\t  \n\t\t\t\t\t\t\t  <\/a>\n\n\t\t\t\t\t\t  <\/div>\n\t\t\t\t\t\t  <div class=\"relatedthumb \" style=\"width:125px;float:left;overflow:hidden;\">  \n\t\t\t\t\t\t\t  \n\t\t\t\t\t\t\t  <a  href=\"https:\/\/redept.com.br\/blogosfera\/ia-e-a-hipocrisia-das-democracias-liberais\/\"  >\n\t\t\t\t\t\t\t\t\t  <div class=\"yuzo-img-wrap \" style=\"width: 125px;height:90px;\">\n\t\t\t\t\t\t\t\t\t\t\n\t\t\t\t\t\t\t\t\t\t<div class=\"yuzo-img\" style=\"background:url('https:\/\/redept.com.br\/blogosfera\/wp-content\/uploads\/2025\/02\/50243012334978125241-1024x577-1-150x150.jpg') 50% 50% no-repeat;width: 125px;height:90px;margin-bottom: 5px;background-size: cover; \"><\/div>\n\t\t\t\t\t\t\t\t\t  <\/div>\n\t\t\t\t\t\t\t\t\t  \n\t\t\t\t\t\t\t\t   <span class=\"yuzo__text--title\" style=\"font-size:13px;\">IA e a hipocrisia das democracias liberais<\/span>\n\t\t\t\t\t\t\t  \n\t\t\t\t\t\t\t  \n\t\t\t\t\t\t\t  <\/a>\n\n\t\t\t\t\t\t  <\/div>\n<\/div> <script>\n\t\t\t\t\t\t  jQuery(document).ready(function( $ ){\n\t\t\t\t\t\t\t\/\/jQuery('.yuzo_related_post').equalizer({ overflow : 'relatedthumb' });\n\t\t\t\t\t\t\tjQuery('.yuzo_related_post .yuzo_wraps').equalizer({ columns : '> div' });\n\t\t\t\t\t\t   })\n\t\t\t\t\t\t  <\/script> <!-- End Yuzo :) -->","protected":false},"excerpt":{"rendered":"<p>O Supremo Tribunal Federal (STF) formou nesta quinta-feira (16) maioria de votos para derrubar a lei de Santa Catarina que proibiu a reserva de cotas raciais para ingresso de estudantes em institui\u00e7\u00f5es de ensino que recebem verbas p\u00fablicas do estado. Na semana passada, o plen\u00e1rio virtual da Corte iniciou o julgamento de a\u00e7\u00f5es que pedem [&hellip;]<\/p>\n","protected":false},"author":2,"featured_media":0,"comment_status":"open","ping_status":"closed","sticky":false,"template":"","format":"standard","meta":{"fifu_image_url":"","fifu_image_alt":"","footnotes":""},"categories":[44048,2378,9180,1261,46211,4621,3992,2560,4902,4126,5732,95,880,1036,1654,528,48005,46212,23371,46213,48006,1871,692,1351,6877,1059,10432,66,260,7236],"tags":[],"class_list":["post-83387","post","type-post","status-publish","format-standard","hentry","category-acao-direta-de-inconstitucionalidade","category-acesso-a-universidade","category-acoes-afirmativas","category-alexandre-de-moraes","category-assembleia-legislativa-de-sc","category-cotas-raciais","category-cristiano-zanin","category-dias-toffoli","category-direito-constitucional","category-direitos","category-edson-fachin","category-educacao","category-ensino-superior","category-flavio-dino","category-gilmar-mendes","category-igualdade-racial","category-instituicoes-publicas","category-jorginho-melo","category-julgamento-virtual","category-lei-19-722-2026","category-lei-inconstitucional","category-oab","category-pcdob","category-politica-de-cotas","category-psol","category-pt","category-reserva-de-vagas","category-santa-catarina","category-stf","category-supremo-tribunal-federal"],"_links":{"self":[{"href":"https:\/\/redept.com.br\/blogosfera\/wp-json\/wp\/v2\/posts\/83387","targetHints":{"allow":["GET"]}}],"collection":[{"href":"https:\/\/redept.com.br\/blogosfera\/wp-json\/wp\/v2\/posts"}],"about":[{"href":"https:\/\/redept.com.br\/blogosfera\/wp-json\/wp\/v2\/types\/post"}],"author":[{"embeddable":true,"href":"https:\/\/redept.com.br\/blogosfera\/wp-json\/wp\/v2\/users\/2"}],"replies":[{"embeddable":true,"href":"https:\/\/redept.com.br\/blogosfera\/wp-json\/wp\/v2\/comments?post=83387"}],"version-history":[{"count":0,"href":"https:\/\/redept.com.br\/blogosfera\/wp-json\/wp\/v2\/posts\/83387\/revisions"}],"wp:attachment":[{"href":"https:\/\/redept.com.br\/blogosfera\/wp-json\/wp\/v2\/media?parent=83387"}],"wp:term":[{"taxonomy":"category","embeddable":true,"href":"https:\/\/redept.com.br\/blogosfera\/wp-json\/wp\/v2\/categories?post=83387"},{"taxonomy":"post_tag","embeddable":true,"href":"https:\/\/redept.com.br\/blogosfera\/wp-json\/wp\/v2\/tags?post=83387"}],"curies":[{"name":"wp","href":"https:\/\/api.w.org\/{rel}","templated":true}]}}