{"id":83503,"date":"2026-04-17T07:44:39","date_gmt":"2026-04-17T10:44:39","guid":{"rendered":"https:\/\/redept.com.br\/blogosfera\/o-sequestro-do-dinheiro-publico-que-as-emendas-parlamentares-retiram-do-sus-e-do-bolsa-familia\/"},"modified":"2026-04-17T07:44:39","modified_gmt":"2026-04-17T10:44:39","slug":"o-sequestro-do-dinheiro-publico-que-as-emendas-parlamentares-retiram-do-sus-e-do-bolsa-familia","status":"publish","type":"post","link":"https:\/\/redept.com.br\/blogosfera\/o-sequestro-do-dinheiro-publico-que-as-emendas-parlamentares-retiram-do-sus-e-do-bolsa-familia\/","title":{"rendered":"O sequestro do dinheiro p\u00fablico que as emendas parlamentares retiram do SUS e do Bolsa Fam\u00edlia"},"content":{"rendered":"<p>Para o dinheiro p\u00fablico previsto anualmente pelas leis de or\u00e7amento votadas pelo Poder Legislativo de cada Estado, Munic\u00edpio e Uni\u00e3o para financiar suas pol\u00edticas p\u00fablicas a servi\u00e7o do povo ao qual eles servem, a Constitui\u00e7\u00e3o Federal previu uma s\u00e9rie de condi\u00e7\u00f5es a serem obedecidas. Entre elas, a de o Poder Legislativo de cada uma dessas [\u2026]<\/p>\n<p><a href=\"https:\/\/www.brasildefato.com.br\/colunista\/jacques-tavora-alfonsin\/2026\/04\/17\/o-sequestro-do-dinheiro-publico-que-as-emendas-parlamentares-retiram-do-sus-e-do-bolsa-familia\/\" rel=\"nofollow\">Fonte<\/a><\/p>\n<!-- Begin Yuzo --><div class='yuzo_related_post style-1'  data-version='5.12.89'><!-- without result --><div class='yuzo_clearfixed yuzo__title yuzo__title'><h3>Related Post<\/h3><\/div>\n\t\t\t\t\t\t  <div class=\"relatedthumb \" style=\"width:125px;float:left;overflow:hidden;\">  \n\t\t\t\t\t\t\t  \n\t\t\t\t\t\t\t  <a  href=\"https:\/\/redept.com.br\/blogosfera\/brain-rot-e-a-palavra-de-2024-o-que-significa-esse-fenomeno\/\"  >\n\t\t\t\t\t\t\t\t\t  <div class=\"yuzo-img-wrap \" style=\"width: 125px;height:90px;\">\n\t\t\t\t\t\t\t\t\t\t\n\t\t\t\t\t\t\t\t\t\t<div class=\"yuzo-img\" style=\"background:url('https:\/\/redept.org\/blogosfera\/wp-content\/plugins\/yuzo-related-post\/assets\/images\/default.png') 50% 50% no-repeat;width: 125px;height:90px;margin-bottom: 5px;background-size: cover; \"><\/div>\n\t\t\t\t\t\t\t\t\t  <\/div>\n\t\t\t\t\t\t\t\t\t  \n\t\t\t\t\t\t\t\t   <span class=\"yuzo__text--title\" style=\"font-size:13px;\">\u201cBrain rot\u201d \u00e9 a palavra de 2024: o que significa e...<\/span>\n\t\t\t\t\t\t\t  \n\t\t\t\t\t\t\t  \n\t\t\t\t\t\t\t  <\/a>\n\n\t\t\t\t\t\t  <\/div>\n\t\t\t\t\t\t  <div class=\"relatedthumb \" style=\"width:125px;float:left;overflow:hidden;\">  \n\t\t\t\t\t\t\t  \n\t\t\t\t\t\t\t  <a  href=\"https:\/\/redept.com.br\/blogosfera\/stf-protagoniza-defesa-da-democracia-diante-de-pressoes-internas-e-externas-diz-especialista\/\"  >\n\t\t\t\t\t\t\t\t\t  <div class=\"yuzo-img-wrap \" style=\"width: 125px;height:90px;\">\n\t\t\t\t\t\t\t\t\t\t\n\t\t\t\t\t\t\t\t\t\t<div class=\"yuzo-img\" style=\"background:url('https:\/\/redept.org\/blogosfera\/wp-content\/plugins\/yuzo-related-post\/assets\/images\/default.png') 50% 50% no-repeat;width: 125px;height:90px;margin-bottom: 5px;background-size: cover; \"><\/div>\n\t\t\t\t\t\t\t\t\t  <\/div>\n\t\t\t\t\t\t\t\t\t  \n\t\t\t\t\t\t\t\t   <span class=\"yuzo__text--title\" style=\"font-size:13px;\">STF protagoniza defesa da democracia diante de pre...<\/span>\n\t\t\t\t\t\t\t  \n\t\t\t\t\t\t\t  \n\t\t\t\t\t\t\t  <\/a>\n\n\t\t\t\t\t\t  <\/div>\n\t\t\t\t\t\t  <div class=\"relatedthumb \" style=\"width:125px;float:left;overflow:hidden;\">  \n\t\t\t\t\t\t\t  \n\t\t\t\t\t\t\t  <a  href=\"https:\/\/redept.com.br\/blogosfera\/faltam-9-dias-para-a-copa-esta-e-a-edicao-com-mais-paises-africanos-da-historia\/\"  >\n\t\t\t\t\t\t\t\t\t  <div class=\"yuzo-img-wrap \" style=\"width: 125px;height:90px;\">\n\t\t\t\t\t\t\t\t\t\t\n\t\t\t\t\t\t\t\t\t\t<div class=\"yuzo-img\" style=\"background:url('https:\/\/redept.com.br\/blogosfera\/wp-content\/uploads\/2026\/06\/LyleFoster-150x150.png') 50% 50% no-repeat;width: 125px;height:90px;margin-bottom: 5px;background-size: cover; \"><\/div>\n\t\t\t\t\t\t\t\t\t  <\/div>\n\t\t\t\t\t\t\t\t\t  \n\t\t\t\t\t\t\t\t   <span class=\"yuzo__text--title\" style=\"font-size:13px;\">Faltam 9 dias para a Copa: esta \u00e9 a edi\u00e7\u00e3o com mai...<\/span>\n\t\t\t\t\t\t\t  \n\t\t\t\t\t\t\t  \n\t\t\t\t\t\t\t  <\/a>\n\n\t\t\t\t\t\t  <\/div>\n\t\t\t\t\t\t  <div class=\"relatedthumb \" style=\"width:125px;float:left;overflow:hidden;\">  \n\t\t\t\t\t\t\t  \n\t\t\t\t\t\t\t  <a  href=\"https:\/\/redept.com.br\/blogosfera\/povo-cubano-ocupa-as-ruas-de-havana-contra-bloqueio-dos-eua\/\"  >\n\t\t\t\t\t\t\t\t\t  <div class=\"yuzo-img-wrap \" style=\"width: 125px;height:90px;\">\n\t\t\t\t\t\t\t\t\t\t\n\t\t\t\t\t\t\t\t\t\t<div class=\"yuzo-img\" style=\"background:url('https:\/\/redept.com.br\/blogosfera\/wp-content\/uploads\/2024\/12\/N-150x150.jpg') 50% 50% no-repeat;width: 125px;height:90px;margin-bottom: 5px;background-size: cover; \"><\/div>\n\t\t\t\t\t\t\t\t\t  <\/div>\n\t\t\t\t\t\t\t\t\t  \n\t\t\t\t\t\t\t\t   <span class=\"yuzo__text--title\" style=\"font-size:13px;\">Povo cubano ocupa as ruas de Havana contra bloquei...<\/span>\n\t\t\t\t\t\t\t  \n\t\t\t\t\t\t\t  \n\t\t\t\t\t\t\t  <\/a>\n\n\t\t\t\t\t\t  <\/div>\n<\/div> <script>\n\t\t\t\t\t\t  jQuery(document).ready(function( $ ){\n\t\t\t\t\t\t\t\/\/jQuery('.yuzo_related_post').equalizer({ overflow : 'relatedthumb' });\n\t\t\t\t\t\t\tjQuery('.yuzo_related_post .yuzo_wraps').equalizer({ columns : '> div' });\n\t\t\t\t\t\t   })\n\t\t\t\t\t\t  <\/script> <!-- End Yuzo :) -->","protected":false},"excerpt":{"rendered":"<p>Para o dinheiro p\u00fablico previsto anualmente pelas leis de or\u00e7amento votadas pelo Poder Legislativo de cada Estado, Munic\u00edpio e Uni\u00e3o para financiar suas pol\u00edticas p\u00fablicas a servi\u00e7o do povo ao qual eles servem, a Constitui\u00e7\u00e3o Federal previu uma s\u00e9rie de condi\u00e7\u00f5es a serem obedecidas. Entre elas, a de o Poder Legislativo de cada uma dessas [&hellip;]<\/p>\n","protected":false},"author":2,"featured_media":0,"comment_status":"open","ping_status":"closed","sticky":false,"template":"","format":"standard","meta":{"fifu_image_url":"","fifu_image_alt":"","footnotes":""},"categories":[2431,48252,2806,48253,637,886,2207,48254,48255,307,48256,1657,42584,39065,1036,310,1998,48257,802,1886,10576,48258,10302,39248,214,753,39249,260,1256,26652],"tags":[],"class_list":["post-83503","post","type-post","status-publish","format-standard","hentry","category-abuso-de-poder","category-adi-7697","category-ajd","category-associacao-de-juizes-para-a-democracia","category-bolsa-familia","category-constituicao-federal","category-corrupcao","category-corte-orcamentario","category-desvio-de-recursos-publicos","category-direitos-humanos","category-emendas-impositivas","category-emendas-parlamentares","category-esperancar","category-financiamento-da-saude","category-flavio-dino","category-funcao-social-da-propriedade","category-fundeb","category-inesc","category-ipea","category-justica-social","category-mobilizacao-social","category-orcamento-discricionario","category-orcamento-publico","category-poder-legislativo","category-politicas-publicas","category-saude-publica","category-separacao-de-poderes","category-stf","category-sus","category-vulnerabilidade-social"],"_links":{"self":[{"href":"https:\/\/redept.com.br\/blogosfera\/wp-json\/wp\/v2\/posts\/83503","targetHints":{"allow":["GET"]}}],"collection":[{"href":"https:\/\/redept.com.br\/blogosfera\/wp-json\/wp\/v2\/posts"}],"about":[{"href":"https:\/\/redept.com.br\/blogosfera\/wp-json\/wp\/v2\/types\/post"}],"author":[{"embeddable":true,"href":"https:\/\/redept.com.br\/blogosfera\/wp-json\/wp\/v2\/users\/2"}],"replies":[{"embeddable":true,"href":"https:\/\/redept.com.br\/blogosfera\/wp-json\/wp\/v2\/comments?post=83503"}],"version-history":[{"count":0,"href":"https:\/\/redept.com.br\/blogosfera\/wp-json\/wp\/v2\/posts\/83503\/revisions"}],"wp:attachment":[{"href":"https:\/\/redept.com.br\/blogosfera\/wp-json\/wp\/v2\/media?parent=83503"}],"wp:term":[{"taxonomy":"category","embeddable":true,"href":"https:\/\/redept.com.br\/blogosfera\/wp-json\/wp\/v2\/categories?post=83503"},{"taxonomy":"post_tag","embeddable":true,"href":"https:\/\/redept.com.br\/blogosfera\/wp-json\/wp\/v2\/tags?post=83503"}],"curies":[{"name":"wp","href":"https:\/\/api.w.org\/{rel}","templated":true}]}}