{"id":83595,"date":"2026-04-17T14:59:24","date_gmt":"2026-04-17T17:59:24","guid":{"rendered":"https:\/\/redept.com.br\/blogosfera\/exposicao-atlantico-sertao-no-ccbb-sao-paulo-retrata-o-sertao-por-meio-da-arte-contemporanea\/"},"modified":"2026-04-17T14:59:24","modified_gmt":"2026-04-17T17:59:24","slug":"exposicao-atlantico-sertao-no-ccbb-sao-paulo-retrata-o-sertao-por-meio-da-arte-contemporanea","status":"publish","type":"post","link":"https:\/\/redept.com.br\/blogosfera\/exposicao-atlantico-sertao-no-ccbb-sao-paulo-retrata-o-sertao-por-meio-da-arte-contemporanea\/","title":{"rendered":"Exposi\u00e7\u00e3o Atl\u00e2ntico Sert\u00e3o, no CCBB S\u00e3o Paulo, retrata o sert\u00e3o por meio da arte contempor\u00e2nea"},"content":{"rendered":"<p>Mostra re\u00fane mais de 70 artistas e utiliza diversos n\u00facleos para apresentar o territ\u00f3rio como espa\u00e7o de resist\u00eancia e preserva\u00e7\u00e3o de saberes<\/p>\n<p><a href=\"https:\/\/www.brasildefato.com.br\/2026\/04\/17\/exposicao-atlantico-sertao-no-ccbb-sao-paulo-retrata-o-sertao-por-meio-da-arte-contemporanea\/\" rel=\"nofollow\">Fonte<\/a><\/p>\n<!-- Begin Yuzo --><div class='yuzo_related_post style-1'  data-version='5.12.89'><!-- without result --><div class='yuzo_clearfixed yuzo__title yuzo__title'><h3>Related Post<\/h3><\/div>\n\t\t\t\t\t\t  <div class=\"relatedthumb \" style=\"width:125px;float:left;overflow:hidden;\">  \n\t\t\t\t\t\t\t  \n\t\t\t\t\t\t\t  <a  href=\"https:\/\/redept.com.br\/blogosfera\/marica-se-torna-vitrine-das-politicas-publicas-de-distribuicao-de-renda-por-colocar-povo-no-orcamento\/\"  >\n\t\t\t\t\t\t\t\t\t  <div class=\"yuzo-img-wrap \" style=\"width: 125px;height:90px;\">\n\t\t\t\t\t\t\t\t\t\t\n\t\t\t\t\t\t\t\t\t\t<div class=\"yuzo-img\" style=\"background:url('https:\/\/redept.org\/blogosfera\/wp-content\/plugins\/yuzo-related-post\/assets\/images\/default.png') 50% 50% no-repeat;width: 125px;height:90px;margin-bottom: 5px;background-size: cover; \"><\/div>\n\t\t\t\t\t\t\t\t\t  <\/div>\n\t\t\t\t\t\t\t\t\t  \n\t\t\t\t\t\t\t\t   <span class=\"yuzo__text--title\" style=\"font-size:13px;\">Maric\u00e1 se torna vitrine das pol\u00edticas p\u00fablicas de ...<\/span>\n\t\t\t\t\t\t\t  \n\t\t\t\t\t\t\t  \n\t\t\t\t\t\t\t  <\/a>\n\n\t\t\t\t\t\t  <\/div>\n\t\t\t\t\t\t  <div class=\"relatedthumb \" style=\"width:125px;float:left;overflow:hidden;\">  \n\t\t\t\t\t\t\t  \n\t\t\t\t\t\t\t  <a  href=\"https:\/\/redept.com.br\/blogosfera\/para-lembrar-os-50-anos-do-assassinato-de-vladimir-herzog\/\"  >\n\t\t\t\t\t\t\t\t\t  <div class=\"yuzo-img-wrap \" style=\"width: 125px;height:90px;\">\n\t\t\t\t\t\t\t\t\t\t\n\t\t\t\t\t\t\t\t\t\t<div class=\"yuzo-img\" style=\"background:url('https:\/\/redept.com.br\/blogosfera\/wp-content\/uploads\/2025\/02\/20250207-certidao-nascimento-vlado-150x150.jpg') 50% 50% no-repeat;width: 125px;height:90px;margin-bottom: 5px;background-size: cover; \"><\/div>\n\t\t\t\t\t\t\t\t\t  <\/div>\n\t\t\t\t\t\t\t\t\t  \n\t\t\t\t\t\t\t\t   <span class=\"yuzo__text--title\" style=\"font-size:13px;\">Para lembrar os 50 anos do assassinato de Vladimir...<\/span>\n\t\t\t\t\t\t\t  \n\t\t\t\t\t\t\t  \n\t\t\t\t\t\t\t  <\/a>\n\n\t\t\t\t\t\t  <\/div>\n\t\t\t\t\t\t  <div class=\"relatedthumb \" style=\"width:125px;float:left;overflow:hidden;\">  \n\t\t\t\t\t\t\t  \n\t\t\t\t\t\t\t  <a  href=\"https:\/\/redept.com.br\/blogosfera\/aprovado-texto-de-paim-que-da-dignidade-a-imigrantes\/\"  >\n\t\t\t\t\t\t\t\t\t  <div class=\"yuzo-img-wrap \" style=\"width: 125px;height:90px;\">\n\t\t\t\t\t\t\t\t\t\t\n\t\t\t\t\t\t\t\t\t\t<div class=\"yuzo-img\" style=\"background:url('https:\/\/redept.org\/blogosfera\/wp-content\/plugins\/yuzo-related-post\/assets\/images\/default.png') 50% 50% no-repeat;width: 125px;height:90px;margin-bottom: 5px;background-size: cover; \"><\/div>\n\t\t\t\t\t\t\t\t\t  <\/div>\n\t\t\t\t\t\t\t\t\t  \n\t\t\t\t\t\t\t\t   <span class=\"yuzo__text--title\" style=\"font-size:13px;\">Aprovado texto de Paim que d\u00e1 dignidade a imigrant...<\/span>\n\t\t\t\t\t\t\t  \n\t\t\t\t\t\t\t  \n\t\t\t\t\t\t\t  <\/a>\n\n\t\t\t\t\t\t  <\/div>\n\t\t\t\t\t\t  <div class=\"relatedthumb \" style=\"width:125px;float:left;overflow:hidden;\">  \n\t\t\t\t\t\t\t  \n\t\t\t\t\t\t\t  <a  href=\"https:\/\/redept.com.br\/blogosfera\/vitima-de-feminicidio-em-duque-de-caxias-rj-foi-baleada-por-ex-companheiro-na-frente-dos-filhos\/\"  >\n\t\t\t\t\t\t\t\t\t  <div class=\"yuzo-img-wrap \" style=\"width: 125px;height:90px;\">\n\t\t\t\t\t\t\t\t\t\t\n\t\t\t\t\t\t\t\t\t\t<div class=\"yuzo-img\" style=\"background:url('https:\/\/redept.org\/blogosfera\/wp-content\/plugins\/yuzo-related-post\/assets\/images\/default.png') 50% 50% no-repeat;width: 125px;height:90px;margin-bottom: 5px;background-size: cover; \"><\/div>\n\t\t\t\t\t\t\t\t\t  <\/div>\n\t\t\t\t\t\t\t\t\t  \n\t\t\t\t\t\t\t\t   <span class=\"yuzo__text--title\" style=\"font-size:13px;\">V\u00edtima de feminic\u00eddio em Duque de Caxias (RJ) foi ...<\/span>\n\t\t\t\t\t\t\t  \n\t\t\t\t\t\t\t  \n\t\t\t\t\t\t\t  <\/a>\n\n\t\t\t\t\t\t  <\/div>\n<\/div> <script>\n\t\t\t\t\t\t  jQuery(document).ready(function( $ ){\n\t\t\t\t\t\t\t\/\/jQuery('.yuzo_related_post').equalizer({ overflow : 'relatedthumb' });\n\t\t\t\t\t\t\tjQuery('.yuzo_related_post .yuzo_wraps').equalizer({ columns : '> div' });\n\t\t\t\t\t\t   })\n\t\t\t\t\t\t  <\/script> <!-- End Yuzo :) -->","protected":false},"excerpt":{"rendered":"<p>Mostra re\u00fane mais de 70 artistas e utiliza diversos n\u00facleos para apresentar o territ\u00f3rio como espa\u00e7o de resist\u00eancia e preserva\u00e7\u00e3o de saberes Fonte Related Post L\u00edder do PT protocola terceiro pedido de cassa\u00e7\u00e3o &#8230; EUA anunciam novas san\u00e7\u00f5es contra Cuba em meio a t&#8230; Setor audiovisual protesta contra PL da regula\u00e7\u00e3o &#8230; Contas de luz [&hellip;]<\/p>\n","protected":false},"author":2,"featured_media":0,"comment_status":"open","ping_status":"closed","sticky":false,"template":"","format":"standard","meta":{"fifu_image_url":"","fifu_image_alt":"","footnotes":""},"categories":[48431,48432,48433,48434,6497,48435,48436,48437,48438,48439,48440,48441,39937,48442,48443,48444,48445,40711,1305,48446,48447,48448,48449,48450,48451,48452,48453,48454,48455,48456,48457,5500,48458,48459,48460,48461,48462,48463,48464,48465,48466,48467,48468,48469,48470,48471,48472,48473,48474,48475,48476,48477,48478,43221,48479,48480,48481,1011,48482,42324,48483,48484,48485,48486,48487,48488,48489,48490,48491,47296,48492,48493,48494,48495,48496,48497,48498,48499,48500,48501,307,48502,48503,4345,48504,48505,48506,43226,48507,39672,48508,48509,48510,48511,48512,45241,48513,48514,7306,4452,48515,48516,48517,48518,48519,48520,761,48521,48522,15203,48523,48524,48525,48526,48527,48528,48529,14062,48530,48531,40926,48532,48533,3116,48534,48535,48536,48537,48538,48539,48540,48541,8228,48542,48543,48544,48545,48546,48547,48548,45246,48549,48550,48551,48552,48553,35877,48554,48555,35942,48556,43957,1052,6090,48557,48558,48559,48560,48561,48562,48563,48564,48565,48566,48567,48568,48569,48570,48571,48572,48573,48574,48575,48576],"tags":[],"class_list":["post-83595","post","type-post","status-publish","format-standard","hentry","category-acervo-expositivo","category-africa-e-brasil","category-agenda-cultural-sp","category-amanda-rezende","category-ancestralidade","category-andares-do-ccbb","category-ariana-nuala","category-arquivos-vivos","category-arte-brasileira-contemporanea","category-arte-como-arquivo","category-arte-como-documento","category-arte-como-resistencia","category-arte-contemporanea","category-arte-do-nordeste","category-arte-do-norte","category-arte-e-arquivo","category-arte-e-circulacao","category-arte-e-comunidade","category-arte-e-cultura","category-arte-e-deserto","category-arte-e-dialogo","category-arte-e-direitos","category-arte-e-ecologia","category-arte-e-geologia","category-arte-e-historia","category-arte-e-humanidades","category-arte-e-identidade","category-arte-e-meio-ambiente","category-arte-e-musica","category-arte-e-permanencia","category-arte-e-poeira","category-arte-e-politica","category-arte-e-simbologia","category-arte-e-sociedade","category-arte-e-tecnologia","category-arte-e-tempo","category-arte-e-viagem","category-arte-em-brasilia","category-arte-em-salvador","category-arte-em-sao-paulo","category-arte-imersiva","category-arte-sonora","category-arte-visual","category-artistas-brasileiros","category-artistas-consagrados","category-artistas-do-nordeste","category-artistas-do-norte","category-artistas-emergentes","category-atividades-paralelas","category-atlantico-como-ponte","category-biarritzzz","category-brasil-contemporaneo","category-calendario-cultural","category-ccbb-brasilia","category-ccbb-salvador","category-ccbb-sao-paulo","category-centro-cultural-banco-do-brasil","category-cidades","category-circulacao-cultural","category-comunidades-negras","category-conceito-de-sertao","category-conexao-geologica","category-conexoes-brasil-africa","category-conexoes-historicas","category-conhecimento-ancestral","category-constante-dialogo","category-construcao-humana","category-construcao-simbolica","category-cosmologias","category-curadoria","category-curadoria-coletiva","category-curadoria-em-arte","category-curadoria-tematica","category-debates-sobre-arte","category-dialogo-artistico","category-dialogo-constante","category-dialogo-cultural","category-diaspora-africana","category-diferentes-geografias","category-dinamica-de-registros","category-direitos-humanos","category-diversidade-brasileira","category-documentacao-artistica","category-ecologia","category-ecologias-ancestrais","category-encontro-de-culturas","category-encontro-de-tempos","category-entrada-gratuita","category-escultura","category-espiritualidade","category-espiritualidade-na-arte","category-estrutura-triangular","category-exposicao-2026","category-exposicao-atlantico-sertao","category-exposicao-de-arte-brasileira","category-exposicao-gratuita","category-fluxos-culturais","category-fluxos-de-pessoas","category-forro","category-fotografia","category-futuro-e-ancestralidade","category-geografia-cultural","category-grafias-da-terra","category-herancas-culturais","category-horarios-de-funcionamento","category-idealizacao","category-indigenas","category-ingressos-ccbb","category-inscricoes-ancestrais","category-instalacao","category-instalacao-digital","category-instrumentos-musicais","category-itinerancia-da-exposicao","category-jean-carlos-azuos","category-lista-de-artistas","category-marcelo-campos","category-marina-maciel","category-memoria-coletiva","category-modos-de-existencia","category-mostra-de-arte","category-movimento-cultural","category-nordeste-brasileiro","category-novas-formas","category-novas-tecnologias","category-nucleos-curatoriais","category-obras-de-arte","category-ocupacao-total","category-oralidade-e-memoria","category-paisagem-cultural","category-paisagem-humana","category-participacao-de-artistas","category-partilha-na-arte","category-patrimonio-cultural","category-permanencia-e-movimento","category-perspectiva-ampliada","category-pesquisa-em-arte","category-pintura","category-poeiras-do-saara","category-populacoes-tradicionais","category-premissa-conceitual","category-preservacao-cultural","category-profissao-do-artista","category-programacao-ccbb","category-programacao-educativa","category-projeto-expositivo","category-regulamentacao-profissional","category-relacoes-transatlanticas","category-resiliencia-cultural","category-rita-venus","category-saara","category-saberes-que-atravessam","category-saberes-tradicionais","category-sertanejo","category-sertao","category-sertao-atlantico","category-sertao-como-conceito","category-sertao-simbolico","category-sertoes-negros","category-simbolos-do-sertao","category-site-da-exposicao","category-sonoridades-africanas","category-tecnologias-contemporaneas","category-telas-digitais","category-tempos-e-geografias","category-territorio-de-circulacao","category-territorio-e-identidade","category-thayna-trindade","category-tradicao-e-contemporaneidade","category-travessias","category-travessias-culturais","category-triangulo-musical","category-trios-de-forro","category-uniao-de-continentes","category-visitacao-gratuita"],"_links":{"self":[{"href":"https:\/\/redept.com.br\/blogosfera\/wp-json\/wp\/v2\/posts\/83595","targetHints":{"allow":["GET"]}}],"collection":[{"href":"https:\/\/redept.com.br\/blogosfera\/wp-json\/wp\/v2\/posts"}],"about":[{"href":"https:\/\/redept.com.br\/blogosfera\/wp-json\/wp\/v2\/types\/post"}],"author":[{"embeddable":true,"href":"https:\/\/redept.com.br\/blogosfera\/wp-json\/wp\/v2\/users\/2"}],"replies":[{"embeddable":true,"href":"https:\/\/redept.com.br\/blogosfera\/wp-json\/wp\/v2\/comments?post=83595"}],"version-history":[{"count":0,"href":"https:\/\/redept.com.br\/blogosfera\/wp-json\/wp\/v2\/posts\/83595\/revisions"}],"wp:attachment":[{"href":"https:\/\/redept.com.br\/blogosfera\/wp-json\/wp\/v2\/media?parent=83595"}],"wp:term":[{"taxonomy":"category","embeddable":true,"href":"https:\/\/redept.com.br\/blogosfera\/wp-json\/wp\/v2\/categories?post=83595"},{"taxonomy":"post_tag","embeddable":true,"href":"https:\/\/redept.com.br\/blogosfera\/wp-json\/wp\/v2\/tags?post=83595"}],"curies":[{"name":"wp","href":"https:\/\/api.w.org\/{rel}","templated":true}]}}