{"id":83606,"date":"2026-04-17T15:46:54","date_gmt":"2026-04-17T18:46:54","guid":{"rendered":"https:\/\/redept.com.br\/blogosfera\/dialogos-para-acao-quer-unir-producao-academica-e-movimentos-populares\/"},"modified":"2026-04-17T15:46:54","modified_gmt":"2026-04-17T18:46:54","slug":"dialogos-para-acao-quer-unir-producao-academica-e-movimentos-populares","status":"publish","type":"post","link":"https:\/\/redept.com.br\/blogosfera\/dialogos-para-acao-quer-unir-producao-academica-e-movimentos-populares\/","title":{"rendered":"Di\u00e1logos para A\u00e7\u00e3o quer unir produ\u00e7\u00e3o acad\u00eamica e movimentos populares"},"content":{"rendered":"<p>O epis\u00f3dio desta semana do podcast De Fato apresenta o projeto Di\u00e1logos para A\u00e7\u00e3o, uma iniciativa do Sindicato dos Banc\u00e1rios de Porto Alegre (SindBanc\u00e1rios) que busca aproximar movimentos populares e universidade em um processo coletivo de forma\u00e7\u00e3o pol\u00edtica. Com a participa\u00e7\u00e3o do presidente do SindBanc\u00e1rios, Luciano Fetzner, e do assessor jur\u00eddico L\u00facio Costa, o programa [\u2026]<\/p>\n<p><a href=\"https:\/\/www.brasildefato.com.br\/2026\/04\/17\/dialogos-para-acao-quer-unir-producao-academica-e-movimentos-populares\/\" rel=\"nofollow\">Fonte<\/a><\/p>\n<!-- Begin Yuzo --><div class='yuzo_related_post style-1'  data-version='5.12.89'><!-- without result --><div class='yuzo_clearfixed yuzo__title yuzo__title'><h3>Related Post<\/h3><\/div>\n\t\t\t\t\t\t  <div class=\"relatedthumb \" style=\"width:125px;float:left;overflow:hidden;\">  \n\t\t\t\t\t\t\t  \n\t\t\t\t\t\t\t  <a  href=\"https:\/\/redept.com.br\/blogosfera\/brasilia-faz-65-anos-e-recebe-programacao-especial-da-camara-e-senado\/\"  >\n\t\t\t\t\t\t\t\t\t  <div class=\"yuzo-img-wrap \" style=\"width: 125px;height:90px;\">\n\t\t\t\t\t\t\t\t\t\t\n\t\t\t\t\t\t\t\t\t\t<div class=\"yuzo-img\" style=\"background:url('https:\/\/redept.com.br\/blogosfera\/wp-content\/uploads\/2025\/04\/eixo_monumental_jfcrz_abr_1309220764-2048x1365-1-150x150.jpg') 50% 50% no-repeat;width: 125px;height:90px;margin-bottom: 5px;background-size: cover; \"><\/div>\n\t\t\t\t\t\t\t\t\t  <\/div>\n\t\t\t\t\t\t\t\t\t  \n\t\t\t\t\t\t\t\t   <span class=\"yuzo__text--title\" style=\"font-size:13px;\">Bras\u00edlia faz 65 anos e recebe programa\u00e7\u00e3o especial...<\/span>\n\t\t\t\t\t\t\t  \n\t\t\t\t\t\t\t  \n\t\t\t\t\t\t\t  <\/a>\n\n\t\t\t\t\t\t  <\/div>\n\t\t\t\t\t\t  <div class=\"relatedthumb \" style=\"width:125px;float:left;overflow:hidden;\">  \n\t\t\t\t\t\t\t  \n\t\t\t\t\t\t\t  <a  href=\"https:\/\/redept.com.br\/blogosfera\/os-motoboys-estao-recuperando-um-sentido-de-greve-que-ha-muito-nao-viamos-diz-doutora-em-direito-do-trabalho\/\"  >\n\t\t\t\t\t\t\t\t\t  <div class=\"yuzo-img-wrap \" style=\"width: 125px;height:90px;\">\n\t\t\t\t\t\t\t\t\t\t\n\t\t\t\t\t\t\t\t\t\t<div class=\"yuzo-img\" style=\"background:url('https:\/\/redept.com.br\/blogosfera\/wp-content\/uploads\/2025\/04\/image-2-2-150x92.png') 50% 50% no-repeat;width: 125px;height:90px;margin-bottom: 5px;background-size: cover; \"><\/div>\n\t\t\t\t\t\t\t\t\t  <\/div>\n\t\t\t\t\t\t\t\t\t  \n\t\t\t\t\t\t\t\t   <span class=\"yuzo__text--title\" style=\"font-size:13px;\">\u00a0\u2018Os motoboys est\u00e3o recuperando um sentido de grev...<\/span>\n\t\t\t\t\t\t\t  \n\t\t\t\t\t\t\t  \n\t\t\t\t\t\t\t  <\/a>\n\n\t\t\t\t\t\t  <\/div>\n\t\t\t\t\t\t  <div class=\"relatedthumb \" style=\"width:125px;float:left;overflow:hidden;\">  \n\t\t\t\t\t\t\t  \n\t\t\t\t\t\t\t  <a  href=\"https:\/\/redept.com.br\/blogosfera\/siara-estreia-como-1o-streaming-de-cinema-cearense-com-alcance-gratuito-e-global\/\"  >\n\t\t\t\t\t\t\t\t\t  <div class=\"yuzo-img-wrap \" style=\"width: 125px;height:90px;\">\n\t\t\t\t\t\t\t\t\t\t\n\t\t\t\t\t\t\t\t\t\t<div class=\"yuzo-img\" style=\"background:url('https:\/\/redept.com.br\/blogosfera\/wp-content\/uploads\/2025\/08\/bdf-20250819-124312-0a6d84-150x150.jpg') 50% 50% no-repeat;width: 125px;height:90px;margin-bottom: 5px;background-size: cover; \"><\/div>\n\t\t\t\t\t\t\t\t\t  <\/div>\n\t\t\t\t\t\t\t\t\t  \n\t\t\t\t\t\t\t\t   <span class=\"yuzo__text--title\" style=\"font-size:13px;\">Siar\u00e1+ estreia como 1\u00ba streaming de cinema cearens...<\/span>\n\t\t\t\t\t\t\t  \n\t\t\t\t\t\t\t  \n\t\t\t\t\t\t\t  <\/a>\n\n\t\t\t\t\t\t  <\/div>\n\t\t\t\t\t\t  <div class=\"relatedthumb \" style=\"width:125px;float:left;overflow:hidden;\">  \n\t\t\t\t\t\t\t  \n\t\t\t\t\t\t\t  <a  href=\"https:\/\/redept.com.br\/blogosfera\/moraes-nega-prisao-domiciliar-e-diz-que-papuda-atende-bolsonaro\/\"  >\n\t\t\t\t\t\t\t\t\t  <div class=\"yuzo-img-wrap \" style=\"width: 125px;height:90px;\">\n\t\t\t\t\t\t\t\t\t\t\n\t\t\t\t\t\t\t\t\t\t<div class=\"yuzo-img\" style=\"background:url('https:\/\/redept.com.br\/blogosfera\/wp-content\/uploads\/2026\/03\/1097182-vacpto_abr_0811174914_1-150x150.webp') 50% 50% no-repeat;width: 125px;height:90px;margin-bottom: 5px;background-size: cover; \"><\/div>\n\t\t\t\t\t\t\t\t\t  <\/div>\n\t\t\t\t\t\t\t\t\t  \n\t\t\t\t\t\t\t\t   <span class=\"yuzo__text--title\" style=\"font-size:13px;\">Moraes nega pris\u00e3o domiciliar e diz que Papuda ate...<\/span>\n\t\t\t\t\t\t\t  \n\t\t\t\t\t\t\t  \n\t\t\t\t\t\t\t  <\/a>\n\n\t\t\t\t\t\t  <\/div>\n<\/div> <script>\n\t\t\t\t\t\t  jQuery(document).ready(function( $ ){\n\t\t\t\t\t\t\t\/\/jQuery('.yuzo_related_post').equalizer({ overflow : 'relatedthumb' });\n\t\t\t\t\t\t\tjQuery('.yuzo_related_post .yuzo_wraps').equalizer({ columns : '> div' });\n\t\t\t\t\t\t   })\n\t\t\t\t\t\t  <\/script> <!-- End Yuzo :) -->","protected":false},"excerpt":{"rendered":"<p>O epis\u00f3dio desta semana do podcast De Fato apresenta o projeto Di\u00e1logos para A\u00e7\u00e3o, uma iniciativa do Sindicato dos Banc\u00e1rios de Porto Alegre (SindBanc\u00e1rios) que busca aproximar movimentos populares e universidade em um processo coletivo de forma\u00e7\u00e3o pol\u00edtica. Com a participa\u00e7\u00e3o do presidente do SindBanc\u00e1rios, Luciano Fetzner, e do assessor jur\u00eddico L\u00facio Costa, o programa [&hellip;]<\/p>\n","protected":false},"author":2,"featured_media":0,"comment_status":"open","ping_status":"closed","sticky":false,"template":"","format":"standard","meta":{"fifu_image_url":"","fifu_image_alt":"","footnotes":""},"categories":[40034,41970,12556,40190,48604,8866,48605,48606,48607,17861,573,48608,2770,1886,48609,6409,60,10051,1954,35231,41247,38,41915,48610,6647,2795,48611,480,2221,1066],"tags":[],"class_list":["post-83606","post","type-post","status-publish","format-standard","hentry","category-40034","category-acao-coletiva","category-articulacao","category-brasil-de-fato-rs","category-certificacao-universitaria","category-ciclo-de-debates","category-conhecimento-academico","category-debate-critico","category-dialogos-para-acao","category-educacao-popular","category-entrevistas","category-espaco-de-dialogo","category-formacao-politica","category-justica-social","category-luciano-fetzner","category-lucio-costa","category-luta-popular","category-militancia","category-movimento-social","category-organizacao-popular","category-podcast-de-fato","category-porto-alegre","category-projeto-social","category-reflexao-estrategica","category-sindbancarios","category-sindicato","category-teoria-e-pratica","category-trabalhadores","category-transformacao-social","category-universidade"],"_links":{"self":[{"href":"https:\/\/redept.com.br\/blogosfera\/wp-json\/wp\/v2\/posts\/83606","targetHints":{"allow":["GET"]}}],"collection":[{"href":"https:\/\/redept.com.br\/blogosfera\/wp-json\/wp\/v2\/posts"}],"about":[{"href":"https:\/\/redept.com.br\/blogosfera\/wp-json\/wp\/v2\/types\/post"}],"author":[{"embeddable":true,"href":"https:\/\/redept.com.br\/blogosfera\/wp-json\/wp\/v2\/users\/2"}],"replies":[{"embeddable":true,"href":"https:\/\/redept.com.br\/blogosfera\/wp-json\/wp\/v2\/comments?post=83606"}],"version-history":[{"count":0,"href":"https:\/\/redept.com.br\/blogosfera\/wp-json\/wp\/v2\/posts\/83606\/revisions"}],"wp:attachment":[{"href":"https:\/\/redept.com.br\/blogosfera\/wp-json\/wp\/v2\/media?parent=83606"}],"wp:term":[{"taxonomy":"category","embeddable":true,"href":"https:\/\/redept.com.br\/blogosfera\/wp-json\/wp\/v2\/categories?post=83606"},{"taxonomy":"post_tag","embeddable":true,"href":"https:\/\/redept.com.br\/blogosfera\/wp-json\/wp\/v2\/tags?post=83606"}],"curies":[{"name":"wp","href":"https:\/\/api.w.org\/{rel}","templated":true}]}}