{"id":83642,"date":"2026-04-17T16:03:26","date_gmt":"2026-04-17T19:03:26","guid":{"rendered":"https:\/\/redept.com.br\/blogosfera\/cnbb-critica-pejotizacao-irrestrita-e-cobra-decisao-urgente-do-stf\/"},"modified":"2026-04-17T16:03:26","modified_gmt":"2026-04-17T19:03:26","slug":"cnbb-critica-pejotizacao-irrestrita-e-cobra-decisao-urgente-do-stf","status":"publish","type":"post","link":"https:\/\/redept.com.br\/blogosfera\/cnbb-critica-pejotizacao-irrestrita-e-cobra-decisao-urgente-do-stf\/","title":{"rendered":"CNBB critica \u201cpejotiza\u00e7\u00e3o irrestrita\u201d e cobra decis\u00e3o urgente do STF"},"content":{"rendered":"<p><img fetchpriority=\"high\" width=\"1024\" height=\"683\"src=\"https:\/\/redept.com.br\/blogosfera\/wp-content\/uploads\/2026\/04\/Bispos-participam-de-missa-durante-a-62a-edicao-da-Assembleia-Geral-da-Conferencia-Nacional-dos-Bispos-do-Brasil-em-2025_DivulgacaoCNBB_Jaison-Alves-da-Silva.jpg\" alt=\"\" decoding=\"async\" srcset=\"https:\/\/redept.com.br\/blogosfera\/wp-content\/uploads\/2026\/04\/Bispos-participam-de-missa-durante-a-62a-edicao-da-Assembleia-Geral-da-Conferencia-Nacional-dos-Bispos-do-Brasil-em-2025_DivulgacaoCNBB_Jaison-Alves-da-Silva.jpg 1024w, https:\/\/vermelho.org.br\/wp-content\/uploads\/2026\/04\/Bispos-participam-de-missa-durante-a-62a-edicao-da-Assembleia-Geral-da-Conferencia-Nacional-dos-Bispos-do-Brasil-em-2025_DivulgacaoCNBB_Jaison-Alves-da-Silva-300x200.jpg 300w, https:\/\/vermelho.org.br\/wp-content\/uploads\/2026\/04\/Bispos-participam-de-missa-durante-a-62a-edicao-da-Assembleia-Geral-da-Conferencia-Nacional-dos-Bispos-do-Brasil-em-2025_DivulgacaoCNBB_Jaison-Alves-da-Silva-768x512.jpg 768w, https:\/\/vermelho.org.br\/wp-content\/uploads\/2026\/04\/Bispos-participam-de-missa-durante-a-62a-edicao-da-Assembleia-Geral-da-Conferencia-Nacional-dos-Bispos-do-Brasil-em-2025_DivulgacaoCNBB_Jaison-Alves-da-Silva-272x182.jpg 272w\" sizes=\"(max-width: 1024px) 100vw, 1024px\"><\/p>\n<p>A Confer\u00eancia Nacional dos Bispos do Brasil (CNBB) manifestou preocupa\u00e7\u00e3o com os efeitos da \u201cpejotiza\u00e7\u00e3o irrestrita\u201d e cobrou celeridade do Supremo Tribunal Federal (STF) no julgamento sobre o tema. A posi\u00e7\u00e3o consta em nota t\u00e9cnica da Comiss\u00e3o Episcopal Sociotransformadora, enviada aos bispos e arcebispos, segundo a coluna Painel da <em>Folha de S.Paulo<\/em> desta quinta-feira (16).<\/p>\n<p>A pejotiza\u00e7\u00e3o \u2014 quando trabalhadores s\u00e3o contratados como pessoa jur\u00eddica, sem v\u00ednculo formal \u2014 \u00e9 apontada pela entidade como uma amea\u00e7a \u00e0 estrutura de prote\u00e7\u00e3o social do trabalho no pa\u00eds.<\/p>\n<p>A CNBB afirma que o modelo \u201csubtrai bilh\u00f5es de reais\u201d da seguridade social, o que reduz recursos para aposentadorias. A nota alerta ainda para uma \u201cruptura profunda no modelo de prote\u00e7\u00e3o social\u201d, com agravamento da concentra\u00e7\u00e3o de renda e impacto direto sobre os mais vulner\u00e1veis.<\/p>\n<blockquote>\n<p><strong>Leia tamb\u00e9m:<\/strong><br \/><a href=\"https:\/\/vermelho.org.br\/coluna\/pejotizacao-impactos-sobre-o-trabalho-a-protecao-social-e-o-financiamento-do-desenvolvimento\/\">Pejotiza\u00e7\u00e3o: impactos sobre o trabalho, a prote\u00e7\u00e3o social e o financiamento do desenvolvimento<\/a><br \/><a href=\"https:\/\/vermelho.org.br\/2025\/10\/27\/pejotizacao-e-o-futuro-do-trabalho-no-brasil\/\">Pejotiza\u00e7\u00e3o e o futuro do trabalho no Brasil<\/a><br \/><a href=\"https:\/\/vermelho.org.br\/coluna\/a-pejotizacao-e-a-nova-face-da-precarizacao-do-trabalho\/\">A pejotiza\u00e7\u00e3o \u00e9 a nova face da precariza\u00e7\u00e3o do trabalho<\/a><\/p>\n<\/blockquote>\n<p>O documento foi divulgado no momento em que o STF analisa o tema sob a relatoria do ministro Gilmar Mendes, que j\u00e1 suspendeu processos sobre pejotiza\u00e7\u00e3o. A tend\u00eancia, segundo a reportagem, \u00e9 de manuten\u00e7\u00e3o da legalidade desse tipo de contrata\u00e7\u00e3o, o que preocupa a comiss\u00e3o.<\/p>\n<p>A CNBB tamb\u00e9m critica a demora da Corte. \u201cA demora injustificada na aprecia\u00e7\u00e3o da mat\u00e9ria contribui para a consolida\u00e7\u00e3o progressiva de pr\u00e1ticas que, uma vez disseminadas, poder\u00e3o tornar-se extremamente dif\u00edceis de reverter\u201d, afirma o texto.<\/p>\n<p>A comiss\u00e3o ainda adverte que o STF pode inviabilizar, na pr\u00e1tica, o reconhecimento de v\u00ednculo empregat\u00edcio mesmo quando h\u00e1 rela\u00e7\u00e3o de emprego.<\/p>\n<p>O tema ser\u00e1 discutido na 62\u00aa Assembleia Geral da CNBB, at\u00e9 24 de abril, em S\u00e3o Paulo, onde a Igreja pode adotar uma posi\u00e7\u00e3o oficial. Para trabalhadores, o desfecho no STF pode redefinir direitos e aprofundar a precariza\u00e7\u00e3o das rela\u00e7\u00f5es de trabalho no Brasil.<\/p>\n<p>__<\/p>\n<p>O post <a href=\"https:\/\/vermelho.org.br\/2026\/04\/17\/cnbb-critica-pejotizacao-irrestrita-e-cobra-decisao-urgente-do-stf\/\">CNBB critica \u201cpejotiza\u00e7\u00e3o irrestrita\u201d e cobra decis\u00e3o urgente do STF<\/a> apareceu primeiro em <a href=\"https:\/\/vermelho.org.br\/\">Vermelho<\/a>.<\/p>\n<!-- Begin Yuzo --><div class='yuzo_related_post style-1'  data-version='5.12.89'><!-- without result --><div class='yuzo_clearfixed yuzo__title yuzo__title'><h3>Related Post<\/h3><\/div>\n\t\t\t\t\t\t  <div class=\"relatedthumb \" style=\"width:125px;float:left;overflow:hidden;\">  \n\t\t\t\t\t\t\t  \n\t\t\t\t\t\t\t  <a  href=\"https:\/\/redept.com.br\/blogosfera\/macae-evaristo-anuncia-centros-de-memoria-e-apoio-a-vitimas-de-violencia-de-estado-em-santos\/\"  >\n\t\t\t\t\t\t\t\t\t  <div class=\"yuzo-img-wrap \" style=\"width: 125px;height:90px;\">\n\t\t\t\t\t\t\t\t\t\t\n\t\t\t\t\t\t\t\t\t\t<div class=\"yuzo-img\" style=\"background:url('https:\/\/redept.org\/blogosfera\/wp-content\/plugins\/yuzo-related-post\/assets\/images\/default.png') 50% 50% no-repeat;width: 125px;height:90px;margin-bottom: 5px;background-size: cover; \"><\/div>\n\t\t\t\t\t\t\t\t\t  <\/div>\n\t\t\t\t\t\t\t\t\t  \n\t\t\t\t\t\t\t\t   <span class=\"yuzo__text--title\" style=\"font-size:13px;\">Maca\u00e9 Evaristo anuncia centros de mem\u00f3ria e apoio ...<\/span>\n\t\t\t\t\t\t\t  \n\t\t\t\t\t\t\t  \n\t\t\t\t\t\t\t  <\/a>\n\n\t\t\t\t\t\t  <\/div>\n\t\t\t\t\t\t  <div class=\"relatedthumb \" style=\"width:125px;float:left;overflow:hidden;\">  \n\t\t\t\t\t\t\t  \n\t\t\t\t\t\t\t  <a  href=\"https:\/\/redept.com.br\/blogosfera\/governo-lanca-fundo-de-r-20-bilhoes-para-educacao-e-saude-nos-estados-e-municipios\/\"  >\n\t\t\t\t\t\t\t\t\t  <div class=\"yuzo-img-wrap \" style=\"width: 125px;height:90px;\">\n\t\t\t\t\t\t\t\t\t\t\n\t\t\t\t\t\t\t\t\t\t<div class=\"yuzo-img\" style=\"background:url('https:\/\/redept.org\/blogosfera\/wp-content\/plugins\/yuzo-related-post\/assets\/images\/default.png') 50% 50% no-repeat;width: 125px;height:90px;margin-bottom: 5px;background-size: cover; \"><\/div>\n\t\t\t\t\t\t\t\t\t  <\/div>\n\t\t\t\t\t\t\t\t\t  \n\t\t\t\t\t\t\t\t   <span class=\"yuzo__text--title\" style=\"font-size:13px;\">Governo lan\u00e7a fundo de R$ 20 bilh\u00f5es para educa\u00e7\u00e3o...<\/span>\n\t\t\t\t\t\t\t  \n\t\t\t\t\t\t\t  \n\t\t\t\t\t\t\t  <\/a>\n\n\t\t\t\t\t\t  <\/div>\n\t\t\t\t\t\t  <div class=\"relatedthumb \" style=\"width:125px;float:left;overflow:hidden;\">  \n\t\t\t\t\t\t\t  \n\t\t\t\t\t\t\t  <a  href=\"https:\/\/redept.com.br\/blogosfera\/hamas-declara-estar-pronto-para-negociar-cessar-fogo-com-israel-imediatamente\/\"  >\n\t\t\t\t\t\t\t\t\t  <div class=\"yuzo-img-wrap \" style=\"width: 125px;height:90px;\">\n\t\t\t\t\t\t\t\t\t\t\n\t\t\t\t\t\t\t\t\t\t<div class=\"yuzo-img\" style=\"background:url('https:\/\/redept.com.br\/blogosfera\/wp-content\/uploads\/2025\/07\/da196a64-9880-4fec-9000-403dc123dd03-captura-de-tela-2025-01-27-as-221240-150x150.webp') 50% 50% no-repeat;width: 125px;height:90px;margin-bottom: 5px;background-size: cover; \"><\/div>\n\t\t\t\t\t\t\t\t\t  <\/div>\n\t\t\t\t\t\t\t\t\t  \n\t\t\t\t\t\t\t\t   <span class=\"yuzo__text--title\" style=\"font-size:13px;\">Hamas declara estar pronto para negociar cessar-fo...<\/span>\n\t\t\t\t\t\t\t  \n\t\t\t\t\t\t\t  \n\t\t\t\t\t\t\t  <\/a>\n\n\t\t\t\t\t\t  <\/div>\n\t\t\t\t\t\t  <div class=\"relatedthumb \" style=\"width:125px;float:left;overflow:hidden;\">  \n\t\t\t\t\t\t\t  \n\t\t\t\t\t\t\t  <a  href=\"https:\/\/redept.com.br\/blogosfera\/vivemos-uma-crescente-violencia-contra-quem-luta-por-terra-diz-rosa-amorim-apos-atropelamento-de-militantes-do-mst-em-pe\/\"  >\n\t\t\t\t\t\t\t\t\t  <div class=\"yuzo-img-wrap \" style=\"width: 125px;height:90px;\">\n\t\t\t\t\t\t\t\t\t\t\n\t\t\t\t\t\t\t\t\t\t<div class=\"yuzo-img\" style=\"background:url('https:\/\/redept.org\/blogosfera\/wp-content\/plugins\/yuzo-related-post\/assets\/images\/default.png') 50% 50% no-repeat;width: 125px;height:90px;margin-bottom: 5px;background-size: cover; \"><\/div>\n\t\t\t\t\t\t\t\t\t  <\/div>\n\t\t\t\t\t\t\t\t\t  \n\t\t\t\t\t\t\t\t   <span class=\"yuzo__text--title\" style=\"font-size:13px;\">\u2018Vivemos uma crescente viol\u00eancia contra quem luta ...<\/span>\n\t\t\t\t\t\t\t  \n\t\t\t\t\t\t\t  \n\t\t\t\t\t\t\t  <\/a>\n\n\t\t\t\t\t\t  <\/div>\n<\/div> <script>\n\t\t\t\t\t\t  jQuery(document).ready(function( $ ){\n\t\t\t\t\t\t\t\/\/jQuery('.yuzo_related_post').equalizer({ overflow : 'relatedthumb' });\n\t\t\t\t\t\t\tjQuery('.yuzo_related_post .yuzo_wraps').equalizer({ columns : '> div' });\n\t\t\t\t\t\t   })\n\t\t\t\t\t\t  <\/script> <!-- End Yuzo :) -->","protected":false},"excerpt":{"rendered":"<p>A Confer\u00eancia Nacional dos Bispos do Brasil (CNBB) manifestou preocupa\u00e7\u00e3o com os efeitos da \u201cpejotiza\u00e7\u00e3o irrestrita\u201d e cobrou celeridade do Supremo Tribunal Federal (STF) no julgamento sobre o tema. A posi\u00e7\u00e3o consta em nota t\u00e9cnica da Comiss\u00e3o Episcopal Sociotransformadora, enviada aos bispos e arcebispos, segundo a coluna Painel da Folha de S.Paulo desta quinta-feira (16). [&hellip;]<\/p>\n","protected":false},"author":2,"featured_media":0,"comment_status":"open","ping_status":"closed","sticky":false,"template":"","format":"standard","meta":{"fifu_image_url":"","fifu_image_alt":"","footnotes":""},"categories":[4092,840,1679,1477,4101,260,377],"tags":[],"class_list":["post-83642","post","type-post","status-publish","format-standard","hentry","category-cnbb","category-desigualdade-social","category-direitos-trabalhistas","category-pejotizacao","category-previdencia","category-stf","category-trabalho"],"_links":{"self":[{"href":"https:\/\/redept.com.br\/blogosfera\/wp-json\/wp\/v2\/posts\/83642","targetHints":{"allow":["GET"]}}],"collection":[{"href":"https:\/\/redept.com.br\/blogosfera\/wp-json\/wp\/v2\/posts"}],"about":[{"href":"https:\/\/redept.com.br\/blogosfera\/wp-json\/wp\/v2\/types\/post"}],"author":[{"embeddable":true,"href":"https:\/\/redept.com.br\/blogosfera\/wp-json\/wp\/v2\/users\/2"}],"replies":[{"embeddable":true,"href":"https:\/\/redept.com.br\/blogosfera\/wp-json\/wp\/v2\/comments?post=83642"}],"version-history":[{"count":0,"href":"https:\/\/redept.com.br\/blogosfera\/wp-json\/wp\/v2\/posts\/83642\/revisions"}],"wp:attachment":[{"href":"https:\/\/redept.com.br\/blogosfera\/wp-json\/wp\/v2\/media?parent=83642"}],"wp:term":[{"taxonomy":"category","embeddable":true,"href":"https:\/\/redept.com.br\/blogosfera\/wp-json\/wp\/v2\/categories?post=83642"},{"taxonomy":"post_tag","embeddable":true,"href":"https:\/\/redept.com.br\/blogosfera\/wp-json\/wp\/v2\/tags?post=83642"}],"curies":[{"name":"wp","href":"https:\/\/api.w.org\/{rel}","templated":true}]}}