{"id":83726,"date":"2026-04-17T17:38:21","date_gmt":"2026-04-17T20:38:21","guid":{"rendered":"https:\/\/redept.com.br\/blogosfera\/morre-oscar-schmidt-aos-68-anos-um-dos-maiores-nomes-do-basquete-brasileiro\/"},"modified":"2026-04-17T17:38:21","modified_gmt":"2026-04-17T20:38:21","slug":"morre-oscar-schmidt-aos-68-anos-um-dos-maiores-nomes-do-basquete-brasileiro","status":"publish","type":"post","link":"https:\/\/redept.com.br\/blogosfera\/morre-oscar-schmidt-aos-68-anos-um-dos-maiores-nomes-do-basquete-brasileiro\/","title":{"rendered":"Morre Oscar Schmidt aos 68 anos, um dos maiores nomes do basquete brasileiro"},"content":{"rendered":"<p>Oscar Schmidt, um dos maiores nomes da hist\u00f3ria do basquete mundial faleceu nesta sexta-feira (17), em S\u00e3o Paulo.\u00a0<\/p>\n<p>O atleta\u00a0enfrentou um tumor cerebral por cerca de 15 anos.<\/p>\n<p>\u201cReconhecido por sua trajet\u00f3ria brilhante dentro das quadras e por sua personalidade marcante fora delas, Oscar deixa um legado que transcende o esporte e inspira gera\u00e7\u00f5es de atletas e admiradores no Brasil e no mundo\u201d, disse a assessoria do jogador, em nota.<\/p>\n<p>Segundo a assessoria, a despedida se dar\u00e1 de forma reservada, restrita aos familiares, em respeito ao desejo da fam\u00edlia por um momento \u00edntimo de recolhimento.<\/p>\n<h3>Trajet\u00f3ria<\/h3>\n<p>Oscar Daniel Bezerra Schmidt nasceu no dia 16 de fevereiro de 1958, na cidade de Natal, no Rio Grande do Norte.<\/p>\n<p>Come\u00e7ou a se interessar por basquete aos 13 anos, ap\u00f3s se mudar para Bras\u00edlia, por influ\u00eancia de seu t\u00e9cnico Zez\u00e3o, que o incentivou a procurar o Clube Vizinhan\u00e7a, que era treinado pelo t\u00e9cnico Laurindo Miura.<\/p>\n<p>Em 1974, aos 16 anos, Oscar mudou-se para S\u00e3o Paulo, para iniciar a carreira no infanto-juvenil do Palmeiras. Foi convocado para a sele\u00e7\u00e3o juvenil de basquete em 1977 e eleito melhor piv\u00f4 do sul-americano juvenil.<\/p>\n<p>Na sele\u00e7\u00e3o principal de basquete do Brasil, foi campe\u00e3o sul-americano e ganhou medalha de bronze.<\/p>\n<p>Em 1979, ganhou um dos t\u00edtulos mais importantes de sua carreira: a Copa William Jones, o mundial interclubes de basquete. No ano seguinte, disputou sua primeira Olimp\u00edada, em Moscou.<\/p>\n<p>Disputou outras quatro olimp\u00edadas: Los Angeles (1984), Seul (1988), Barcelona (1992) e Atlanta (1996), sempre se destacando como cestinha da competi\u00e7\u00e3o.<\/p>\n<p>Oscar jogou 11 temporadas na It\u00e1lia, 8 pelo Juvecaserta e 3 pelo Pavia<\/p>\n<p>Em 1995, Oscar decidiu retornar para o Brasil, passando a jogar no Corinthians, onde ganhou, em 1996, o oitavo t\u00edtulo brasileiro de sua carreira.<\/p>\n<p>\u200b\u200bNo Brasil, Oscar ainda jogou pelo Banco Bandeirantes, entre 1997 e 1998, Mackenzie, entre 1998 e 1999 e Flamengo, entre 1999 e 2003.<\/p>\n<p>No rubro-negro, alcan\u00e7ou uma das marcas mais expressivas de sua carreira: maior cestinha da hist\u00f3ria do basquete, com 49,737 pontos. At\u00e9 ent\u00e3o, esse posto pertencia a Kareem Abdul-Jabbar, com 46.725 pontos.<\/p>\n<p>Em 1991, Oscar foi nomeado um dos 50 Maiores Jogadores de Basquete pela F\u00e9d\u00e9ration Internationale de Basketball (Fiba). Tamb\u00e9m integrou o Hall da Fama da NBA,<\/p>\n<p>Em 2003, Oscar se aposentou das quadras.<\/p>\n<figure aria-describedby=\"caption-attachment-252358\"><img fetchpriority=\"high\" decoding=\"async\"src=\"https:\/\/redept.com.br\/blogosfera\/wp-content\/uploads\/2026\/04\/nossa_lenda_oscarschmidt14_participou_do_jogo_das_celebridades_do_nbaallstar_2017_nesta_s.webp\" alt=\"\" width=\"1170\" height=\"700\" srcset=\"https:\/\/redept.com.br\/blogosfera\/wp-content\/uploads\/2026\/04\/nossa_lenda_oscarschmidt14_participou_do_jogo_das_celebridades_do_nbaallstar_2017_nesta_s.webp 1170w, https:\/\/operamundi.uol.com.br\/wp-content\/uploads\/2026\/04\/nossa_lenda_oscarschmidt14_participou_do_jogo_das_celebridades_do_nbaallstar_2017_nesta_s-300x179.webp 300w, https:\/\/operamundi.uol.com.br\/wp-content\/uploads\/2026\/04\/nossa_lenda_oscarschmidt14_participou_do_jogo_das_celebridades_do_nbaallstar_2017_nesta_s-1024x613.webp 1024w, https:\/\/operamundi.uol.com.br\/wp-content\/uploads\/2026\/04\/nossa_lenda_oscarschmidt14_participou_do_jogo_das_celebridades_do_nbaallstar_2017_nesta_s-768x459.webp 768w, https:\/\/operamundi.uol.com.br\/wp-content\/uploads\/2026\/04\/nossa_lenda_oscarschmidt14_participou_do_jogo_das_celebridades_do_nbaallstar_2017_nesta_s-150x90.webp 150w, https:\/\/operamundi.uol.com.br\/wp-content\/uploads\/2026\/04\/nossa_lenda_oscarschmidt14_participou_do_jogo_das_celebridades_do_nbaallstar_2017_nesta_s-750x449.webp 750w, https:\/\/operamundi.uol.com.br\/wp-content\/uploads\/2026\/04\/nossa_lenda_oscarschmidt14_participou_do_jogo_das_celebridades_do_nbaallstar_2017_nesta_s-1140x682.webp 1140w\" sizes=\"(max-width: 1170px) 100vw, 1170px\"><figcaption>Schmidt foi considerado um dos maiores jogadores brasileiros e do mundo em todos os tempos, mesmo sem ter atuado na NBA <br \/>oscarschmidt14<\/figcaption><\/figure>\n<p>\u00a0<\/p>\n<h3>Vivendo intensamente<\/h3>\n<p>Em 2022, \u00e0 \u00e9poca com 64 anos, Oscar recebeu a equipe do Caminhos da Reportagem, da TV Brasil, em sua casa em S\u00e3o Paulo. Em meio a uma sala lotada de medalhas e trof\u00e9us, ele relembrou a carreira e falou sobre a atua\u00e7\u00e3o como palestrante, atividade que assumiu ap\u00f3s se aposentar das quadras.<\/p>\n<p>\u201cEu n\u00e3o acho que eu tenho 64 anos. Eu vivo minha vida intensamente, mas por outro lado, calmamente\u201d, declarou.<\/p>\n<p>\u201cEu adoro fazer palestra que eu vejo os olhos das pessoas olhando assim para mim, batendo palma. E eu estou contando a minha hist\u00f3ria para eles. Isso rep\u00f5e, em parte, tudo aquilo que eu perdi parando de jogar\u201d.<\/p>\n<p>O post Morre Oscar Schmidt aos 68 anos, um dos maiores nomes do basquete brasileiro apareceu primeiro em Opera Mundi.<\/p>\n<!-- Begin Yuzo --><div class='yuzo_related_post style-1'  data-version='5.12.89'><!-- without result --><div class='yuzo_clearfixed yuzo__title yuzo__title'><h3>Related Post<\/h3><\/div>\n\t\t\t\t\t\t  <div class=\"relatedthumb \" style=\"width:125px;float:left;overflow:hidden;\">  \n\t\t\t\t\t\t\t  \n\t\t\t\t\t\t\t  <a  href=\"https:\/\/redept.com.br\/blogosfera\/professores-da-ufpe-acionam-ministerio-publico-contra-silas-malafaia-apos-critica-a-educadores-em-evento-na-arena-de-pernambuco\/\"  >\n\t\t\t\t\t\t\t\t\t  <div class=\"yuzo-img-wrap \" style=\"width: 125px;height:90px;\">\n\t\t\t\t\t\t\t\t\t\t\n\t\t\t\t\t\t\t\t\t\t<div class=\"yuzo-img\" style=\"background:url('https:\/\/redept.org\/blogosfera\/wp-content\/plugins\/yuzo-related-post\/assets\/images\/default.png') 50% 50% no-repeat;width: 125px;height:90px;margin-bottom: 5px;background-size: cover; \"><\/div>\n\t\t\t\t\t\t\t\t\t  <\/div>\n\t\t\t\t\t\t\t\t\t  \n\t\t\t\t\t\t\t\t   <span class=\"yuzo__text--title\" style=\"font-size:13px;\">Professores da UFPE acionam Minist\u00e9rio P\u00fablico con...<\/span>\n\t\t\t\t\t\t\t  \n\t\t\t\t\t\t\t  \n\t\t\t\t\t\t\t  <\/a>\n\n\t\t\t\t\t\t  <\/div>\n\t\t\t\t\t\t  <div class=\"relatedthumb \" style=\"width:125px;float:left;overflow:hidden;\">  \n\t\t\t\t\t\t\t  \n\t\t\t\t\t\t\t  <a  href=\"https:\/\/redept.com.br\/blogosfera\/audiencia-publica-vai-debater-crimes-e-conflitos-ambientais-no-municipio-de-viamao-rs\/\"  >\n\t\t\t\t\t\t\t\t\t  <div class=\"yuzo-img-wrap \" style=\"width: 125px;height:90px;\">\n\t\t\t\t\t\t\t\t\t\t\n\t\t\t\t\t\t\t\t\t\t<div class=\"yuzo-img\" style=\"background:url('https:\/\/redept.org\/blogosfera\/wp-content\/plugins\/yuzo-related-post\/assets\/images\/default.png') 50% 50% no-repeat;width: 125px;height:90px;margin-bottom: 5px;background-size: cover; \"><\/div>\n\t\t\t\t\t\t\t\t\t  <\/div>\n\t\t\t\t\t\t\t\t\t  \n\t\t\t\t\t\t\t\t   <span class=\"yuzo__text--title\" style=\"font-size:13px;\">Audi\u00eancia P\u00fablica vai debater crimes e conflitos a...<\/span>\n\t\t\t\t\t\t\t  \n\t\t\t\t\t\t\t  \n\t\t\t\t\t\t\t  <\/a>\n\n\t\t\t\t\t\t  <\/div>\n\t\t\t\t\t\t  <div class=\"relatedthumb \" style=\"width:125px;float:left;overflow:hidden;\">  \n\t\t\t\t\t\t\t  \n\t\t\t\t\t\t\t  <a  href=\"https:\/\/redept.com.br\/blogosfera\/mulheres-quilombolas-sao-essenciais-para-a-preservacao-da-cultura-afro-brasileira\/\"  >\n\t\t\t\t\t\t\t\t\t  <div class=\"yuzo-img-wrap \" style=\"width: 125px;height:90px;\">\n\t\t\t\t\t\t\t\t\t\t\n\t\t\t\t\t\t\t\t\t\t<div class=\"yuzo-img\" style=\"background:url('https:\/\/redept.com.br\/blogosfera\/wp-content\/uploads\/2025\/03\/quilombola-150x150.jpg') 50% 50% no-repeat;width: 125px;height:90px;margin-bottom: 5px;background-size: cover; \"><\/div>\n\t\t\t\t\t\t\t\t\t  <\/div>\n\t\t\t\t\t\t\t\t\t  \n\t\t\t\t\t\t\t\t   <span class=\"yuzo__text--title\" style=\"font-size:13px;\">Mulheres quilombolas s\u00e3o essenciais para a preserv...<\/span>\n\t\t\t\t\t\t\t  \n\t\t\t\t\t\t\t  \n\t\t\t\t\t\t\t  <\/a>\n\n\t\t\t\t\t\t  <\/div>\n\t\t\t\t\t\t  <div class=\"relatedthumb \" style=\"width:125px;float:left;overflow:hidden;\">  \n\t\t\t\t\t\t\t  \n\t\t\t\t\t\t\t  <a  href=\"https:\/\/redept.com.br\/blogosfera\/massacre-de-eldorado-do-carajas-sobrevivente-tem-bala-no-olho-ha-30-anos\/\"  >\n\t\t\t\t\t\t\t\t\t  <div class=\"yuzo-img-wrap \" style=\"width: 125px;height:90px;\">\n\t\t\t\t\t\t\t\t\t\t\n\t\t\t\t\t\t\t\t\t\t<div class=\"yuzo-img\" style=\"background:url('https:\/\/redept.com.br\/blogosfera\/wp-content\/uploads\/2026\/04\/ze-carlos-familia-150x150.jpg') 50% 50% no-repeat;width: 125px;height:90px;margin-bottom: 5px;background-size: cover; \"><\/div>\n\t\t\t\t\t\t\t\t\t  <\/div>\n\t\t\t\t\t\t\t\t\t  \n\t\t\t\t\t\t\t\t   <span class=\"yuzo__text--title\" style=\"font-size:13px;\">Massacre de Eldorado do Caraj\u00e1s: sobrevivente tem ...<\/span>\n\t\t\t\t\t\t\t  \n\t\t\t\t\t\t\t  \n\t\t\t\t\t\t\t  <\/a>\n\n\t\t\t\t\t\t  <\/div>\n<\/div> <script>\n\t\t\t\t\t\t  jQuery(document).ready(function( $ ){\n\t\t\t\t\t\t\t\/\/jQuery('.yuzo_related_post').equalizer({ overflow : 'relatedthumb' });\n\t\t\t\t\t\t\tjQuery('.yuzo_related_post .yuzo_wraps').equalizer({ columns : '> div' });\n\t\t\t\t\t\t   })\n\t\t\t\t\t\t  <\/script> <!-- End Yuzo :) -->","protected":false},"excerpt":{"rendered":"<p>Oscar Schmidt, um dos maiores nomes da hist\u00f3ria do basquete mundial faleceu nesta sexta-feira (17), em S\u00e3o Paulo.\u00a0 O atleta\u00a0enfrentou um tumor cerebral por cerca de 15 anos. \u201cReconhecido por sua trajet\u00f3ria brilhante dentro das quadras e por sua personalidade marcante fora delas, Oscar deixa um legado que transcende o esporte e inspira gera\u00e7\u00f5es de [\u2026]<\/p>\n<p>O post <a href=\"https:\/\/operamundi.uol.com.br\/obituario\/252357\/\">Morre Oscar Schmidt aos 68 anos, um dos maiores nomes do basquete brasileiro<\/a> apareceu primeiro em <a href=\"https:\/\/operamundi.uol.com.br\/\">Opera Mundi<\/a>.<\/p>\n","protected":false},"author":2,"featured_media":83727,"comment_status":"closed","ping_status":"closed","sticky":false,"template":"","format":"standard","meta":{"fifu_image_url":"","fifu_image_alt":"","footnotes":""},"categories":[48778,2641,48779,48780],"tags":[],"class_list":["post-83726","post","type-post","status-publish","format-standard","has-post-thumbnail","hentry","category-jogador-de-basquete","category-obituario","category-olimpiada-em-moscou","category-oscar-schmidt"],"_links":{"self":[{"href":"https:\/\/redept.com.br\/blogosfera\/wp-json\/wp\/v2\/posts\/83726","targetHints":{"allow":["GET"]}}],"collection":[{"href":"https:\/\/redept.com.br\/blogosfera\/wp-json\/wp\/v2\/posts"}],"about":[{"href":"https:\/\/redept.com.br\/blogosfera\/wp-json\/wp\/v2\/types\/post"}],"author":[{"embeddable":true,"href":"https:\/\/redept.com.br\/blogosfera\/wp-json\/wp\/v2\/users\/2"}],"replies":[{"embeddable":true,"href":"https:\/\/redept.com.br\/blogosfera\/wp-json\/wp\/v2\/comments?post=83726"}],"version-history":[{"count":0,"href":"https:\/\/redept.com.br\/blogosfera\/wp-json\/wp\/v2\/posts\/83726\/revisions"}],"wp:featuredmedia":[{"embeddable":true,"href":"https:\/\/redept.com.br\/blogosfera\/wp-json\/wp\/v2\/media\/83727"}],"wp:attachment":[{"href":"https:\/\/redept.com.br\/blogosfera\/wp-json\/wp\/v2\/media?parent=83726"}],"wp:term":[{"taxonomy":"category","embeddable":true,"href":"https:\/\/redept.com.br\/blogosfera\/wp-json\/wp\/v2\/categories?post=83726"},{"taxonomy":"post_tag","embeddable":true,"href":"https:\/\/redept.com.br\/blogosfera\/wp-json\/wp\/v2\/tags?post=83726"}],"curies":[{"name":"wp","href":"https:\/\/api.w.org\/{rel}","templated":true}]}}