{"id":83798,"date":"2026-04-19T12:21:52","date_gmt":"2026-04-19T15:21:52","guid":{"rendered":"https:\/\/redept.com.br\/blogosfera\/risco-que-extrema-direita-traz-a-democracia-nao-e-retorico-e-real-diz-lula\/"},"modified":"2026-04-19T12:21:52","modified_gmt":"2026-04-19T15:21:52","slug":"risco-que-extrema-direita-traz-a-democracia-nao-e-retorico-e-real-diz-lula","status":"publish","type":"post","link":"https:\/\/redept.com.br\/blogosfera\/risco-que-extrema-direita-traz-a-democracia-nao-e-retorico-e-real-diz-lula\/","title":{"rendered":"Risco que extrema direita traz \u00e0 democracia n\u00e3o \u00e9 ret\u00f3rico, \u00e9 real, diz Lula"},"content":{"rendered":"<p><img fetchpriority=\"high\" width=\"823\" height=\"462\"src=\"https:\/\/redept.com.br\/blogosfera\/wp-content\/uploads\/2026\/04\/lula-espanha2_stuckert.jpg\" alt=\"\" decoding=\"async\" srcset=\"https:\/\/redept.com.br\/blogosfera\/wp-content\/uploads\/2026\/04\/lula-espanha2_stuckert.jpg 823w, https:\/\/vermelho.org.br\/wp-content\/uploads\/2026\/04\/lula-espanha2_stuckert-300x168.jpg 300w, https:\/\/vermelho.org.br\/wp-content\/uploads\/2026\/04\/lula-espanha2_stuckert-768x431.jpg 768w\" sizes=\"(max-width: 823px) 100vw, 823px\"><\/p>\n<p>O presidente Luiz In\u00e1cio Lula da Silva participou neste s\u00e1bado (18), em Barcelona, na Espanha, do encerramento da Mobiliza\u00e7\u00e3o Progressista Global, encontro que reuniu lideran\u00e7as pol\u00edticas de diversos pa\u00edses em defesa da democracia, da justi\u00e7a social e do fortalecimento da coopera\u00e7\u00e3o internacional.<\/p>\n<p>Em seu pronunciamento, em que foi aplaudido diversas vezes, Lula alertou para o fato de que \u201ca extrema direita grita, mente e ataca\u201d e que n\u00e3o podemos \u201cter medo de contrapor argumentos\u201d. E enfatizou: \u201co risco que a extrema-direita representa \u00e0 democracia n\u00e3o \u00e9 ret\u00f3rico, \u00e9 real\u201d.<\/p>\n<p>No Brasil, recordou Lula, \u201cela planejou um golpe de Estado, orquestrou um trama que previa tanque na rua e assassinato do presidente eleito, do vice-presidente e do presidente da Justi\u00e7a Eleitoral\u201d.<\/p>\n<p>Lula prosseguiu fazendo uma cr\u00edtica contundente ao car\u00e1ter hip\u00f3crita da extrema direita: \u201cnosso papel \u00e9 desmascarar essas for\u00e7as, desmascarar aqueles que dizem estar do lado do povo, mas governam para os mais ricos; que dizem ser patriotas, mas op\u00f5em \u00e0 soberania a venda e pedem san\u00e7\u00f5es contra o seu pr\u00f3prio pa\u00eds; que proclamam defender a fam\u00edlia, mas fecham os olhos para a viol\u00eancia contra as mulheres e para o abuso sexual de crian\u00e7as. Que se declaram os donos da verdade, mas disparam mentiras e desinforma\u00e7\u00e3o. Que se consideram homem de Deus, mas n\u00e3o t\u00eam amor ao pr\u00f3ximo. Que falam em liberdade, mas perseguem quem \u00e9 diferente\u201d.<\/p>\n<p><strong>Democracia n\u00e3o morreu<\/strong><\/p>\n<p>Ao iniciar sua fala, Lula parabenizou o presidente espanhol Pedro S\u00e1nchez pela organiza\u00e7\u00e3o do evento, que visa mostrar ao mundo que \u201ca democracia n\u00e3o morreu\u201d e que \u201cningu\u00e9m precisa ter vergonha de ser progressista ou de ser de esquerda; ningu\u00e9m precisa ter medo, no mundo democr\u00e1tico, de ser o que \u00e9, de falar o que precisa falar, desde que se respeite as regras do jogo democr\u00e1tico estabelecidas pela pr\u00f3pria sociedade\u201d.<\/p>\n<p>\u201cO que n\u00f3s estamos fazendo aqui\u201d, disse, \u00e9 o \u201ccome\u00e7o de um movimento que tem que agir, todo santo dia, durante toda semana, todo m\u00eas e durante 365 dias por ano para que a gente restabele\u00e7a a coisa mais sagrada no mundo que \u00e9 a democracia e o multilateralismo\u201d.<\/p>\n<p><strong>Leia tamb\u00e9m:<\/strong> <a href=\"https:\/\/vermelho.org.br\/2026\/04\/18\/nenhum-presidente-tem-o-direito-impor-regras-a-outros-paises-diz-lula\/\">Nenhum presidente tem o direito impor regras a outros pa\u00edses, diz Lula<\/a><\/p>\n<p>Ele salientou que para al\u00e9m dos marcos tradicionais que demarcaram os campos da esquerda e da direita ao longo da hist\u00f3ria, hoje o extremismo imp\u00f5e novos desafios.<\/p>\n<p>\u201cO campo progressista conseguiu avan\u00e7ar na pauta dos direitos. A situa\u00e7\u00e3o dos trabalhadores, das mulheres, das pessoas negras e de muitas minorias \u00e9 melhor hoje do que foi no passado. N\u00e3o \u00e9 coincid\u00eancia que rea\u00e7\u00e3o das for\u00e7as reacion\u00e1rias tenha vindo de forma t\u00e3o violenta com a misoginia, o racismo e o discurso de \u00f3dio\u201d, argumentou.<br \/><strong><br \/>Gerentes das mazelas do neoliberalismo<\/strong><\/p>\n<p>Por outro lado, Lula reconheceu que o progressismo n\u00e3o conseguiu superar o pensamento econ\u00f4mico dominante. \u201cO projeto neoliberal prometeu prosperidade e entregou fome, desigualdade e inseguran\u00e7a. Provocou crise atr\u00e1s de crise. Ainda assim, n\u00f3s sucumbimos \u00e0 ortodoxia. Temos sido os gerentes das mazelas do neoliberalismo\u201d.<\/p>\n<p>Afirmou, ainda, que \u201cgovernos de esquerda ganham as elei\u00e7\u00f5es com discurso de esquerda e praticam austeridade. Abrem m\u00e3o de pol\u00edticas p\u00fablicas em nome da governabilidade. N\u00f3s nos tornamos o sistema\u201d. Por isso, salientou, \u201cn\u00e3o surpreende agora que o outro lado se apresente como antissistema\u201d.<br \/>Lula defendeu que o primeiro mandamento dos progressistas tem de ser a coer\u00eancia. \u201cN\u00e3o podemos nos eleger com um programa e implementar outro. N\u00e3o podemos trair a confian\u00e7a do povo, mesmo que boa parte da popula\u00e7\u00e3o n\u00e3o se veja como progressista\u201d, declarou.<\/p>\n<p><strong>Leia tamb\u00e9m:<\/strong> <a href=\"https:\/\/vermelho.org.br\/2026\/04\/15\/lula-critica-poderosos-que-se-julgam-divindades-e-atacam-defensores-da-paz\/\">Lula critica \u201cpoderosos que se julgam divindades\u201d e atacam defensores da paz<\/a><\/p>\n<p>A consequ\u00eancia, avaliou, \u00e9 que \u201ca extrema direita soube capitalizar o mal-estar das promessas n\u00e3o cumpridas do neoliberalismo\u201d e passou a lan\u00e7ar mentiras e discursos de \u00f3dio contra popula\u00e7\u00f5es minorizadas ou vulner\u00e1veis.<\/p>\n<p>Nesse cen\u00e1rio, defendeu ser preciso apontar o dedo para os verdadeiros culpados: \u201cUm punhado de bilion\u00e1rios concentra a maior parte da riqueza mundial. Eles querem que as pessoas acreditem que qualquer um pode chegar l\u00e1. Alimentam a fal\u00e1cia da meritocracia, mas chutam a escada para que outros n\u00e3o tenham a mesma oportunidade de subir. Pagam menos impostos ou nada, exploram o trabalhador, destroem a natureza, manipulam algoritmos\u201d. Lula enfatizou que \u201ca desigualdade n\u00e3o \u00e9 um fato, \u00e9 uma escolha pol\u00edtica. O que faz de n\u00f3s progressistas \u00e9 escolher a igualdade\u201d.<\/p>\n<p><strong>Agenda<\/strong><\/p>\n<p>A Mobiliza\u00e7\u00e3o Progressista Global foi o segundo evento do qual o presidente Lula participou neste s\u00e1bado para alertar sobre as tens\u00f5es globais. Mais cedo, ele discursou na Reuni\u00e3o de Alto N\u00edvel do F\u00f3rum em Defesa da Democracia.<\/p>\n<p>Na sexta-feira (17), Lula e o presidente Pedro Sanchez defenderam a regula\u00e7\u00e3o das redes sociais\u00a0durante declara\u00e7\u00e3o \u00e0 imprensa e participaram de cerim\u00f4nia de assinatura de atos\u00a0no Pal\u00e1cio Real de Pedralbes \u2014 entre eles, um memorando de entendimento no campo de minerais cr\u00edticos, voltado \u00e0 amplia\u00e7\u00e3o da coopera\u00e7\u00e3o bilateral em toda a cadeia produtiva de insumos estrat\u00e9gicos essenciais para a transi\u00e7\u00e3o energ\u00e9tica, a transforma\u00e7\u00e3o industrial e a seguran\u00e7a econ\u00f4mica dos dois pa\u00edses.<\/p>\n<p>O post <a href=\"https:\/\/vermelho.org.br\/2026\/04\/19\/risco-que-extrema-direita-traz-a-democracia-nao-e-retorico-e-real-diz-lula\/\">Risco que extrema direita traz \u00e0 democracia n\u00e3o \u00e9 ret\u00f3rico, \u00e9 real, diz Lula<\/a> apareceu primeiro em <a href=\"https:\/\/vermelho.org.br\/\">Vermelho<\/a>.<\/p>\n<!-- Begin Yuzo --><div class='yuzo_related_post style-1'  data-version='5.12.89'><!-- without result --><div class='yuzo_clearfixed yuzo__title yuzo__title'><h3>Related Post<\/h3><\/div>\n\t\t\t\t\t\t  <div class=\"relatedthumb \" style=\"width:125px;float:left;overflow:hidden;\">  \n\t\t\t\t\t\t\t  \n\t\t\t\t\t\t\t  <a  href=\"https:\/\/redept.com.br\/blogosfera\/caminhao-tombado-e-trens-parados-com-temporal-porto-alegre-tem-fim-de-tarde-caotico\/\"  >\n\t\t\t\t\t\t\t\t\t  <div class=\"yuzo-img-wrap \" style=\"width: 125px;height:90px;\">\n\t\t\t\t\t\t\t\t\t\t\n\t\t\t\t\t\t\t\t\t\t<div class=\"yuzo-img\" style=\"background:url('https:\/\/redept.com.br\/blogosfera\/wp-content\/uploads\/2025\/04\/WhatsApp-Image-2025-03-31-at-19.32.53-150x150.jpeg') 50% 50% no-repeat;width: 125px;height:90px;margin-bottom: 5px;background-size: cover; \"><\/div>\n\t\t\t\t\t\t\t\t\t  <\/div>\n\t\t\t\t\t\t\t\t\t  \n\t\t\t\t\t\t\t\t   <span class=\"yuzo__text--title\" style=\"font-size:13px;\">Caminh\u00e3o tombado e trens parados: Com temporal, Po...<\/span>\n\t\t\t\t\t\t\t  \n\t\t\t\t\t\t\t  \n\t\t\t\t\t\t\t  <\/a>\n\n\t\t\t\t\t\t  <\/div>\n\t\t\t\t\t\t  <div class=\"relatedthumb \" style=\"width:125px;float:left;overflow:hidden;\">  \n\t\t\t\t\t\t\t  \n\t\t\t\t\t\t\t  <a  href=\"https:\/\/redept.com.br\/blogosfera\/julgamento-de-bolsonaro-e-aliados-por-tentativa-de-golpe-entra-no-2o-dia-assista-ao-vivo\/\"  >\n\t\t\t\t\t\t\t\t\t  <div class=\"yuzo-img-wrap \" style=\"width: 125px;height:90px;\">\n\t\t\t\t\t\t\t\t\t\t\n\t\t\t\t\t\t\t\t\t\t<div class=\"yuzo-img\" style=\"background:url('https:\/\/redept.org\/blogosfera\/wp-content\/plugins\/yuzo-related-post\/assets\/images\/default.png') 50% 50% no-repeat;width: 125px;height:90px;margin-bottom: 5px;background-size: cover; \"><\/div>\n\t\t\t\t\t\t\t\t\t  <\/div>\n\t\t\t\t\t\t\t\t\t  \n\t\t\t\t\t\t\t\t   <span class=\"yuzo__text--title\" style=\"font-size:13px;\">Julgamento de Bolsonaro e aliados por tentativa de...<\/span>\n\t\t\t\t\t\t\t  \n\t\t\t\t\t\t\t  \n\t\t\t\t\t\t\t  <\/a>\n\n\t\t\t\t\t\t  <\/div>\n\t\t\t\t\t\t  <div class=\"relatedthumb \" style=\"width:125px;float:left;overflow:hidden;\">  \n\t\t\t\t\t\t\t  \n\t\t\t\t\t\t\t  <a  href=\"https:\/\/redept.com.br\/blogosfera\/amazonia-e-o-grave-risco-de-privatizar-as-rodovias\/\"  >\n\t\t\t\t\t\t\t\t\t  <div class=\"yuzo-img-wrap \" style=\"width: 125px;height:90px;\">\n\t\t\t\t\t\t\t\t\t\t\n\t\t\t\t\t\t\t\t\t\t<div class=\"yuzo-img\" style=\"background:url('https:\/\/redept.com.br\/blogosfera\/wp-content\/uploads\/2026\/07\/5078194152419298482-150x150.jpg') 50% 50% no-repeat;width: 125px;height:90px;margin-bottom: 5px;background-size: cover; \"><\/div>\n\t\t\t\t\t\t\t\t\t  <\/div>\n\t\t\t\t\t\t\t\t\t  \n\t\t\t\t\t\t\t\t   <span class=\"yuzo__text--title\" style=\"font-size:13px;\">Amaz\u00f4nia e o grave risco de privatizar as rodovias...<\/span>\n\t\t\t\t\t\t\t  \n\t\t\t\t\t\t\t  \n\t\t\t\t\t\t\t  <\/a>\n\n\t\t\t\t\t\t  <\/div>\n\t\t\t\t\t\t  <div class=\"relatedthumb \" style=\"width:125px;float:left;overflow:hidden;\">  \n\t\t\t\t\t\t\t  \n\t\t\t\t\t\t\t  <a  href=\"https:\/\/redept.com.br\/blogosfera\/guerrilheiro-mujica-protagonizou-episodios-cinematograficos-da-historia-uruguaia\/\"  >\n\t\t\t\t\t\t\t\t\t  <div class=\"yuzo-img-wrap \" style=\"width: 125px;height:90px;\">\n\t\t\t\t\t\t\t\t\t\t\n\t\t\t\t\t\t\t\t\t\t<div class=\"yuzo-img\" style=\"background:url('https:\/\/redept.com.br\/blogosfera\/wp-content\/uploads\/2025\/05\/lula-mujica-25jan2023-848x477-1-150x150.webp') 50% 50% no-repeat;width: 125px;height:90px;margin-bottom: 5px;background-size: cover; \"><\/div>\n\t\t\t\t\t\t\t\t\t  <\/div>\n\t\t\t\t\t\t\t\t\t  \n\t\t\t\t\t\t\t\t   <span class=\"yuzo__text--title\" style=\"font-size:13px;\">Guerrilheiro Mujica protagonizou epis\u00f3dios cinemat...<\/span>\n\t\t\t\t\t\t\t  \n\t\t\t\t\t\t\t  \n\t\t\t\t\t\t\t  <\/a>\n\n\t\t\t\t\t\t  <\/div>\n<\/div> <script>\n\t\t\t\t\t\t  jQuery(document).ready(function( $ ){\n\t\t\t\t\t\t\t\/\/jQuery('.yuzo_related_post').equalizer({ overflow : 'relatedthumb' });\n\t\t\t\t\t\t\tjQuery('.yuzo_related_post .yuzo_wraps').equalizer({ columns : '> div' });\n\t\t\t\t\t\t   })\n\t\t\t\t\t\t  <\/script> <!-- End Yuzo :) -->","protected":false},"excerpt":{"rendered":"<p>O presidente Luiz In\u00e1cio Lula da Silva participou neste s\u00e1bado (18), em Barcelona, na Espanha, do encerramento da Mobiliza\u00e7\u00e3o Progressista Global, encontro que reuniu lideran\u00e7as pol\u00edticas de diversos pa\u00edses em defesa da democracia, da justi\u00e7a social e do fortalecimento da coopera\u00e7\u00e3o internacional. Em seu pronunciamento, em que foi aplaudido diversas vezes, Lula alertou para o [&hellip;]<\/p>\n","protected":false},"author":2,"featured_media":0,"comment_status":"open","ping_status":"closed","sticky":false,"template":"","format":"standard","meta":{"fifu_image_url":"","fifu_image_alt":"","footnotes":""},"categories":[536,423,1819,112,47168,132,5017,48858],"tags":[],"class_list":["post-83798","post","type-post","status-publish","format-standard","hentry","category-democracia","category-extrema-direita","category-fascismo","category-lula","category-mobilizacao-progressista-global","category-politica","category-progressismo","category-progressitas"],"_links":{"self":[{"href":"https:\/\/redept.com.br\/blogosfera\/wp-json\/wp\/v2\/posts\/83798","targetHints":{"allow":["GET"]}}],"collection":[{"href":"https:\/\/redept.com.br\/blogosfera\/wp-json\/wp\/v2\/posts"}],"about":[{"href":"https:\/\/redept.com.br\/blogosfera\/wp-json\/wp\/v2\/types\/post"}],"author":[{"embeddable":true,"href":"https:\/\/redept.com.br\/blogosfera\/wp-json\/wp\/v2\/users\/2"}],"replies":[{"embeddable":true,"href":"https:\/\/redept.com.br\/blogosfera\/wp-json\/wp\/v2\/comments?post=83798"}],"version-history":[{"count":0,"href":"https:\/\/redept.com.br\/blogosfera\/wp-json\/wp\/v2\/posts\/83798\/revisions"}],"wp:attachment":[{"href":"https:\/\/redept.com.br\/blogosfera\/wp-json\/wp\/v2\/media?parent=83798"}],"wp:term":[{"taxonomy":"category","embeddable":true,"href":"https:\/\/redept.com.br\/blogosfera\/wp-json\/wp\/v2\/categories?post=83798"},{"taxonomy":"post_tag","embeddable":true,"href":"https:\/\/redept.com.br\/blogosfera\/wp-json\/wp\/v2\/tags?post=83798"}],"curies":[{"name":"wp","href":"https:\/\/api.w.org\/{rel}","templated":true}]}}