{"id":83800,"date":"2026-04-19T13:21:23","date_gmt":"2026-04-19T16:21:23","guid":{"rendered":"https:\/\/redept.com.br\/blogosfera\/trump-volta-a-chantagear-ira-com-ultima-chance-de-negociacao-por-cessar-fogo\/"},"modified":"2026-04-19T13:21:23","modified_gmt":"2026-04-19T16:21:23","slug":"trump-volta-a-chantagear-ira-com-ultima-chance-de-negociacao-por-cessar-fogo","status":"publish","type":"post","link":"https:\/\/redept.com.br\/blogosfera\/trump-volta-a-chantagear-ira-com-ultima-chance-de-negociacao-por-cessar-fogo\/","title":{"rendered":"Trump volta a chantagear Ir\u00e3 com \u201c\u00faltima chance\u201d de negocia\u00e7\u00e3o por cessar-fogo"},"content":{"rendered":"<p><img fetchpriority=\"high\" width=\"961\" height=\"534\"src=\"https:\/\/redept.com.br\/blogosfera\/wp-content\/uploads\/2026\/04\/trump-Foto-Gage-SkidmoreWikimediaCreative-Commons-1.png\" alt=\"\" decoding=\"async\" srcset=\"https:\/\/redept.com.br\/blogosfera\/wp-content\/uploads\/2026\/04\/trump-Foto-Gage-SkidmoreWikimediaCreative-Commons-1.png 961w, https:\/\/vermelho.org.br\/wp-content\/uploads\/2026\/03\/trump-Foto-Gage-SkidmoreWikimediaCreative-Commons-300x166.png 300w, https:\/\/vermelho.org.br\/wp-content\/uploads\/2026\/03\/trump-Foto-Gage-SkidmoreWikimediaCreative-Commons-768x427.png 768w, https:\/\/vermelho.org.br\/wp-content\/uploads\/2026\/03\/trump-Foto-Gage-SkidmoreWikimediaCreative-Commons-219x121.png 219w\" sizes=\"(max-width: 961px) 100vw, 961px\"><\/p>\n<p>O presidente dos Estados Unidos, Donald Trump, voltou a amea\u00e7ar o Ir\u00e3 dando ao pa\u00eds o que seria a \u201c\u00faltima chance\u201d na retomada das negocia\u00e7\u00f5es, marcada para a pr\u00f3xima ter\u00e7a-feira (21), no Paquist\u00e3o.<\/p>\n<p>De acordo com Trump, caso o governo iraniano recuse o novo acordo de paz, \u201co pa\u00eds inteiro ser\u00e1 destru\u00eddo\u201d. As declara\u00e7\u00f5es foram dadas ao canal Fox News neste s\u00e1bado (18).<\/p>\n<p>A segunda rodada de tratativas em Islamabad ter\u00e1, na comitiva estadunidense, o genro de Trump, Jared Kushner, e o enviado da Casa Branca para assuntos do Oriente M\u00e9dio, Steve Witkoff.<\/p>\n<p>Em suas redes sociais, Trump disse que estaria oferecendo \u201cum acordo muito justo e razo\u00e1vel\u201d, completando que, caso contr\u00e1rio, os EUA \u201cv\u00e3o destruir todas as usinas de energia e todas as pontes do Ir\u00e3\u201d.<\/p>\n<p><strong>Saiba mais: <\/strong><a href=\"https:\/\/vermelho.org.br\/2026\/04\/18\/ira-retoma-controle-de-ormuz-apos-violacao-de-acordo-por-parte-dos-eua\/\">Ir\u00e3 retoma controle de Ormuz ap\u00f3s viola\u00e7\u00e3o de acordo por parte dos EUA<\/a><\/p>\n<p>De acordo com ag\u00eancias internacionais, o Ir\u00e3 ainda n\u00e3o teria decidido se enviar\u00e1 delega\u00e7\u00e3o ao Paquist\u00e3o \u201cenquanto houver um bloqueio naval\u201d. Segundo o pa\u00eds, Trump violou o cessar-fogo negociado entre as partes ao bloquear o tr\u00e2nsito naval no Estreito de Ormuz, o que, segundo Teer\u00e3, constitui \u201cn\u00e3o s\u00f3 uma viola\u00e7\u00e3o do cessar-fogo\u201d como, tamb\u00e9m, um ato \u201cilegal e criminoso\u201d.<\/p>\n<p>Na avalia\u00e7\u00e3o de Esmail Baghai, porta-voz do Minist\u00e9rio de Neg\u00f3cios Estrangeiros do Ir\u00e3, \u201cao infligir deliberadamente puni\u00e7\u00e3o coletiva ao povo iraniano, configura-se um crime de guerra e um crime contra a humanidade\u201d.<\/p>\n<p>Neste s\u00e1bado (18), o Ir\u00e3 informou ter retomado o controle do Estreito de Ormuz por meio das suas For\u00e7as Armadas. A decis\u00e3o foi tomada ap\u00f3s, segundo autoridades locais, os Estados Unidos terem quebrado compromissos anteriormente fechados entre os dois pa\u00edses.<\/p>\n<p>O post <a href=\"https:\/\/vermelho.org.br\/2026\/04\/19\/trump-volta-a-chantagear-ira-com-ultima-chance-de-negociacao-por-cessar-fogo\/\">Trump volta a chantagear Ir\u00e3 com \u201c\u00faltima chance\u201d de negocia\u00e7\u00e3o por cessar-fogo<\/a> apareceu primeiro em <a href=\"https:\/\/vermelho.org.br\/\">Vermelho<\/a>.<\/p>\n<!-- Begin Yuzo --><div class='yuzo_related_post style-1'  data-version='5.12.89'><!-- without result --><div class='yuzo_clearfixed yuzo__title yuzo__title'><h3>Related Post<\/h3><\/div>\n\t\t\t\t\t\t  <div class=\"relatedthumb \" style=\"width:125px;float:left;overflow:hidden;\">  \n\t\t\t\t\t\t\t  \n\t\t\t\t\t\t\t  <a  href=\"https:\/\/redept.com.br\/blogosfera\/israel-torna-envio-de-ajuda-para-gaza-o-mais-complicado-possivel-denunciam-ongs\/\"  >\n\t\t\t\t\t\t\t\t\t  <div class=\"yuzo-img-wrap \" style=\"width: 125px;height:90px;\">\n\t\t\t\t\t\t\t\t\t\t\n\t\t\t\t\t\t\t\t\t\t<div class=\"yuzo-img\" style=\"background:url('https:\/\/redept.com.br\/blogosfera\/wp-content\/uploads\/2025\/07\/whatsapp-image-2025-07-30-at-185212-150x150.jpeg') 50% 50% no-repeat;width: 125px;height:90px;margin-bottom: 5px;background-size: cover; \"><\/div>\n\t\t\t\t\t\t\t\t\t  <\/div>\n\t\t\t\t\t\t\t\t\t  \n\t\t\t\t\t\t\t\t   <span class=\"yuzo__text--title\" style=\"font-size:13px;\">Israel torna envio de ajuda para Gaza \u2018o mais comp...<\/span>\n\t\t\t\t\t\t\t  \n\t\t\t\t\t\t\t  \n\t\t\t\t\t\t\t  <\/a>\n\n\t\t\t\t\t\t  <\/div>\n\t\t\t\t\t\t  <div class=\"relatedthumb \" style=\"width:125px;float:left;overflow:hidden;\">  \n\t\t\t\t\t\t\t  \n\t\t\t\t\t\t\t  <a  href=\"https:\/\/redept.com.br\/blogosfera\/todos-sao-terroristas-oficiais-denunciam-ordens-do-exercito-de-israel-para-matar-mulheres-e-criancas-em-gaza\/\"  >\n\t\t\t\t\t\t\t\t\t  <div class=\"yuzo-img-wrap \" style=\"width: 125px;height:90px;\">\n\t\t\t\t\t\t\t\t\t\t\n\t\t\t\t\t\t\t\t\t\t<div class=\"yuzo-img\" style=\"background:url('https:\/\/redept.org\/blogosfera\/wp-content\/plugins\/yuzo-related-post\/assets\/images\/default.png') 50% 50% no-repeat;width: 125px;height:90px;margin-bottom: 5px;background-size: cover; \"><\/div>\n\t\t\t\t\t\t\t\t\t  <\/div>\n\t\t\t\t\t\t\t\t\t  \n\t\t\t\t\t\t\t\t   <span class=\"yuzo__text--title\" style=\"font-size:13px;\">\u2018Todos s\u00e3o terroristas\u2019: oficiais denu...<\/span>\n\t\t\t\t\t\t\t  \n\t\t\t\t\t\t\t  \n\t\t\t\t\t\t\t  <\/a>\n\n\t\t\t\t\t\t  <\/div>\n\t\t\t\t\t\t  <div class=\"relatedthumb \" style=\"width:125px;float:left;overflow:hidden;\">  \n\t\t\t\t\t\t\t  \n\t\t\t\t\t\t\t  <a  href=\"https:\/\/redept.com.br\/blogosfera\/distopia-calculada-como-milei-quer-transformar-argentina-em-laboratorio-desregulado-de-ia\/\"  >\n\t\t\t\t\t\t\t\t\t  <div class=\"yuzo-img-wrap \" style=\"width: 125px;height:90px;\">\n\t\t\t\t\t\t\t\t\t\t\n\t\t\t\t\t\t\t\t\t\t<div class=\"yuzo-img\" style=\"background:url('https:\/\/redept.com.br\/blogosfera\/wp-content\/uploads\/2026\/07\/54360588236_38f658d264_c-150x150.webp') 50% 50% no-repeat;width: 125px;height:90px;margin-bottom: 5px;background-size: cover; \"><\/div>\n\t\t\t\t\t\t\t\t\t  <\/div>\n\t\t\t\t\t\t\t\t\t  \n\t\t\t\t\t\t\t\t   <span class=\"yuzo__text--title\" style=\"font-size:13px;\">Distopia calculada: como Milei quer transformar Ar...<\/span>\n\t\t\t\t\t\t\t  \n\t\t\t\t\t\t\t  \n\t\t\t\t\t\t\t  <\/a>\n\n\t\t\t\t\t\t  <\/div>\n\t\t\t\t\t\t  <div class=\"relatedthumb \" style=\"width:125px;float:left;overflow:hidden;\">  \n\t\t\t\t\t\t\t  \n\t\t\t\t\t\t\t  <a  href=\"https:\/\/redept.com.br\/blogosfera\/persistem-duvidas-sobre-impacto-do-acordo-mercosul-uniao-europeia-sobre-a-industria\/\"  >\n\t\t\t\t\t\t\t\t\t  <div class=\"yuzo-img-wrap \" style=\"width: 125px;height:90px;\">\n\t\t\t\t\t\t\t\t\t\t\n\t\t\t\t\t\t\t\t\t\t<div class=\"yuzo-img\" style=\"background:url('https:\/\/redept.com.br\/blogosfera\/wp-content\/uploads\/2024\/12\/Captura-de-Tela-2024-12-10-as-16.30.41-150x150.png') 50% 50% no-repeat;width: 125px;height:90px;margin-bottom: 5px;background-size: cover; \"><\/div>\n\t\t\t\t\t\t\t\t\t  <\/div>\n\t\t\t\t\t\t\t\t\t  \n\t\t\t\t\t\t\t\t   <span class=\"yuzo__text--title\" style=\"font-size:13px;\">Persistem d\u00favidas sobre impacto do acordo Mercosul...<\/span>\n\t\t\t\t\t\t\t  \n\t\t\t\t\t\t\t  \n\t\t\t\t\t\t\t  <\/a>\n\n\t\t\t\t\t\t  <\/div>\n<\/div> <script>\n\t\t\t\t\t\t  jQuery(document).ready(function( $ ){\n\t\t\t\t\t\t\t\/\/jQuery('.yuzo_related_post').equalizer({ overflow : 'relatedthumb' });\n\t\t\t\t\t\t\tjQuery('.yuzo_related_post .yuzo_wraps').equalizer({ columns : '> div' });\n\t\t\t\t\t\t   })\n\t\t\t\t\t\t  <\/script> <!-- End Yuzo :) -->","protected":false},"excerpt":{"rendered":"<p>O presidente dos Estados Unidos, Donald Trump, voltou a amea\u00e7ar o Ir\u00e3 dando ao pa\u00eds o que seria a \u201c\u00faltima chance\u201d na retomada das negocia\u00e7\u00f5es, marcada para a pr\u00f3xima ter\u00e7a-feira (21), no Paquist\u00e3o. De acordo com Trump, caso o governo iraniano recuse o novo acordo de paz, \u201co pa\u00eds inteiro ser\u00e1 destru\u00eddo\u201d. As declara\u00e7\u00f5es foram [&hellip;]<\/p>\n","protected":false},"author":2,"featured_media":0,"comment_status":"open","ping_status":"closed","sticky":false,"template":"","format":"standard","meta":{"fifu_image_url":"","fifu_image_alt":"","footnotes":""},"categories":[8650,37851,996,50],"tags":[],"class_list":["post-83800","post","type-post","status-publish","format-standard","hentry","category-estreito-de-ormuz","category-guerra-eua-x-ira","category-guerra-no-oriente-medio","category-internacional"],"_links":{"self":[{"href":"https:\/\/redept.com.br\/blogosfera\/wp-json\/wp\/v2\/posts\/83800","targetHints":{"allow":["GET"]}}],"collection":[{"href":"https:\/\/redept.com.br\/blogosfera\/wp-json\/wp\/v2\/posts"}],"about":[{"href":"https:\/\/redept.com.br\/blogosfera\/wp-json\/wp\/v2\/types\/post"}],"author":[{"embeddable":true,"href":"https:\/\/redept.com.br\/blogosfera\/wp-json\/wp\/v2\/users\/2"}],"replies":[{"embeddable":true,"href":"https:\/\/redept.com.br\/blogosfera\/wp-json\/wp\/v2\/comments?post=83800"}],"version-history":[{"count":0,"href":"https:\/\/redept.com.br\/blogosfera\/wp-json\/wp\/v2\/posts\/83800\/revisions"}],"wp:attachment":[{"href":"https:\/\/redept.com.br\/blogosfera\/wp-json\/wp\/v2\/media?parent=83800"}],"wp:term":[{"taxonomy":"category","embeddable":true,"href":"https:\/\/redept.com.br\/blogosfera\/wp-json\/wp\/v2\/categories?post=83800"},{"taxonomy":"post_tag","embeddable":true,"href":"https:\/\/redept.com.br\/blogosfera\/wp-json\/wp\/v2\/tags?post=83800"}],"curies":[{"name":"wp","href":"https:\/\/api.w.org\/{rel}","templated":true}]}}