{"id":83811,"date":"2026-04-19T19:51:56","date_gmt":"2026-04-19T22:51:56","guid":{"rendered":"https:\/\/redept.com.br\/blogosfera\/46o-congresso-da-ubes-elege-roberta-pontes-presidenta-com-87-dos-votos\/"},"modified":"2026-04-19T19:51:56","modified_gmt":"2026-04-19T22:51:56","slug":"46o-congresso-da-ubes-elege-roberta-pontes-presidenta-com-87-dos-votos","status":"publish","type":"post","link":"https:\/\/redept.com.br\/blogosfera\/46o-congresso-da-ubes-elege-roberta-pontes-presidenta-com-87-dos-votos\/","title":{"rendered":"46\u00ba Congresso da Ubes elege Roberta Pontes presidenta com 87% dos votos"},"content":{"rendered":"<p><img fetchpriority=\"high\" width=\"823\" height=\"462\"src=\"https:\/\/redept.com.br\/blogosfera\/wp-content\/uploads\/2026\/04\/roberta-hugo-ubes.jpg\" alt=\"\" decoding=\"async\" srcset=\"https:\/\/redept.com.br\/blogosfera\/wp-content\/uploads\/2026\/04\/roberta-hugo-ubes.jpg 823w, https:\/\/vermelho.org.br\/wp-content\/uploads\/2026\/04\/roberta-hugo-ubes-300x168.jpg 300w, https:\/\/vermelho.org.br\/wp-content\/uploads\/2026\/04\/roberta-hugo-ubes-768x431.jpg 768w\" sizes=\"(max-width: 823px) 100vw, 823px\"><\/p>\n<p>O 46\u00ba Congresso da Uni\u00e3o Brasileira dos Estudantes Secundaristas (Conubes), realizado em S\u00e3o Bernardo do Campo (SP) desde o dia 16, elegeu, neste domingo (19), a pernambucana Roberta Pontes como nova presidenta da entidade. A candidatura, que teve 87% dos votos, compunha o movimento \u201cTudo Nosso!\u201d, encabe\u00e7ado pela Uni\u00e3o da Juventude Socialista (UJS).<\/p>\n<p>\u201cN\u00f3s seremos os inimigos n\u00famero um daqueles que querem transformar a escola em quartel e num espa\u00e7o de autoritarismo. A escola para n\u00f3s \u00e9 um lugar de fortalecer a democracia, emancipar o povo e construir a na\u00e7\u00e3o\u201d, afirma a estudante, salientando um de seus objetivos \u00e0 frente da Ubes.<\/p>\n<p>Na sexta-feira (17), uma grande passeata dos estudantes tomou as ruas de S\u00e3o Bernardo do Campo, contra a crescente militariza\u00e7\u00e3o do ensino em diferentes estados do pa\u00eds.<\/p>\n<p>Roberta, que \u00e9 a terceira mulher eleita presidenta da entidade apenas nesta d\u00e9cada, tamb\u00e9m aponta como prioridade a realiza\u00e7\u00e3o de uma grande campanha contra o ass\u00e9dio e o machismo nas escolas.<\/p>\n<p>Segundo ela, o crescimento de movimentos como o dos Red Pills e os discursos de \u00f3dio junto \u00e0 juventude devem acender o alerta e mobilizar os secundaristas por todo o pa\u00eds. A dirigente tamb\u00e9m quer a Ubes mais atuante contra o machismo, a LGBTfobia e todas as formas de opress\u00e3o no ambiente escolar.<\/p>\n<p><strong>Trajet\u00f3ria<\/strong><\/p>\n<p>Roberta Pontes tem sua origem na periferia do Recife (PE), \u00e9 estudante de Desenvolvimento de Sistemas e tem trajet\u00f3ria constru\u00edda desde a base do movimento estudantil: j\u00e1 foi presidenta de gr\u00eamio estudantil, da Uni\u00e3o Metropolitana dos Estudantes Secundaristas de Recife e tesoureira na \u00faltima gest\u00e3o da Ubes.<\/p>\n<p>\u00c0 frente da Umes-PE, teve papel central nas mobiliza\u00e7\u00f5es pela revoga\u00e7\u00e3o do Novo Ensino M\u00e9dio e na aprova\u00e7\u00e3o da Lei da Primeira Merenda nas escolas estaduais.<\/p>\n<p>Na tesouraria nacional da Ubes, esteve \u00e0 frente de campanhas contra as escolas c\u00edvico-militares, pela amplia\u00e7\u00e3o da alimenta\u00e7\u00e3o nos Institutos Federais e pela manuten\u00e7\u00e3o dos 10% do PIB investidos em educa\u00e7\u00e3o.<\/p>\n<p><strong>Reconhecimento<\/strong><\/p>\n<p>Conforme destacou a Ubes em seu perfil nas redes sociais, a partir de agora, Roberta \u201cassume a responsabilidade de organizar as lutas dos estudantes secundaristas brasileiros, fortalecendo as pautas por educa\u00e7\u00e3o de qualidade, democracia e direitos para a juventude em todo o pa\u00eds\u201d. \u2028<br \/>J\u00e1 a UJS salientou que a recifense \u201ccarrega o sonho de uma escola de qualidade, democr\u00e1tica e livre de opress\u00f5es e, junto ao movimento Tudo Nosso, vai liderar a Uni\u00e3o Brasileira dos Estudantes Secundaristas na luta contra a extrema direita e em defesa de um Brasil justo, soberano, desenvolvido e para todos os brasileiros\u201d.<\/p>\n<p><strong>Saiba mais:<\/strong> <a href=\"https:\/\/vermelho.org.br\/2026\/04\/09\/secundaristas-de-todo-brasil-se-reunem-em-sao-bernardo-para-o-46o-congresso-da-ubes\/\">Secundaristas de todo Brasil se re\u00fanem em S\u00e3o Bernardo para o 46\u00ba Congresso da Ubes<\/a><\/p>\n<p>Ao fazer um breve balan\u00e7o de sua gest\u00e3o, o presidente cessante Hugo Silva, destacou: \u201cEstamos encerrando a gest\u00e3o que lutou ao lado dos estudantes pela amplia\u00e7\u00e3o dos nossos direitos e que trouxe muitas conquistas! Garantimos os 10% do PIB pra educa\u00e7\u00e3o, conquistamos o or\u00e7amento para alimenta\u00e7\u00e3o escolar nos IFs (Institutos Federais), conquistamos o P\u00e9-de-Meia e fortalecemos a luta para que seja para geral, combatemos as saunas de aula e criamos o protocolo de adapta\u00e7\u00e3o clim\u00e1tica das escolas, fortalecemos os gr\u00eamios escolares e estivemos dentro das escolas, no ch\u00e3o das salas de aulas\u201d.<\/p>\n<p><strong>46\u00ba Conubes<\/strong><\/p>\n<p>Considerado o maior encontro estudantil da Am\u00e9rica Latina, o Conubes reuniu, segundo a entidade, cerca de sete mil jovens entre os dias 16 e 19, em S\u00e3o Bernardo do Campo, sob o lema \u201cDemocracia e Soberania: um Brasil do Tamanho da nossa Rebeldia\u201d.<\/p>\n<p>A plen\u00e1ria final teve resolu\u00e7\u00f5es para quest\u00f5es como a defesa da educa\u00e7\u00e3o p\u00fablica, o enfrentamento \u00e0s desigualdades, a perman\u00eancia estudantil, o combate \u00e0 evas\u00e3o escolar, a valoriza\u00e7\u00e3o dos gr\u00eamios livres e a amplia\u00e7\u00e3o de direitos como o Passe Livre e a alimenta\u00e7\u00e3o escolar de qualidade. As teses e mo\u00e7\u00f5es do encontro tamb\u00e9m reafirmaram o compromisso da UBES com a democracia, os direitos sociais e a soberania nacional.<\/p>\n<p>O post <a href=\"https:\/\/vermelho.org.br\/2026\/04\/19\/46o-congresso-da-ubes-elege-roberta-pontes-presidenta-com-87-dos-votos\/\">46\u00ba Congresso da Ubes elege Roberta Pontes presidenta com 87% dos votos<\/a> apareceu primeiro em <a href=\"https:\/\/vermelho.org.br\/\">Vermelho<\/a>.<\/p>\n<!-- Begin Yuzo --><div class='yuzo_related_post style-1'  data-version='5.12.89'><!-- without result --><div class='yuzo_clearfixed yuzo__title yuzo__title'><h3>Related Post<\/h3><\/div>\n\t\t\t\t\t\t  <div class=\"relatedthumb \" style=\"width:125px;float:left;overflow:hidden;\">  \n\t\t\t\t\t\t\t  \n\t\t\t\t\t\t\t  <a  href=\"https:\/\/redept.com.br\/blogosfera\/zelensky-aceita-negociar-com-putin-mediante-plano-conjunto-de-trump-e-uniao-europeia\/\"  >\n\t\t\t\t\t\t\t\t\t  <div class=\"yuzo-img-wrap \" style=\"width: 125px;height:90px;\">\n\t\t\t\t\t\t\t\t\t\t\n\t\t\t\t\t\t\t\t\t\t<div class=\"yuzo-img\" style=\"background:url('https:\/\/redept.com.br\/blogosfera\/wp-content\/uploads\/2025\/02\/gjxc93kweaikazo-2048x1152-1-150x150.jpg') 50% 50% no-repeat;width: 125px;height:90px;margin-bottom: 5px;background-size: cover; \"><\/div>\n\t\t\t\t\t\t\t\t\t  <\/div>\n\t\t\t\t\t\t\t\t\t  \n\t\t\t\t\t\t\t\t   <span class=\"yuzo__text--title\" style=\"font-size:13px;\">Zelensky aceita negociar com Putin mediante \u2018plano...<\/span>\n\t\t\t\t\t\t\t  \n\t\t\t\t\t\t\t  \n\t\t\t\t\t\t\t  <\/a>\n\n\t\t\t\t\t\t  <\/div>\n\t\t\t\t\t\t  <div class=\"relatedthumb \" style=\"width:125px;float:left;overflow:hidden;\">  \n\t\t\t\t\t\t\t  \n\t\t\t\t\t\t\t  <a  href=\"https:\/\/redept.com.br\/blogosfera\/sheinbaum-anuncia-plano-para-proteger-mexicanos-nos-eua-diante-de-novas-ameacas-de-trump\/\"  >\n\t\t\t\t\t\t\t\t\t  <div class=\"yuzo-img-wrap \" style=\"width: 125px;height:90px;\">\n\t\t\t\t\t\t\t\t\t\t\n\t\t\t\t\t\t\t\t\t\t<div class=\"yuzo-img\" style=\"background:url('https:\/\/redept.org\/blogosfera\/wp-content\/plugins\/yuzo-related-post\/assets\/images\/default.png') 50% 50% no-repeat;width: 125px;height:90px;margin-bottom: 5px;background-size: cover; \"><\/div>\n\t\t\t\t\t\t\t\t\t  <\/div>\n\t\t\t\t\t\t\t\t\t  \n\t\t\t\t\t\t\t\t   <span class=\"yuzo__text--title\" style=\"font-size:13px;\">Sheinbaum anuncia plano para proteger mexicanos no...<\/span>\n\t\t\t\t\t\t\t  \n\t\t\t\t\t\t\t  \n\t\t\t\t\t\t\t  <\/a>\n\n\t\t\t\t\t\t  <\/div>\n\t\t\t\t\t\t  <div class=\"relatedthumb \" style=\"width:125px;float:left;overflow:hidden;\">  \n\t\t\t\t\t\t\t  \n\t\t\t\t\t\t\t  <a  href=\"https:\/\/sul21.com.br\/noticias\/geral\/2026\/08\/bancarios-paralisam-atividades-em-todo-pais-nessa-quinta-feira-20\/\"  >\n\t\t\t\t\t\t\t\t\t  <div class=\"yuzo-img-wrap \" style=\"width: 125px;height:90px;\">\n\t\t\t\t\t\t\t\t\t\t\n\t\t\t\t\t\t\t\t\t\t<div class=\"yuzo-img\" style=\"background:url('https:\/\/redept.org\/blogosfera\/wp-content\/plugins\/yuzo-related-post\/assets\/images\/default.png') 50% 50% no-repeat;width: 125px;height:90px;margin-bottom: 5px;background-size: cover; \"><\/div>\n\t\t\t\t\t\t\t\t\t  <\/div>\n\t\t\t\t\t\t\t\t\t  \n\t\t\t\t\t\t\t\t   <span class=\"yuzo__text--title\" style=\"font-size:13px;\">Banc\u00e1rios paralisam atividades em todo pa\u00eds nessa ...<\/span>\n\t\t\t\t\t\t\t  \n\t\t\t\t\t\t\t  \n\t\t\t\t\t\t\t  <\/a>\n\n\t\t\t\t\t\t  <\/div>\n\t\t\t\t\t\t  <div class=\"relatedthumb \" style=\"width:125px;float:left;overflow:hidden;\">  \n\t\t\t\t\t\t\t  \n\t\t\t\t\t\t\t  <a  href=\"https:\/\/redept.com.br\/blogosfera\/centrais-sindicais-convocam-ato-contra-a-insuportavel-politica-de-juros\/\"  >\n\t\t\t\t\t\t\t\t\t  <div class=\"yuzo-img-wrap \" style=\"width: 125px;height:90px;\">\n\t\t\t\t\t\t\t\t\t\t\n\t\t\t\t\t\t\t\t\t\t<div class=\"yuzo-img\" style=\"background:url('https:\/\/redept.com.br\/blogosfera\/wp-content\/uploads\/2026\/04\/53892134800_6f2a5f5d43_h-150x150.jpg') 50% 50% no-repeat;width: 125px;height:90px;margin-bottom: 5px;background-size: cover; \"><\/div>\n\t\t\t\t\t\t\t\t\t  <\/div>\n\t\t\t\t\t\t\t\t\t  \n\t\t\t\t\t\t\t\t   <span class=\"yuzo__text--title\" style=\"font-size:13px;\">Centrais sindicais convocam ato contra a insuport\u00e1...<\/span>\n\t\t\t\t\t\t\t  \n\t\t\t\t\t\t\t  \n\t\t\t\t\t\t\t  <\/a>\n\n\t\t\t\t\t\t  <\/div>\n<\/div> <script>\n\t\t\t\t\t\t  jQuery(document).ready(function( $ ){\n\t\t\t\t\t\t\t\/\/jQuery('.yuzo_related_post').equalizer({ overflow : 'relatedthumb' });\n\t\t\t\t\t\t\tjQuery('.yuzo_related_post .yuzo_wraps').equalizer({ columns : '> div' });\n\t\t\t\t\t\t   })\n\t\t\t\t\t\t  <\/script> <!-- End Yuzo :) -->","protected":false},"excerpt":{"rendered":"<p>O 46\u00ba Congresso da Uni\u00e3o Brasileira dos Estudantes Secundaristas (Conubes), realizado em S\u00e3o Bernardo do Campo (SP) desde o dia 16, elegeu, neste domingo (19), a pernambucana Roberta Pontes como nova presidenta da entidade. A candidatura, que teve 87% dos votos, compunha o movimento \u201cTudo Nosso!\u201d, encabe\u00e7ado pela Uni\u00e3o da Juventude Socialista (UJS). \u201cN\u00f3s seremos [&hellip;]<\/p>\n","protected":false},"author":2,"featured_media":0,"comment_status":"open","ping_status":"closed","sticky":false,"template":"","format":"standard","meta":{"fifu_image_url":"","fifu_image_alt":"","footnotes":""},"categories":[48791,95,362,278,2852],"tags":[],"class_list":["post-83811","post","type-post","status-publish","format-standard","hentry","category-conubes","category-educacao","category-movimento-estudantil","category-movimentos","category-ubes"],"_links":{"self":[{"href":"https:\/\/redept.com.br\/blogosfera\/wp-json\/wp\/v2\/posts\/83811","targetHints":{"allow":["GET"]}}],"collection":[{"href":"https:\/\/redept.com.br\/blogosfera\/wp-json\/wp\/v2\/posts"}],"about":[{"href":"https:\/\/redept.com.br\/blogosfera\/wp-json\/wp\/v2\/types\/post"}],"author":[{"embeddable":true,"href":"https:\/\/redept.com.br\/blogosfera\/wp-json\/wp\/v2\/users\/2"}],"replies":[{"embeddable":true,"href":"https:\/\/redept.com.br\/blogosfera\/wp-json\/wp\/v2\/comments?post=83811"}],"version-history":[{"count":0,"href":"https:\/\/redept.com.br\/blogosfera\/wp-json\/wp\/v2\/posts\/83811\/revisions"}],"wp:attachment":[{"href":"https:\/\/redept.com.br\/blogosfera\/wp-json\/wp\/v2\/media?parent=83811"}],"wp:term":[{"taxonomy":"category","embeddable":true,"href":"https:\/\/redept.com.br\/blogosfera\/wp-json\/wp\/v2\/categories?post=83811"},{"taxonomy":"post_tag","embeddable":true,"href":"https:\/\/redept.com.br\/blogosfera\/wp-json\/wp\/v2\/tags?post=83811"}],"curies":[{"name":"wp","href":"https:\/\/api.w.org\/{rel}","templated":true}]}}