{"id":83910,"date":"2026-04-20T16:32:22","date_gmt":"2026-04-20T19:32:22","guid":{"rendered":"https:\/\/redept.com.br\/blogosfera\/lula-critica-bloqueio-a-cuba-e-repudia-possibilidade-de-intervencao-dos-eua-a-prevalencia-das-forcas-sobre-o-direito-e-a-mais-grave-ameaca-a-paz\/"},"modified":"2026-04-20T16:32:22","modified_gmt":"2026-04-20T19:32:22","slug":"lula-critica-bloqueio-a-cuba-e-repudia-possibilidade-de-intervencao-dos-eua-a-prevalencia-das-forcas-sobre-o-direito-e-a-mais-grave-ameaca-a-paz","status":"publish","type":"post","link":"https:\/\/redept.com.br\/blogosfera\/lula-critica-bloqueio-a-cuba-e-repudia-possibilidade-de-intervencao-dos-eua-a-prevalencia-das-forcas-sobre-o-direito-e-a-mais-grave-ameaca-a-paz\/","title":{"rendered":"Lula critica bloqueio a Cuba e repudia possibilidade de interven\u00e7\u00e3o dos EUA: \u2018A preval\u00eancia das for\u00e7as sobre o direito \u00e9 a mais grave amea\u00e7a \u00e0 paz\u2019"},"content":{"rendered":"<p>Em encontro com Merz, presidente cobrou diplomacia em conflitos e apontou riscos ap\u00f3s falas de Trump<\/p>\n<p><a href=\"https:\/\/www.brasildefato.com.br\/2026\/04\/20\/lula-critica-bloqueio-a-cuba-e-repudia-possibilidade-de-intervencao-dos-eua-a-prevalencia-das-forcas-sobre-o-direito-e-a-mais-grave-ameaca-a-paz\/\" rel=\"nofollow\">Fonte<\/a><\/p>\n<!-- Begin Yuzo --><div class='yuzo_related_post style-1'  data-version='5.12.89'><!-- without result --><div class='yuzo_clearfixed yuzo__title yuzo__title'><h3>Related Post<\/h3><\/div>\n\t\t\t\t\t\t  <div class=\"relatedthumb \" style=\"width:125px;float:left;overflow:hidden;\">  \n\t\t\t\t\t\t\t  \n\t\t\t\t\t\t\t  <a  href=\"https:\/\/redept.com.br\/blogosfera\/lula-e-pressionado-pelo-stf-para-indicar-nome-de-peso-na-vaga-de-barroso-a-fim-de-evitar-crise-na-corte\/\"  >\n\t\t\t\t\t\t\t\t\t  <div class=\"yuzo-img-wrap \" style=\"width: 125px;height:90px;\">\n\t\t\t\t\t\t\t\t\t\t\n\t\t\t\t\t\t\t\t\t\t<div class=\"yuzo-img\" style=\"background:url('https:\/\/redept.org\/blogosfera\/wp-content\/plugins\/yuzo-related-post\/assets\/images\/default.png') 50% 50% no-repeat;width: 125px;height:90px;margin-bottom: 5px;background-size: cover; \"><\/div>\n\t\t\t\t\t\t\t\t\t  <\/div>\n\t\t\t\t\t\t\t\t\t  \n\t\t\t\t\t\t\t\t   <span class=\"yuzo__text--title\" style=\"font-size:13px;\">Lula \u00e9 pressionado pelo STF para indicar nome de p...<\/span>\n\t\t\t\t\t\t\t  \n\t\t\t\t\t\t\t  \n\t\t\t\t\t\t\t  <\/a>\n\n\t\t\t\t\t\t  <\/div>\n\t\t\t\t\t\t  <div class=\"relatedthumb \" style=\"width:125px;float:left;overflow:hidden;\">  \n\t\t\t\t\t\t\t  \n\t\t\t\t\t\t\t  <a  href=\"https:\/\/redept.com.br\/blogosfera\/vinculo-entre-trabalhadores-e-aplicativos-volta-a-pauta-do-stf-na-quarta-1o\/\"  >\n\t\t\t\t\t\t\t\t\t  <div class=\"yuzo-img-wrap \" style=\"width: 125px;height:90px;\">\n\t\t\t\t\t\t\t\t\t\t\n\t\t\t\t\t\t\t\t\t\t<div class=\"yuzo-img\" style=\"background:url('https:\/\/redept.com.br\/blogosfera\/wp-content\/uploads\/2025\/09\/entregador_canva-150x150.jpg') 50% 50% no-repeat;width: 125px;height:90px;margin-bottom: 5px;background-size: cover; \"><\/div>\n\t\t\t\t\t\t\t\t\t  <\/div>\n\t\t\t\t\t\t\t\t\t  \n\t\t\t\t\t\t\t\t   <span class=\"yuzo__text--title\" style=\"font-size:13px;\">V\u00ednculo entre trabalhadores e aplicativos volta \u00e0 ...<\/span>\n\t\t\t\t\t\t\t  \n\t\t\t\t\t\t\t  \n\t\t\t\t\t\t\t  <\/a>\n\n\t\t\t\t\t\t  <\/div>\n\t\t\t\t\t\t  <div class=\"relatedthumb \" style=\"width:125px;float:left;overflow:hidden;\">  \n\t\t\t\t\t\t\t  \n\t\t\t\t\t\t\t  <a  href=\"https:\/\/redept.com.br\/blogosfera\/palcos-amefricanos-rs-chega-a-porto-alegre-e-regiao-metropolitana-com-teatro-e-oficinas-gratuitas-ate-sexta-4\/\"  >\n\t\t\t\t\t\t\t\t\t  <div class=\"yuzo-img-wrap \" style=\"width: 125px;height:90px;\">\n\t\t\t\t\t\t\t\t\t\t\n\t\t\t\t\t\t\t\t\t\t<div class=\"yuzo-img\" style=\"background:url('https:\/\/redept.com.br\/blogosfera\/wp-content\/uploads\/2025\/07\/image-2-1-150x92.png') 50% 50% no-repeat;width: 125px;height:90px;margin-bottom: 5px;background-size: cover; \"><\/div>\n\t\t\t\t\t\t\t\t\t  <\/div>\n\t\t\t\t\t\t\t\t\t  \n\t\t\t\t\t\t\t\t   <span class=\"yuzo__text--title\" style=\"font-size:13px;\">Palcos Amefricanos RS chega a Porto Alegre e Regi\u00e3...<\/span>\n\t\t\t\t\t\t\t  \n\t\t\t\t\t\t\t  \n\t\t\t\t\t\t\t  <\/a>\n\n\t\t\t\t\t\t  <\/div>\n\t\t\t\t\t\t  <div class=\"relatedthumb \" style=\"width:125px;float:left;overflow:hidden;\">  \n\t\t\t\t\t\t\t  \n\t\t\t\t\t\t\t  <a  href=\"https:\/\/redept.com.br\/blogosfera\/deputada-rejane-assume-mandato-federal-para-valorizar-trabalhadores-e-sus\/\"  >\n\t\t\t\t\t\t\t\t\t  <div class=\"yuzo-img-wrap \" style=\"width: 125px;height:90px;\">\n\t\t\t\t\t\t\t\t\t\t\n\t\t\t\t\t\t\t\t\t\t<div class=\"yuzo-img\" style=\"background:url('https:\/\/redept.com.br\/blogosfera\/wp-content\/uploads\/2025\/01\/Captura-de-Tela-2025-01-09-as-18.15.57-150x150.png') 50% 50% no-repeat;width: 125px;height:90px;margin-bottom: 5px;background-size: cover; \"><\/div>\n\t\t\t\t\t\t\t\t\t  <\/div>\n\t\t\t\t\t\t\t\t\t  \n\t\t\t\t\t\t\t\t   <span class=\"yuzo__text--title\" style=\"font-size:13px;\">Deputada Rejane assume mandato federal para valori...<\/span>\n\t\t\t\t\t\t\t  \n\t\t\t\t\t\t\t  \n\t\t\t\t\t\t\t  <\/a>\n\n\t\t\t\t\t\t  <\/div>\n<\/div> <script>\n\t\t\t\t\t\t  jQuery(document).ready(function( $ ){\n\t\t\t\t\t\t\t\/\/jQuery('.yuzo_related_post').equalizer({ overflow : 'relatedthumb' });\n\t\t\t\t\t\t\tjQuery('.yuzo_related_post .yuzo_wraps').equalizer({ columns : '> div' });\n\t\t\t\t\t\t   })\n\t\t\t\t\t\t  <\/script> <!-- End Yuzo :) -->","protected":false},"excerpt":{"rendered":"<p>Em encontro com Merz, presidente cobrou diplomacia em conflitos e apontou riscos ap\u00f3s falas de Trump Fonte Related Post Paul McCartney quase me mata Em congresso do PT, Lula alerta para disputa de va&#8230; Escola Porto Alegre \u00e9 homenageada na C\u00e2mara de Ver&#8230; MP do Rio vai apurar c\u00e2meras corporais de policiai&#8230;<\/p>\n","protected":false},"author":2,"featured_media":0,"comment_status":"open","ping_status":"closed","sticky":false,"template":"","format":"standard","meta":{"fifu_image_url":"","fifu_image_alt":"","footnotes":""},"categories":[2211,463,1000,4016,9494,1185,2096,2586,1026,1023,1415,394,8650,2984,52,48866,50,7645,41,112,552,1403,267,49175,2827,332,1315,1048,372,1170,1049],"tags":[],"class_list":["post-83910","post","type-post","status-publish","format-standard","hentry","category-acordo-comercial","category-alemanha","category-biocombustiveis","category-bloqueio-economico","category-cooperacao-tecnologica","category-cuba","category-defesa","category-descarbonizacao","category-diplomacia","category-donald-trump","category-energia","category-estados-unidos","category-estreito-de-ormuz","category-friedrich-merz","category-gaza","category-integridade-territorial","category-internacional","category-intervencao-militar","category-ira","category-lula","category-mercosul","category-multilateralismo","category-onu","category-paz-e-seguranca","category-petroleo","category-politica-externa","category-relacoes-internacionais","category-soberania","category-ucrania","category-uniao-europeia","category-venezuela"],"_links":{"self":[{"href":"https:\/\/redept.com.br\/blogosfera\/wp-json\/wp\/v2\/posts\/83910","targetHints":{"allow":["GET"]}}],"collection":[{"href":"https:\/\/redept.com.br\/blogosfera\/wp-json\/wp\/v2\/posts"}],"about":[{"href":"https:\/\/redept.com.br\/blogosfera\/wp-json\/wp\/v2\/types\/post"}],"author":[{"embeddable":true,"href":"https:\/\/redept.com.br\/blogosfera\/wp-json\/wp\/v2\/users\/2"}],"replies":[{"embeddable":true,"href":"https:\/\/redept.com.br\/blogosfera\/wp-json\/wp\/v2\/comments?post=83910"}],"version-history":[{"count":0,"href":"https:\/\/redept.com.br\/blogosfera\/wp-json\/wp\/v2\/posts\/83910\/revisions"}],"wp:attachment":[{"href":"https:\/\/redept.com.br\/blogosfera\/wp-json\/wp\/v2\/media?parent=83910"}],"wp:term":[{"taxonomy":"category","embeddable":true,"href":"https:\/\/redept.com.br\/blogosfera\/wp-json\/wp\/v2\/categories?post=83910"},{"taxonomy":"post_tag","embeddable":true,"href":"https:\/\/redept.com.br\/blogosfera\/wp-json\/wp\/v2\/tags?post=83910"}],"curies":[{"name":"wp","href":"https:\/\/api.w.org\/{rel}","templated":true}]}}