{"id":83914,"date":"2026-04-20T17:09:55","date_gmt":"2026-04-20T20:09:55","guid":{"rendered":"https:\/\/redept.com.br\/blogosfera\/hungria-sob-nova-direcao-qual-o-impacto-da-derrota-de-orban-para-as-relacoes-com-a-russia-e-uniao-europeia\/"},"modified":"2026-04-20T17:09:55","modified_gmt":"2026-04-20T20:09:55","slug":"hungria-sob-nova-direcao-qual-o-impacto-da-derrota-de-orban-para-as-relacoes-com-a-russia-e-uniao-europeia","status":"publish","type":"post","link":"https:\/\/redept.com.br\/blogosfera\/hungria-sob-nova-direcao-qual-o-impacto-da-derrota-de-orban-para-as-relacoes-com-a-russia-e-uniao-europeia\/","title":{"rendered":"Hungria sob nova dire\u00e7\u00e3o: qual o impacto da derrota de Orb\u00e1n para as rela\u00e7\u00f5es com a R\u00fassia e Uni\u00e3o Europeia?"},"content":{"rendered":"<p>A mudan\u00e7a de poder na Hungria reacende d\u00favidas sobre o futuro das rela\u00e7\u00f5es com a R\u00fassia. Ap\u00f3s 16 anos no poder, o l\u00edder da extrema direita da Hungria. Viktor Orb\u00e1n, foi derrotado nas elei\u00e7\u00f5es do pa\u00eds pelo conservador P\u00e9ter Magyar, do Partido \u201cTisza\u201d. Ao comentar o futuro das rela\u00e7\u00f5es com a R\u00fassia, o novo primeiro-ministro [\u2026]<\/p>\n<p><a href=\"https:\/\/www.brasildefato.com.br\/2026\/04\/20\/hungria-sob-nova-direcao-qual-o-impacto-da-derrota-de-orban-para-as-relacoes-com-a-russia-e-ue\/\" rel=\"nofollow\">Fonte<\/a><\/p>\n<!-- Begin Yuzo --><div class='yuzo_related_post style-1'  data-version='5.12.89'><!-- without result --><div class='yuzo_clearfixed yuzo__title yuzo__title'><h3>Related Post<\/h3><\/div>\n\t\t\t\t\t\t  <div class=\"relatedthumb \" style=\"width:125px;float:left;overflow:hidden;\">  \n\t\t\t\t\t\t\t  \n\t\t\t\t\t\t\t  <a  href=\"https:\/\/sul21.com.br\/noticias\/geral\/2025\/08\/justica-reduz-pena-dos-quatro-condenados-pelo-incendio-na-boate-kiss\/\"  >\n\t\t\t\t\t\t\t\t\t  <div class=\"yuzo-img-wrap \" style=\"width: 125px;height:90px;\">\n\t\t\t\t\t\t\t\t\t\t\n\t\t\t\t\t\t\t\t\t\t<div class=\"yuzo-img\" style=\"background:url('https:\/\/redept.org\/blogosfera\/wp-content\/plugins\/yuzo-related-post\/assets\/images\/default.png') 50% 50% no-repeat;width: 125px;height:90px;margin-bottom: 5px;background-size: cover; \"><\/div>\n\t\t\t\t\t\t\t\t\t  <\/div>\n\t\t\t\t\t\t\t\t\t  \n\t\t\t\t\t\t\t\t   <span class=\"yuzo__text--title\" style=\"font-size:13px;\">Justi\u00e7a reduz pena dos quatro condenados pelo inc\u00ea...<\/span>\n\t\t\t\t\t\t\t  \n\t\t\t\t\t\t\t  \n\t\t\t\t\t\t\t  <\/a>\n\n\t\t\t\t\t\t  <\/div>\n\t\t\t\t\t\t  <div class=\"relatedthumb \" style=\"width:125px;float:left;overflow:hidden;\">  \n\t\t\t\t\t\t\t  \n\t\t\t\t\t\t\t  <a  href=\"https:\/\/redept.com.br\/blogosfera\/justica-eleitoral-cassa-chapa-de-claudio-castro-por-abuso-de-poder-em-esquema-de-27-mil-contratacoes-na-boca-do-caixa\/\"  >\n\t\t\t\t\t\t\t\t\t  <div class=\"yuzo-img-wrap \" style=\"width: 125px;height:90px;\">\n\t\t\t\t\t\t\t\t\t\t\n\t\t\t\t\t\t\t\t\t\t<div class=\"yuzo-img\" style=\"background:url('https:\/\/redept.org\/blogosfera\/wp-content\/plugins\/yuzo-related-post\/assets\/images\/default.png') 50% 50% no-repeat;width: 125px;height:90px;margin-bottom: 5px;background-size: cover; \"><\/div>\n\t\t\t\t\t\t\t\t\t  <\/div>\n\t\t\t\t\t\t\t\t\t  \n\t\t\t\t\t\t\t\t   <span class=\"yuzo__text--title\" style=\"font-size:13px;\">Justi\u00e7a Eleitoral cassa chapa de Cl\u00e1udio Castro po...<\/span>\n\t\t\t\t\t\t\t  \n\t\t\t\t\t\t\t  \n\t\t\t\t\t\t\t  <\/a>\n\n\t\t\t\t\t\t  <\/div>\n\t\t\t\t\t\t  <div class=\"relatedthumb \" style=\"width:125px;float:left;overflow:hidden;\">  \n\t\t\t\t\t\t\t  \n\t\t\t\t\t\t\t  <a  href=\"https:\/\/redept.com.br\/blogosfera\/156-anos-de-nadejda-krupskaya-a-arquiteta-do-sistema-de-ensino-sovietico\/\"  >\n\t\t\t\t\t\t\t\t\t  <div class=\"yuzo-img-wrap \" style=\"width: 125px;height:90px;\">\n\t\t\t\t\t\t\t\t\t\t\n\t\t\t\t\t\t\t\t\t\t<div class=\"yuzo-img\" style=\"background:url('https:\/\/redept.com.br\/blogosfera\/wp-content\/uploads\/2025\/02\/nadezhda_k_krupskaya_3x4_cropped-150x150.jpg') 50% 50% no-repeat;width: 125px;height:90px;margin-bottom: 5px;background-size: cover; \"><\/div>\n\t\t\t\t\t\t\t\t\t  <\/div>\n\t\t\t\t\t\t\t\t\t  \n\t\t\t\t\t\t\t\t   <span class=\"yuzo__text--title\" style=\"font-size:13px;\">156 anos de Nadejda Krupskaya, a arquiteta do sist...<\/span>\n\t\t\t\t\t\t\t  \n\t\t\t\t\t\t\t  \n\t\t\t\t\t\t\t  <\/a>\n\n\t\t\t\t\t\t  <\/div>\n\t\t\t\t\t\t  <div class=\"relatedthumb \" style=\"width:125px;float:left;overflow:hidden;\">  \n\t\t\t\t\t\t\t  \n\t\t\t\t\t\t\t  <a  href=\"https:\/\/redept.com.br\/blogosfera\/fim-da-escala-6x1-comissao-mira-regra-geral-e-trabalhador-rural-pode-ficar-para-depois\/\"  >\n\t\t\t\t\t\t\t\t\t  <div class=\"yuzo-img-wrap \" style=\"width: 125px;height:90px;\">\n\t\t\t\t\t\t\t\t\t\t\n\t\t\t\t\t\t\t\t\t\t<div class=\"yuzo-img\" style=\"background:url('https:\/\/redept.org\/blogosfera\/wp-content\/plugins\/yuzo-related-post\/assets\/images\/default.png') 50% 50% no-repeat;width: 125px;height:90px;margin-bottom: 5px;background-size: cover; \"><\/div>\n\t\t\t\t\t\t\t\t\t  <\/div>\n\t\t\t\t\t\t\t\t\t  \n\t\t\t\t\t\t\t\t   <span class=\"yuzo__text--title\" style=\"font-size:13px;\">Fim da escala 6\u00d71: comiss\u00e3o mira \u2018regra geral\u2019 e t...<\/span>\n\t\t\t\t\t\t\t  \n\t\t\t\t\t\t\t  \n\t\t\t\t\t\t\t  <\/a>\n\n\t\t\t\t\t\t  <\/div>\n<\/div> <script>\n\t\t\t\t\t\t  jQuery(document).ready(function( $ ){\n\t\t\t\t\t\t\t\/\/jQuery('.yuzo_related_post').equalizer({ overflow : 'relatedthumb' });\n\t\t\t\t\t\t\tjQuery('.yuzo_related_post .yuzo_wraps').equalizer({ columns : '> div' });\n\t\t\t\t\t\t   })\n\t\t\t\t\t\t  <\/script> <!-- End Yuzo :) -->","protected":false},"excerpt":{"rendered":"<p>A mudan\u00e7a de poder na Hungria reacende d\u00favidas sobre o futuro das rela\u00e7\u00f5es com a R\u00fassia. Ap\u00f3s 16 anos no poder, o l\u00edder da extrema direita da Hungria. Viktor Orb\u00e1n, foi derrotado nas elei\u00e7\u00f5es do pa\u00eds pelo conservador P\u00e9ter Magyar, do Partido \u201cTisza\u201d. Ao comentar o futuro das rela\u00e7\u00f5es com a R\u00fassia, o novo primeiro-ministro [&hellip;]<\/p>\n","protected":false},"author":2,"featured_media":0,"comment_status":"open","ping_status":"closed","sticky":false,"template":"","format":"standard","meta":{"fifu_image_url":"","fifu_image_alt":"","footnotes":""},"categories":[19533,49176,10786,25386,7169,7003,1392,46727,49177,49178,423,40413,49179,6334,50,1450,46558,46559,12574,40414,49180,42,49181,43,46730,49182,46482,372,1170,2537,4803,49183,1422,3840],"tags":[],"class_list":["post-83914","post","type-post","status-publish","format-standard","hentry","category-analise-politica","category-apoio-a-ucrania","category-bruxelas","category-budapeste","category-conservadorismo","category-dmitry-peskov","category-eleicao","category-eleicoes-na-hungria","category-emprestimo-ue-a-ucrania","category-equilibrio-diplomatico","category-extrema-direita","category-gasoduto-druzhba","category-geopolitica-europeia","category-hungria","category-internacional","category-moscou","category-partido-tisza","category-peter-magyar","category-petroleo-russo","category-politica-externa-hungara","category-pragmatismo","category-putin","category-relacoes-hungria-russia","category-russia","category-sancoes-contra-a-russia","category-seguranca-da-ue","category-transicao-de-poder","category-ucrania","category-uniao-europeia","category-ursula-von-der-leyen","category-viktor-orban","category-vladimir-dzharalla","category-vladimir-putin","category-volodymyr-zelensky"],"_links":{"self":[{"href":"https:\/\/redept.com.br\/blogosfera\/wp-json\/wp\/v2\/posts\/83914","targetHints":{"allow":["GET"]}}],"collection":[{"href":"https:\/\/redept.com.br\/blogosfera\/wp-json\/wp\/v2\/posts"}],"about":[{"href":"https:\/\/redept.com.br\/blogosfera\/wp-json\/wp\/v2\/types\/post"}],"author":[{"embeddable":true,"href":"https:\/\/redept.com.br\/blogosfera\/wp-json\/wp\/v2\/users\/2"}],"replies":[{"embeddable":true,"href":"https:\/\/redept.com.br\/blogosfera\/wp-json\/wp\/v2\/comments?post=83914"}],"version-history":[{"count":0,"href":"https:\/\/redept.com.br\/blogosfera\/wp-json\/wp\/v2\/posts\/83914\/revisions"}],"wp:attachment":[{"href":"https:\/\/redept.com.br\/blogosfera\/wp-json\/wp\/v2\/media?parent=83914"}],"wp:term":[{"taxonomy":"category","embeddable":true,"href":"https:\/\/redept.com.br\/blogosfera\/wp-json\/wp\/v2\/categories?post=83914"},{"taxonomy":"post_tag","embeddable":true,"href":"https:\/\/redept.com.br\/blogosfera\/wp-json\/wp\/v2\/tags?post=83914"}],"curies":[{"name":"wp","href":"https:\/\/api.w.org\/{rel}","templated":true}]}}