{"id":83943,"date":"2026-04-20T18:20:34","date_gmt":"2026-04-20T21:20:34","guid":{"rendered":"https:\/\/redept.com.br\/blogosfera\/elon-musk-ignora-convocacao-da-franca-para-depor-sobre-rede-social-x\/"},"modified":"2026-04-20T18:20:34","modified_gmt":"2026-04-20T21:20:34","slug":"elon-musk-ignora-convocacao-da-franca-para-depor-sobre-rede-social-x","status":"publish","type":"post","link":"https:\/\/redept.com.br\/blogosfera\/elon-musk-ignora-convocacao-da-franca-para-depor-sobre-rede-social-x\/","title":{"rendered":"Elon Musk ignora convoca\u00e7\u00e3o da Fran\u00e7a para depor sobre rede social X"},"content":{"rendered":"<p><span>O bilion\u00e1rio Elon Musk\u00a0 n\u00e3o compareceu nesta segunda-feira (20\/04) a uma oitiva volunt\u00e1ria convocada pela Justi\u00e7a francesa no \u00e2mbito de uma investiga\u00e7\u00e3o contra sua rede social X.<\/span><\/p>\n<p><span>A promotoria de Paris informou \u00e0 ag\u00eancia de not\u00edcias <\/span><i><span>AFP <\/span><\/i><span>que \u201ctomou nota da aus\u00eancia das primeiras pessoas convocadas\u201d, sem citar Musk nominalmente.<\/span><\/p>\n<p><span>A convoca\u00e7\u00e3o havia sido emitida em fevereiro, ap\u00f3s autoridades realizarem buscas nos escrit\u00f3rios do X em Paris. A opera\u00e7\u00e3o comp\u00f5e um inqu\u00e9rito iniciado em janeiro de 2025, que apura alega\u00e7\u00f5es de que o algoritmo do X\u00a0 teria sido usado para interferir na pol\u00edtica francesa.<\/span><\/p>\n<p><span>Na ocasi\u00e3o, a ex-diretora-geral da empresa Linda Yaccarino tamb\u00e9m foi convocada para depoimento volunt\u00e1rio. Outros funcion\u00e1rios do X foram chamados na condi\u00e7\u00e3o de testemunhas.<\/span><\/p>\n<p><span>O processo posteriormente se estendeu tamb\u00e9m a outros supostos crimes, como a cumplicidade na divulga\u00e7\u00e3o de pornografia infantil. O Grok, assistente de IA incorporado \u00e0 rede social, foi repetidamente usado para gerar e divulgar conte\u00fados negacionistas e imagens falsas de car\u00e1ter sexual.<\/span><\/p>\n<p><span>A plataforma nega qualquer irregularidade e vem classificando a a\u00e7\u00e3o como \u201cabusiva\u201d. Semanas antes, Musk usou a plataforma para insultar as autoridades francesas.\u00a0<\/span><\/p>\n<p><span>A aus\u00eancia do empres\u00e1rio e de Yaccarino \u201cn\u00e3o constitui um obst\u00e1culo para a continuidade das investiga\u00e7\u00f5es\u201d, afirmou o Minist\u00e9rio P\u00fablico. Os promotores n\u00e3o t\u00eam autoridade para usar a for\u00e7a a fim de obrigar a pessoa a comparecer \u00e0 oitiva.<\/span><\/p>\n<figure aria-describedby=\"caption-attachment-252546\"><img fetchpriority=\"high\" decoding=\"async\"src=\"https:\/\/redept.com.br\/blogosfera\/wp-content\/uploads\/2026\/04\/75611789_1004.webp\" alt=\"\" width=\"1200\" height=\"525\" srcset=\"https:\/\/redept.com.br\/blogosfera\/wp-content\/uploads\/2026\/04\/75611789_1004.webp 1200w, https:\/\/operamundi.uol.com.br\/wp-content\/uploads\/2026\/04\/75611789_1004-300x131.webp 300w, https:\/\/operamundi.uol.com.br\/wp-content\/uploads\/2026\/04\/75611789_1004-1024x448.webp 1024w, https:\/\/operamundi.uol.com.br\/wp-content\/uploads\/2026\/04\/75611789_1004-768x336.webp 768w, https:\/\/operamundi.uol.com.br\/wp-content\/uploads\/2026\/04\/75611789_1004-150x66.webp 150w, https:\/\/operamundi.uol.com.br\/wp-content\/uploads\/2026\/04\/75611789_1004-750x328.webp 750w, https:\/\/operamundi.uol.com.br\/wp-content\/uploads\/2026\/04\/75611789_1004-1140x499.webp 1140w\" sizes=\"(max-width: 1200px) 100vw, 1200px\"><figcaption>Elon Musk rejeita acusa\u00e7\u00f5es da Fran\u00e7a e da Uni\u00e3o Europeia<br \/>Markus Schreiber\/AP Photo\/picture alliance<\/figcaption><\/figure>\n<h3><span>Investiga\u00e7\u00f5es contra o Grok<\/span><\/h3>\n<p><span>A investiga\u00e7\u00e3o sobre o X na Fran\u00e7a comp\u00f5e uma rea\u00e7\u00e3o internacional mais ampla contra o Grok, ap\u00f3s o agente de IA ser usado sem filtro para sexualizar imagens de mulheres e crian\u00e7as por meio de simples instru\u00e7\u00f5es escritas.<\/span><\/p>\n<p><span>Cerca de 3 milh\u00f5es de imagens sexualizadas foram geradas na plataforma em apenas 11 dias, apontou no final de janeiro o Centro de Combate ao \u00d3dio Online, uma ONG de combate \u00e0 desinforma\u00e7\u00e3o.<\/span><\/p>\n<p><span>No final de janeiro, a Uni\u00e3o Europeia tamb\u00e9m abriu uma investiga\u00e7\u00e3o contra o X devido ao conte\u00fado gerado pelo Grok.<\/span><\/p>\n<h3><span>Telegram apoia Musk<\/span><\/h3>\n<p><span>Musk recebeu nesta segunda-feira o apoio do cofundador do Telegram, Pavel Durov, que tamb\u00e9m est\u00e1 sendo investigado pela Justi\u00e7a francesa por atividades em sua plataforma.<\/span><\/p>\n<p><span>\u201cA Fran\u00e7a de [Emmanuel] Macron est\u00e1 perdendo legitimidade ao utilizar investiga\u00e7\u00f5es criminais como arma para reprimir a liberdade de express\u00e3o e a privacidade\u201d, escreveu Durov nas redes sociais. Ele foi preso em 2024 pela unidade francesa de crimes cibern\u00e9ticos, sob acusa\u00e7\u00f5es que inclu\u00edam cumplicidade com o crime organizado.<\/span><\/p>\n<p>O post Elon Musk ignora convoca\u00e7\u00e3o da Fran\u00e7a para depor sobre rede social X apareceu primeiro em Opera Mundi.<\/p>\n<!-- Begin Yuzo --><div class='yuzo_related_post style-1'  data-version='5.12.89'><!-- without result --><div class='yuzo_clearfixed yuzo__title yuzo__title'><h3>Related Post<\/h3><\/div>\n\t\t\t\t\t\t  <div class=\"relatedthumb \" style=\"width:125px;float:left;overflow:hidden;\">  \n\t\t\t\t\t\t\t  \n\t\t\t\t\t\t\t  <a  href=\"https:\/\/sul21.com.br\/geral-1\/2025\/08\/adultizacao-o-compromisso-do-cuidado-e-coletivo-que-adultos-estamos-sendo-nessas-plataformas\/\"  >\n\t\t\t\t\t\t\t\t\t  <div class=\"yuzo-img-wrap \" style=\"width: 125px;height:90px;\">\n\t\t\t\t\t\t\t\t\t\t\n\t\t\t\t\t\t\t\t\t\t<div class=\"yuzo-img\" style=\"background:url('https:\/\/redept.org\/blogosfera\/wp-content\/plugins\/yuzo-related-post\/assets\/images\/default.png') 50% 50% no-repeat;width: 125px;height:90px;margin-bottom: 5px;background-size: cover; \"><\/div>\n\t\t\t\t\t\t\t\t\t  <\/div>\n\t\t\t\t\t\t\t\t\t  \n\t\t\t\t\t\t\t\t   <span class=\"yuzo__text--title\" style=\"font-size:13px;\">Adultiza\u00e7\u00e3o: \u2018O compromisso do cuidado \u00e9 coletivo....<\/span>\n\t\t\t\t\t\t\t  \n\t\t\t\t\t\t\t  \n\t\t\t\t\t\t\t  <\/a>\n\n\t\t\t\t\t\t  <\/div>\n\t\t\t\t\t\t  <div class=\"relatedthumb \" style=\"width:125px;float:left;overflow:hidden;\">  \n\t\t\t\t\t\t\t  \n\t\t\t\t\t\t\t  <a  href=\"https:\/\/redept.com.br\/blogosfera\/brasil-firma-pactos-estrategicos-com-russia-e-china-em-reacao-ao-tarifaco\/\"  >\n\t\t\t\t\t\t\t\t\t  <div class=\"yuzo-img-wrap \" style=\"width: 125px;height:90px;\">\n\t\t\t\t\t\t\t\t\t\t\n\t\t\t\t\t\t\t\t\t\t<div class=\"yuzo-img\" style=\"background:url('https:\/\/redept.com.br\/blogosfera\/wp-content\/uploads\/2025\/08\/image-1600-0de19fa4109f48a05adefd342f4361cf-1-150x150.jpeg') 50% 50% no-repeat;width: 125px;height:90px;margin-bottom: 5px;background-size: cover; \"><\/div>\n\t\t\t\t\t\t\t\t\t  <\/div>\n\t\t\t\t\t\t\t\t\t  \n\t\t\t\t\t\t\t\t   <span class=\"yuzo__text--title\" style=\"font-size:13px;\">Brasil firma pactos estrat\u00e9gicos com R\u00fassia e Chin...<\/span>\n\t\t\t\t\t\t\t  \n\t\t\t\t\t\t\t  \n\t\t\t\t\t\t\t  <\/a>\n\n\t\t\t\t\t\t  <\/div>\n\t\t\t\t\t\t  <div class=\"relatedthumb \" style=\"width:125px;float:left;overflow:hidden;\">  \n\t\t\t\t\t\t\t  \n\t\t\t\t\t\t\t  <a  href=\"https:\/\/redept.com.br\/blogosfera\/com-zema-numero-de-familias-em-situacao-de-rua-cresceu-122-em-minas-gerais\/\"  >\n\t\t\t\t\t\t\t\t\t  <div class=\"yuzo-img-wrap \" style=\"width: 125px;height:90px;\">\n\t\t\t\t\t\t\t\t\t\t\n\t\t\t\t\t\t\t\t\t\t<div class=\"yuzo-img\" style=\"background:url('https:\/\/redept.org\/blogosfera\/wp-content\/plugins\/yuzo-related-post\/assets\/images\/default.png') 50% 50% no-repeat;width: 125px;height:90px;margin-bottom: 5px;background-size: cover; \"><\/div>\n\t\t\t\t\t\t\t\t\t  <\/div>\n\t\t\t\t\t\t\t\t\t  \n\t\t\t\t\t\t\t\t   <span class=\"yuzo__text--title\" style=\"font-size:13px;\">Com Zema, n\u00famero de fam\u00edlias em situa\u00e7\u00e3o de rua cr...<\/span>\n\t\t\t\t\t\t\t  \n\t\t\t\t\t\t\t  \n\t\t\t\t\t\t\t  <\/a>\n\n\t\t\t\t\t\t  <\/div>\n\t\t\t\t\t\t  <div class=\"relatedthumb \" style=\"width:125px;float:left;overflow:hidden;\">  \n\t\t\t\t\t\t\t  \n\t\t\t\t\t\t\t  <a  href=\"https:\/\/redept.com.br\/blogosfera\/lula-e-favorito-para-vencer-em-outubro-e-recupera-popularidade-em-tres-meses-diz-eurasia-group\/\"  >\n\t\t\t\t\t\t\t\t\t  <div class=\"yuzo-img-wrap \" style=\"width: 125px;height:90px;\">\n\t\t\t\t\t\t\t\t\t\t\n\t\t\t\t\t\t\t\t\t\t<div class=\"yuzo-img\" style=\"background:url('https:\/\/redept.org\/blogosfera\/wp-content\/plugins\/yuzo-related-post\/assets\/images\/default.png') 50% 50% no-repeat;width: 125px;height:90px;margin-bottom: 5px;background-size: cover; \"><\/div>\n\t\t\t\t\t\t\t\t\t  <\/div>\n\t\t\t\t\t\t\t\t\t  \n\t\t\t\t\t\t\t\t   <span class=\"yuzo__text--title\" style=\"font-size:13px;\">Lula \u00e9 favorito para vencer em outubro e recupera ...<\/span>\n\t\t\t\t\t\t\t  \n\t\t\t\t\t\t\t  \n\t\t\t\t\t\t\t  <\/a>\n\n\t\t\t\t\t\t  <\/div>\n<\/div> <script>\n\t\t\t\t\t\t  jQuery(document).ready(function( $ ){\n\t\t\t\t\t\t\t\/\/jQuery('.yuzo_related_post').equalizer({ overflow : 'relatedthumb' });\n\t\t\t\t\t\t\tjQuery('.yuzo_related_post .yuzo_wraps').equalizer({ columns : '> div' });\n\t\t\t\t\t\t   })\n\t\t\t\t\t\t  <\/script> <!-- End Yuzo :) -->","protected":false},"excerpt":{"rendered":"<p>O bilion\u00e1rio Elon Musk\u00a0 n\u00e3o compareceu nesta segunda-feira (20\/04) a uma oitiva volunt\u00e1ria convocada pela Justi\u00e7a francesa no \u00e2mbito de uma investiga\u00e7\u00e3o contra sua rede social X. A promotoria de Paris informou \u00e0 ag\u00eancia de not\u00edcias AFP que \u201ctomou nota da aus\u00eancia das primeiras pessoas convocadas\u201d, sem citar Musk nominalmente. A convoca\u00e7\u00e3o havia sido emitida [\u2026]<\/p>\n<p>O post <a href=\"https:\/\/operamundi.uol.com.br\/europa\/elon-musk-ignora-convocacao-da-franca-para-depor-sobre-rede-social-x\/\">Elon Musk ignora convoca\u00e7\u00e3o da Fran\u00e7a para depor sobre rede social X<\/a> apareceu primeiro em <a href=\"https:\/\/operamundi.uol.com.br\/\">Opera Mundi<\/a>.<\/p>\n","protected":false},"author":2,"featured_media":83944,"comment_status":"closed","ping_status":"closed","sticky":false,"template":"","format":"standard","meta":{"fifu_image_url":"","fifu_image_alt":"","footnotes":""},"categories":[776,40,6218,6219,3102,813],"tags":[],"class_list":["post-83943","post","type-post","status-publish","format-standard","has-post-thumbnail","hentry","category-elon-musk","category-europa","category-grok","category-ia","category-investigacao","category-x"],"_links":{"self":[{"href":"https:\/\/redept.com.br\/blogosfera\/wp-json\/wp\/v2\/posts\/83943","targetHints":{"allow":["GET"]}}],"collection":[{"href":"https:\/\/redept.com.br\/blogosfera\/wp-json\/wp\/v2\/posts"}],"about":[{"href":"https:\/\/redept.com.br\/blogosfera\/wp-json\/wp\/v2\/types\/post"}],"author":[{"embeddable":true,"href":"https:\/\/redept.com.br\/blogosfera\/wp-json\/wp\/v2\/users\/2"}],"replies":[{"embeddable":true,"href":"https:\/\/redept.com.br\/blogosfera\/wp-json\/wp\/v2\/comments?post=83943"}],"version-history":[{"count":0,"href":"https:\/\/redept.com.br\/blogosfera\/wp-json\/wp\/v2\/posts\/83943\/revisions"}],"wp:featuredmedia":[{"embeddable":true,"href":"https:\/\/redept.com.br\/blogosfera\/wp-json\/wp\/v2\/media\/83944"}],"wp:attachment":[{"href":"https:\/\/redept.com.br\/blogosfera\/wp-json\/wp\/v2\/media?parent=83943"}],"wp:term":[{"taxonomy":"category","embeddable":true,"href":"https:\/\/redept.com.br\/blogosfera\/wp-json\/wp\/v2\/categories?post=83943"},{"taxonomy":"post_tag","embeddable":true,"href":"https:\/\/redept.com.br\/blogosfera\/wp-json\/wp\/v2\/tags?post=83943"}],"curies":[{"name":"wp","href":"https:\/\/api.w.org\/{rel}","templated":true}]}}