{"id":84003,"date":"2026-04-21T17:17:41","date_gmt":"2026-04-21T20:17:41","guid":{"rendered":"https:\/\/redept.com.br\/blogosfera\/ao-lado-de-lula-premie-portugues-minimiza-xenofobia-e-elogia-parceria-economica-com-o-brasil\/"},"modified":"2026-04-21T17:17:41","modified_gmt":"2026-04-21T20:17:41","slug":"ao-lado-de-lula-premie-portugues-minimiza-xenofobia-e-elogia-parceria-economica-com-o-brasil","status":"publish","type":"post","link":"https:\/\/redept.com.br\/blogosfera\/ao-lado-de-lula-premie-portugues-minimiza-xenofobia-e-elogia-parceria-economica-com-o-brasil\/","title":{"rendered":"Ao lado de Lula, premi\u00ea portugu\u00eas minimiza xenofobia e elogia parceria econ\u00f4mica com o Brasil"},"content":{"rendered":"<p>O primeiro-ministro portugu\u00eas, Lu\u00eds Montenegro, minimizou epis\u00f3dios de xenofobia contra brasileiros em Portugal e refor\u00e7ou a parceria econ\u00f4mica com o Brasil durante encontro com o presidente Luiz In\u00e1cio Lula da Silva (PT) nesta ter\u00e7a-feira (21), em Lisboa. O l\u00edder tamb\u00e9m defendeu o fortalecimento das rela\u00e7\u00f5es bilaterais durante o governo Lula, com destaque para a coopera\u00e7\u00e3o [\u2026]<\/p>\n<p><a href=\"https:\/\/www.brasildefato.com.br\/2026\/04\/21\/ao-lado-de-lula-premie-portugues-minimiza-xenofobia-e-elogia-parceria-economica-com-o-brasil\/\" rel=\"nofollow\">Fonte<\/a><\/p>\n<!-- Begin Yuzo --><div class='yuzo_related_post style-1'  data-version='5.12.89'><!-- without result --><div class='yuzo_clearfixed yuzo__title yuzo__title'><h3>Related Post<\/h3><\/div>\n\t\t\t\t\t\t  <div class=\"relatedthumb \" style=\"width:125px;float:left;overflow:hidden;\">  \n\t\t\t\t\t\t\t  \n\t\t\t\t\t\t\t  <a  href=\"https:\/\/sul21.com.br\/noticias\/educacao\/2025\/07\/decisao-judicial-anula-politica-de-cotas-para-pessoas-trans-na-furg\/\"  >\n\t\t\t\t\t\t\t\t\t  <div class=\"yuzo-img-wrap \" style=\"width: 125px;height:90px;\">\n\t\t\t\t\t\t\t\t\t\t\n\t\t\t\t\t\t\t\t\t\t<div class=\"yuzo-img\" style=\"background:url('https:\/\/redept.org\/blogosfera\/wp-content\/plugins\/yuzo-related-post\/assets\/images\/default.png') 50% 50% no-repeat;width: 125px;height:90px;margin-bottom: 5px;background-size: cover; \"><\/div>\n\t\t\t\t\t\t\t\t\t  <\/div>\n\t\t\t\t\t\t\t\t\t  \n\t\t\t\t\t\t\t\t   <span class=\"yuzo__text--title\" style=\"font-size:13px;\">Decis\u00e3o judicial anula pol\u00edtica de cotas para pess...<\/span>\n\t\t\t\t\t\t\t  \n\t\t\t\t\t\t\t  \n\t\t\t\t\t\t\t  <\/a>\n\n\t\t\t\t\t\t  <\/div>\n\t\t\t\t\t\t  <div class=\"relatedthumb \" style=\"width:125px;float:left;overflow:hidden;\">  \n\t\t\t\t\t\t\t  \n\t\t\t\t\t\t\t  <a  href=\"https:\/\/redept.com.br\/blogosfera\/senado-aprova-pl-que-torna-politica-nacional-aldir-blanc-permanente\/\"  >\n\t\t\t\t\t\t\t\t\t  <div class=\"yuzo-img-wrap \" style=\"width: 125px;height:90px;\">\n\t\t\t\t\t\t\t\t\t\t\n\t\t\t\t\t\t\t\t\t\t<div class=\"yuzo-img\" style=\"background:url('https:\/\/redept.org\/blogosfera\/wp-content\/plugins\/yuzo-related-post\/assets\/images\/default.png') 50% 50% no-repeat;width: 125px;height:90px;margin-bottom: 5px;background-size: cover; \"><\/div>\n\t\t\t\t\t\t\t\t\t  <\/div>\n\t\t\t\t\t\t\t\t\t  \n\t\t\t\t\t\t\t\t   <span class=\"yuzo__text--title\" style=\"font-size:13px;\">Senado aprova PL que torna Pol\u00edtica Nacional Aldir...<\/span>\n\t\t\t\t\t\t\t  \n\t\t\t\t\t\t\t  \n\t\t\t\t\t\t\t  <\/a>\n\n\t\t\t\t\t\t  <\/div>\n\t\t\t\t\t\t  <div class=\"relatedthumb \" style=\"width:125px;float:left;overflow:hidden;\">  \n\t\t\t\t\t\t\t  \n\t\t\t\t\t\t\t  <a  href=\"https:\/\/redept.com.br\/blogosfera\/articulacao-do-governo-garante-cobranca-de-bets-e-fintechs\/\"  >\n\t\t\t\t\t\t\t\t\t  <div class=\"yuzo-img-wrap \" style=\"width: 125px;height:90px;\">\n\t\t\t\t\t\t\t\t\t\t\n\t\t\t\t\t\t\t\t\t\t<div class=\"yuzo-img\" style=\"background:url('https:\/\/redept.org\/blogosfera\/wp-content\/plugins\/yuzo-related-post\/assets\/images\/default.png') 50% 50% no-repeat;width: 125px;height:90px;margin-bottom: 5px;background-size: cover; \"><\/div>\n\t\t\t\t\t\t\t\t\t  <\/div>\n\t\t\t\t\t\t\t\t\t  \n\t\t\t\t\t\t\t\t   <span class=\"yuzo__text--title\" style=\"font-size:13px;\">Articula\u00e7\u00e3o do governo garante cobran\u00e7a de bets e ...<\/span>\n\t\t\t\t\t\t\t  \n\t\t\t\t\t\t\t  \n\t\t\t\t\t\t\t  <\/a>\n\n\t\t\t\t\t\t  <\/div>\n\t\t\t\t\t\t  <div class=\"relatedthumb \" style=\"width:125px;float:left;overflow:hidden;\">  \n\t\t\t\t\t\t\t  \n\t\t\t\t\t\t\t  <a  href=\"https:\/\/redept.com.br\/blogosfera\/senador-rogerio-destaca-crescimento-economico-defesa-dos-direitos-sociais-e-avancos-para-sergipe-em-entrevista\/\"  >\n\t\t\t\t\t\t\t\t\t  <div class=\"yuzo-img-wrap \" style=\"width: 125px;height:90px;\">\n\t\t\t\t\t\t\t\t\t\t\n\t\t\t\t\t\t\t\t\t\t<div class=\"yuzo-img\" style=\"background:url('https:\/\/redept.org\/blogosfera\/wp-content\/plugins\/yuzo-related-post\/assets\/images\/default.png') 50% 50% no-repeat;width: 125px;height:90px;margin-bottom: 5px;background-size: cover; \"><\/div>\n\t\t\t\t\t\t\t\t\t  <\/div>\n\t\t\t\t\t\t\t\t\t  \n\t\t\t\t\t\t\t\t   <span class=\"yuzo__text--title\" style=\"font-size:13px;\">Senador Rog\u00e9rio destaca crescimento econ\u00f4mico, def...<\/span>\n\t\t\t\t\t\t\t  \n\t\t\t\t\t\t\t  \n\t\t\t\t\t\t\t  <\/a>\n\n\t\t\t\t\t\t  <\/div>\n<\/div> <script>\n\t\t\t\t\t\t  jQuery(document).ready(function( $ ){\n\t\t\t\t\t\t\t\/\/jQuery('.yuzo_related_post').equalizer({ overflow : 'relatedthumb' });\n\t\t\t\t\t\t\tjQuery('.yuzo_related_post .yuzo_wraps').equalizer({ columns : '> div' });\n\t\t\t\t\t\t   })\n\t\t\t\t\t\t  <\/script> <!-- End Yuzo :) -->","protected":false},"excerpt":{"rendered":"<p>O primeiro-ministro portugu\u00eas, Lu\u00eds Montenegro, minimizou epis\u00f3dios de xenofobia contra brasileiros em Portugal e refor\u00e7ou a parceria econ\u00f4mica com o Brasil durante encontro com o presidente Luiz In\u00e1cio Lula da Silva (PT) nesta ter\u00e7a-feira (21), em Lisboa. O l\u00edder tamb\u00e9m defendeu o fortalecimento das rela\u00e7\u00f5es bilaterais durante o governo Lula, com destaque para a coopera\u00e7\u00e3o [&hellip;]<\/p>\n","protected":false},"author":2,"featured_media":0,"comment_status":"open","ping_status":"closed","sticky":false,"template":"","format":"standard","meta":{"fifu_image_url":"","fifu_image_alt":"","footnotes":""},"categories":[13554,45,822,35158,49355,1026,1023,49356,49357,1312,1402,6304,47299,24130,503,6317,112,552,17367,1403,49358,132,6284,49359,505,49360,49361,6098,1170,48929],"tags":[],"class_list":["post-84003","post","type-post","status-publish","format-standard","hentry","category-acordo-ue-mercosul","category-brasil","category-conselho-de-seguranca-da-onu","category-cooperacao-economica","category-criticas-a-trump","category-diplomacia","category-donald-trump","category-empresas-brasileiras","category-forum-internacional","category-geopolitica","category-guerras","category-imigrantes-brasileiros","category-insercao-internacional","category-integracao-economica","category-lisboa","category-luis-montenegro","category-lula","category-mercosul","category-migracao-brasileira","category-multilateralismo","category-parceria-economica","category-politica","category-politica-migratoria","category-porta-de-entrada-europa","category-portugal","category-presidente-brasileiro","category-primeiro-ministro-portugues","category-relacoes-bilaterais","category-uniao-europeia","category-viagem-oficial"],"_links":{"self":[{"href":"https:\/\/redept.com.br\/blogosfera\/wp-json\/wp\/v2\/posts\/84003","targetHints":{"allow":["GET"]}}],"collection":[{"href":"https:\/\/redept.com.br\/blogosfera\/wp-json\/wp\/v2\/posts"}],"about":[{"href":"https:\/\/redept.com.br\/blogosfera\/wp-json\/wp\/v2\/types\/post"}],"author":[{"embeddable":true,"href":"https:\/\/redept.com.br\/blogosfera\/wp-json\/wp\/v2\/users\/2"}],"replies":[{"embeddable":true,"href":"https:\/\/redept.com.br\/blogosfera\/wp-json\/wp\/v2\/comments?post=84003"}],"version-history":[{"count":0,"href":"https:\/\/redept.com.br\/blogosfera\/wp-json\/wp\/v2\/posts\/84003\/revisions"}],"wp:attachment":[{"href":"https:\/\/redept.com.br\/blogosfera\/wp-json\/wp\/v2\/media?parent=84003"}],"wp:term":[{"taxonomy":"category","embeddable":true,"href":"https:\/\/redept.com.br\/blogosfera\/wp-json\/wp\/v2\/categories?post=84003"},{"taxonomy":"post_tag","embeddable":true,"href":"https:\/\/redept.com.br\/blogosfera\/wp-json\/wp\/v2\/tags?post=84003"}],"curies":[{"name":"wp","href":"https:\/\/api.w.org\/{rel}","templated":true}]}}