{"id":84040,"date":"2026-04-21T19:00:04","date_gmt":"2026-04-21T22:00:04","guid":{"rendered":"https:\/\/redept.com.br\/blogosfera\/petro-afirma-que-pretende-apresentar-queixa-criminal-contra-noboa-por-difamacao\/"},"modified":"2026-04-21T19:00:04","modified_gmt":"2026-04-21T22:00:04","slug":"petro-afirma-que-pretende-apresentar-queixa-criminal-contra-noboa-por-difamacao","status":"publish","type":"post","link":"https:\/\/redept.com.br\/blogosfera\/petro-afirma-que-pretende-apresentar-queixa-criminal-contra-noboa-por-difamacao\/","title":{"rendered":"Petro afirma que pretende apresentar queixa criminal contra Noboa por difama\u00e7\u00e3o"},"content":{"rendered":"<p>O presidente equatoriano, Daniel Noboa, acirrou ainda mais as tens\u00f5es entre seu pa\u00eds e o vizinho do norte. Em entrevista \u00e0 revista colombiana de direita <em>Semana<\/em>, Noboa culpou Petro pelas tens\u00f5es, afirmou que trabalharia muito melhor com a candidata presidencial de direita Paloma Valencia e insinuou que o atual presidente colombiano teria se envolvido com narcotraficantes durante uma visita ao Equador.<\/p>\n<p>Noboa alegou: \u201c[Petro] se encontrou com membros do partido Revolu\u00e7\u00e3o Cidad\u00e3, e alguns desses membros t\u00eam liga\u00e7\u00f5es com Fito. Se ele se encontrou com Fito pessoalmente, n\u00e3o posso afirmar neste momento. Mas digamos apenas que ele estava com o mesmo grupo e na mesma \u00e1rea.\u201d<\/p>\n<p>O partido Revolu\u00e7\u00e3o Cidad\u00e3 \u00e9 o principal partido de oposi\u00e7\u00e3o no pa\u00eds e Fito \u00e9 o infame l\u00edder de um dos grupos de narcotr\u00e1fico mais poderosos do pa\u00eds, Los Choneros.<\/p>\n<p>A resposta de Petro foi imediata : \u201cDecidi apresentar queixa-crime contra o Presidente Noboa por difama\u00e7\u00e3o. O pr\u00f3prio Noboa deu a ordem, como deveria ter feito, para que o ex\u00e9rcito equatoriano me vigiasse em tempo integral, dia e noite, em Manta, onde estive no dia da sua posse, \u00e0 qual assisti, e onde fui tratado com desprezo simplesmente porque pedi a liberta\u00e7\u00e3o do preso pol\u00edtico Jorge Glas, cidad\u00e3o colombiano e ex-vice-presidente da Rep\u00fablica do Equador. Jorge Glas encontra-se detido em condi\u00e7\u00f5es de extrema desnutri\u00e7\u00e3o, e pedi a Noboa que o entregasse \u00e0 Col\u00f4mbia.\u201d<\/p>\n<p>Al\u00e9m disso, o presidente colombiano esclareceu na c\u00fapula de presidentes progressistas realizada na Espanha: \u201cN\u00e3o s\u00f3 o ex\u00e9rcito equatoriano me acompanhou at\u00e9 Manta, como tamb\u00e9m minha escolta das for\u00e7as de seguran\u00e7a colombianas, que pode depor sob juramento, e, al\u00e9m deles, h\u00e1 outras testemunhas no local onde me hospedei enquanto terminava meu livro. N\u00e3o sei se ir a qualquer lugar no Equador implica suspeita de neg\u00f3cios escusos. Manta \u00e9 um lugar lindo que vale a pena visitar. A imprensa colombiana foi ao local onde eu estava hospedado e n\u00e3o encontrou luxo nem extravag\u00e2ncia, nem um condom\u00ednio bizarro \u2013 apenas uma cabana de madeira, um lugar agrad\u00e1vel para contemplar o mar.\u201d<\/p>\n<figure aria-describedby=\"caption-attachment-251796\"><img fetchpriority=\"high\" fetchpriority=\"high\" decoding=\"async\"src=\"https:\/\/redept.com.br\/blogosfera\/wp-content\/uploads\/2026\/04\/copia-de-nao-deletar-fotos-pb-breno-redacao-1-1-1.png\" alt=\"\" width=\"980\" height=\"583\" srcset=\"https:\/\/redept.com.br\/blogosfera\/wp-content\/uploads\/2026\/04\/copia-de-nao-deletar-fotos-pb-breno-redacao-1-1-1.png 980w, https:\/\/operamundi.uol.com.br\/wp-content\/uploads\/2026\/04\/copia-de-nao-deletar-fotos-pb-breno-redacao-1-1-300x178.png 300w, https:\/\/operamundi.uol.com.br\/wp-content\/uploads\/2026\/04\/copia-de-nao-deletar-fotos-pb-breno-redacao-1-1-768x457.png 768w, https:\/\/operamundi.uol.com.br\/wp-content\/uploads\/2026\/04\/copia-de-nao-deletar-fotos-pb-breno-redacao-1-1-150x89.png 150w, https:\/\/operamundi.uol.com.br\/wp-content\/uploads\/2026\/04\/copia-de-nao-deletar-fotos-pb-breno-redacao-1-1-750x446.png 750w\" sizes=\"(max-width: 980px) 100vw, 980px\"><figcaption>Presidente colombiano Gustavo Petro e equatoriano Daniel Noboa<br \/>Presidencia de Colombia \/ Presidencia de la Rep\u00fablica del Ecuador<\/figcaption><\/figure>\n<h3>Uma crise que parece n\u00e3o ter fim<\/h3>\n<p>O conflito entre Bogot\u00e1 e Quito n\u00e3o \u00e9 novidade. No m\u00eas passado, uma disputa tarif\u00e1ria eclodiu entre os dois pa\u00edses. Noboa imp\u00f4s uma tarifa sobre produtos colombianos que rapidamente subiu para 100%. O governo equatoriano justificou sua decis\u00e3o alegando que o governo colombiano n\u00e3o est\u00e1 tomando as medidas necess\u00e1rias para conter o fluxo de coca\u00edna para o Equador.<\/p>\n<p>A resposta inicial de Petro incluiu o aumento das tarifas sobre produtos equatorianos e a afirma\u00e7\u00e3o de que n\u00e3o era verdade que a Col\u00f4mbia n\u00e3o estivesse tomando medidas contra o narcotr\u00e1fico. Al\u00e9m disso, ele acusou Noboa de \u201centregar a fronteira \u00e0 m\u00e1fia\u201d, o que exacerbou uma situa\u00e7\u00e3o j\u00e1 fragilizada, entre outros fatores, pelos repetidos pedidos da Col\u00f4mbia pela liberta\u00e7\u00e3o do ex-vice-presidente equatoriano Jorge Glas (RC), condenado por corrup\u00e7\u00e3o, a quem Petro considera um \u201cpreso pol\u00edtico\u201d.<\/p>\n<p>Noboa negou que Glas fosse um prisioneiro pol\u00edtico e declarou \u00e0 imprensa que seria muito dif\u00edcil resolver a crise \u2013 que escalou a ponto de ambos os pa\u00edses retirarem seus embaixadores \u2013 com o governo de Petro, e que, portanto, aguardaria a posse de um novo governo para normalizar as rela\u00e7\u00f5es.<\/p>\n<p>Por sua vez, Bogot\u00e1 sugeriu que por tr\u00e1s da recente crise est\u00e1 o ex-presidente colombiano \u00c1lvaro Uribe, um pol\u00edtico de extrema-direita que, segundo o Minist\u00e9rio das Rela\u00e7\u00f5es Exteriores da Col\u00f4mbia, visitou o Equador justamente quando o aumento de 100% nas tarifas sobre produtos colombianos entrou em vigor: \u201cEle tamb\u00e9m esteve l\u00e1 na quarta-feira passada, e no dia seguinte impuseram os 100% (de tarifas). Acho que s\u00e3o coincid\u00eancias muito estranhas que eu queria chamar a sua aten\u00e7\u00e3o\u201d, disse a embaixadora da Col\u00f4mbia no Equador, Mar\u00eda Antonia Velasco.<\/p>\n<p>Assim, a disputa parece estar se intensificando em meio a uma grave crise de seguran\u00e7a que afeta o Equador, cuja fronteira norte est\u00e1 sofrendo o impacto de um conflito tarif\u00e1rio que causou enormes preju\u00edzos a comerciantes equatorianos e colombianos.<\/p>\n<p>Por sua vez, Petro enfrenta essa crise em ano de elei\u00e7\u00f5es presidenciais, nas quais seu potencial sucessor, Iv\u00e1n Cepeda, espera dar continuidade \u00e0 trajet\u00f3ria reformista e progressista do atual governo. No entanto, a oposi\u00e7\u00e3o, especialmente os setores ligados ao Centro Democr\u00e1tico (partido liderado por Uribe), tentou capitalizar a crise com o Equador: sua candidata \u00e0 presid\u00eancia, Paloma Valencia, afirmou que, em seu primeiro dia de mandato, ligaria para Daniel Noboa para resolver a situa\u00e7\u00e3o.<\/p>\n<p>O post Petro afirma que pretende apresentar queixa criminal contra Noboa por difama\u00e7\u00e3o apareceu primeiro em Opera Mundi.<\/p>\n<!-- Begin Yuzo --><div class='yuzo_related_post style-1'  data-version='5.12.89'><!-- without result --><div class='yuzo_clearfixed yuzo__title yuzo__title'><h3>Related Post<\/h3><\/div>\n\t\t\t\t\t\t  <div class=\"relatedthumb \" style=\"width:125px;float:left;overflow:hidden;\">  \n\t\t\t\t\t\t\t  \n\t\t\t\t\t\t\t  <a  href=\"https:\/\/redept.com.br\/blogosfera\/indigenas-pataxo-retomam-terra-sobreposta-por-fazendas-na-bahia-e-denunciam-ameaca-do-invasao-zero\/\"  >\n\t\t\t\t\t\t\t\t\t  <div class=\"yuzo-img-wrap \" style=\"width: 125px;height:90px;\">\n\t\t\t\t\t\t\t\t\t\t\n\t\t\t\t\t\t\t\t\t\t<div class=\"yuzo-img\" style=\"background:url('https:\/\/redept.org\/blogosfera\/wp-content\/plugins\/yuzo-related-post\/assets\/images\/default.png') 50% 50% no-repeat;width: 125px;height:90px;margin-bottom: 5px;background-size: cover; \"><\/div>\n\t\t\t\t\t\t\t\t\t  <\/div>\n\t\t\t\t\t\t\t\t\t  \n\t\t\t\t\t\t\t\t   <span class=\"yuzo__text--title\" style=\"font-size:13px;\">Ind\u00edgenas Patax\u00f3 retomam terra sobreposta por faze...<\/span>\n\t\t\t\t\t\t\t  \n\t\t\t\t\t\t\t  \n\t\t\t\t\t\t\t  <\/a>\n\n\t\t\t\t\t\t  <\/div>\n\t\t\t\t\t\t  <div class=\"relatedthumb \" style=\"width:125px;float:left;overflow:hidden;\">  \n\t\t\t\t\t\t\t  \n\t\t\t\t\t\t\t  <a  href=\"https:\/\/redept.com.br\/blogosfera\/lideres-politicos-e-movimentos-lamentam-morte-de-mujica\/\"  >\n\t\t\t\t\t\t\t\t\t  <div class=\"yuzo-img-wrap \" style=\"width: 125px;height:90px;\">\n\t\t\t\t\t\t\t\t\t\t\n\t\t\t\t\t\t\t\t\t\t<div class=\"yuzo-img\" style=\"background:url('https:\/\/redept.com.br\/blogosfera\/wp-content\/uploads\/2025\/05\/mujica_lula-2-e1747142540724-1-150x150.webp') 50% 50% no-repeat;width: 125px;height:90px;margin-bottom: 5px;background-size: cover; \"><\/div>\n\t\t\t\t\t\t\t\t\t  <\/div>\n\t\t\t\t\t\t\t\t\t  \n\t\t\t\t\t\t\t\t   <span class=\"yuzo__text--title\" style=\"font-size:13px;\">L\u00edderes, pol\u00edticos e movimentos lamentam morte de ...<\/span>\n\t\t\t\t\t\t\t  \n\t\t\t\t\t\t\t  \n\t\t\t\t\t\t\t  <\/a>\n\n\t\t\t\t\t\t  <\/div>\n\t\t\t\t\t\t  <div class=\"relatedthumb \" style=\"width:125px;float:left;overflow:hidden;\">  \n\t\t\t\t\t\t\t  \n\t\t\t\t\t\t\t  <a  href=\"https:\/\/redept.com.br\/blogosfera\/escala-6x1-e-legitimo-debater-sem-alarmismo-economico-diz-ministro-do-tst\/\"  >\n\t\t\t\t\t\t\t\t\t  <div class=\"yuzo-img-wrap \" style=\"width: 125px;height:90px;\">\n\t\t\t\t\t\t\t\t\t\t\n\t\t\t\t\t\t\t\t\t\t<div class=\"yuzo-img\" style=\"background:url('https:\/\/redept.org\/blogosfera\/wp-content\/plugins\/yuzo-related-post\/assets\/images\/default.png') 50% 50% no-repeat;width: 125px;height:90px;margin-bottom: 5px;background-size: cover; \"><\/div>\n\t\t\t\t\t\t\t\t\t  <\/div>\n\t\t\t\t\t\t\t\t\t  \n\t\t\t\t\t\t\t\t   <span class=\"yuzo__text--title\" style=\"font-size:13px;\">Escala 6\u00d71: \u00c9 legitimo debater sem alarmismo econ\u00f4...<\/span>\n\t\t\t\t\t\t\t  \n\t\t\t\t\t\t\t  \n\t\t\t\t\t\t\t  <\/a>\n\n\t\t\t\t\t\t  <\/div>\n\t\t\t\t\t\t  <div class=\"relatedthumb \" style=\"width:125px;float:left;overflow:hidden;\">  \n\t\t\t\t\t\t\t  \n\t\t\t\t\t\t\t  <a  href=\"https:\/\/redept.com.br\/blogosfera\/moraes-da-24-horas-para-bolsonaro-explicar-video-de-eduardo-na-cpac-mostrando-para-o-meu-pai\/\"  >\n\t\t\t\t\t\t\t\t\t  <div class=\"yuzo-img-wrap \" style=\"width: 125px;height:90px;\">\n\t\t\t\t\t\t\t\t\t\t\n\t\t\t\t\t\t\t\t\t\t<div class=\"yuzo-img\" style=\"background:url('https:\/\/redept.org\/blogosfera\/wp-content\/plugins\/yuzo-related-post\/assets\/images\/default.png') 50% 50% no-repeat;width: 125px;height:90px;margin-bottom: 5px;background-size: cover; \"><\/div>\n\t\t\t\t\t\t\t\t\t  <\/div>\n\t\t\t\t\t\t\t\t\t  \n\t\t\t\t\t\t\t\t   <span class=\"yuzo__text--title\" style=\"font-size:13px;\">Moraes d\u00e1 24 horas para Bolsonaro explicar v\u00eddeo d...<\/span>\n\t\t\t\t\t\t\t  \n\t\t\t\t\t\t\t  \n\t\t\t\t\t\t\t  <\/a>\n\n\t\t\t\t\t\t  <\/div>\n<\/div> <script>\n\t\t\t\t\t\t  jQuery(document).ready(function( $ ){\n\t\t\t\t\t\t\t\/\/jQuery('.yuzo_related_post').equalizer({ overflow : 'relatedthumb' });\n\t\t\t\t\t\t\tjQuery('.yuzo_related_post .yuzo_wraps').equalizer({ columns : '> div' });\n\t\t\t\t\t\t   })\n\t\t\t\t\t\t  <\/script> <!-- End Yuzo :) -->","protected":false},"excerpt":{"rendered":"<p>O presidente equatoriano, Daniel Noboa, acirrou ainda mais as tens\u00f5es entre seu pa\u00eds e o vizinho do norte. Em entrevista \u00e0 revista colombiana de direita Semana, Noboa culpou Petro pelas tens\u00f5es, afirmou que trabalharia muito melhor com a candidata presidencial de direita Paloma Valencia e insinuou que o atual presidente colombiano teria se envolvido com [\u2026]<\/p>\n<p>O post <a href=\"https:\/\/operamundi.uol.com.br\/america-latina\/petro-afirma-que-pretende-apresentar-queixa-criminal-contra-noboa-por-difamacao\/\">Petro afirma que pretende apresentar queixa criminal contra Noboa por difama\u00e7\u00e3o<\/a> apareceu primeiro em <a href=\"https:\/\/operamundi.uol.com.br\/\">Opera Mundi<\/a>.<\/p>\n","protected":false},"author":2,"featured_media":84041,"comment_status":"closed","ping_status":"closed","sticky":false,"template":"","format":"standard","meta":{"fifu_image_url":"","fifu_image_alt":"","footnotes":""},"categories":[347,1787,3604,655,2953],"tags":[],"class_list":["post-84040","post","type-post","status-publish","format-standard","has-post-thumbnail","hentry","category-america-latina","category-colombia","category-daniel-noboa","category-equador","category-gustavo-petro"],"_links":{"self":[{"href":"https:\/\/redept.com.br\/blogosfera\/wp-json\/wp\/v2\/posts\/84040","targetHints":{"allow":["GET"]}}],"collection":[{"href":"https:\/\/redept.com.br\/blogosfera\/wp-json\/wp\/v2\/posts"}],"about":[{"href":"https:\/\/redept.com.br\/blogosfera\/wp-json\/wp\/v2\/types\/post"}],"author":[{"embeddable":true,"href":"https:\/\/redept.com.br\/blogosfera\/wp-json\/wp\/v2\/users\/2"}],"replies":[{"embeddable":true,"href":"https:\/\/redept.com.br\/blogosfera\/wp-json\/wp\/v2\/comments?post=84040"}],"version-history":[{"count":0,"href":"https:\/\/redept.com.br\/blogosfera\/wp-json\/wp\/v2\/posts\/84040\/revisions"}],"wp:featuredmedia":[{"embeddable":true,"href":"https:\/\/redept.com.br\/blogosfera\/wp-json\/wp\/v2\/media\/84041"}],"wp:attachment":[{"href":"https:\/\/redept.com.br\/blogosfera\/wp-json\/wp\/v2\/media?parent=84040"}],"wp:term":[{"taxonomy":"category","embeddable":true,"href":"https:\/\/redept.com.br\/blogosfera\/wp-json\/wp\/v2\/categories?post=84040"},{"taxonomy":"post_tag","embeddable":true,"href":"https:\/\/redept.com.br\/blogosfera\/wp-json\/wp\/v2\/tags?post=84040"}],"curies":[{"name":"wp","href":"https:\/\/api.w.org\/{rel}","templated":true}]}}