{"id":8410,"date":"2024-12-14T09:59:29","date_gmt":"2024-12-14T12:59:29","guid":{"rendered":"https:\/\/redept.org\/blogosfera\/cupula-da-alba-celebra-20-anos-e-discute-propostas-de-articulacao-das-esquerdas-latino-americanas\/"},"modified":"2024-12-14T09:59:29","modified_gmt":"2024-12-14T12:59:29","slug":"cupula-da-alba-celebra-20-anos-e-discute-propostas-de-articulacao-das-esquerdas-latino-americanas","status":"publish","type":"post","link":"https:\/\/redept.com.br\/blogosfera\/cupula-da-alba-celebra-20-anos-e-discute-propostas-de-articulacao-das-esquerdas-latino-americanas\/","title":{"rendered":"C\u00fapula da Alba celebra 20 anos e discute propostas de articula\u00e7\u00e3o das esquerdas latino-americanas"},"content":{"rendered":"<p>Impulsionar as esquerdas latino-americanas e celebrar os 20 anos de atua\u00e7\u00e3o. Foi com esse horizonte que a <a href=\"https:\/\/www.brasildefato.com.br\/2024\/11\/01\/dirigente-da-alba-diz-que-postura-do-brasil-contra-a-venezuela-contradiz-constituicao-brasileira-e-carta-das-nacoes-unidas\">Alian\u00e7a Bolivariana para os Povos da Nossa Am\u00e9rica &#8211; Tratado de Com\u00e9rcio para os Povos (Alba- TCP)<\/a> come\u00e7ou nesta sexta-feira (13) a <a href=\"https:\/\/www.brasildefato.com.br\/2024\/08\/27\/paises-da-alba-pedem-respeito-a-soberania-da-venezuela-e-reconhecem-reeleicao-de-maduro\">24\u00aa c\u00fapula dos pa\u00edses membros em Caracas<\/a> para levantar propostas de articula\u00e7\u00e3o entre os movimentos populares do continente.\u00a0<\/p>\n<p>O <a href=\"https:\/\/www.brasildefato.com.br\/2024\/04\/21\/jorge-arreaza-sobre-eleicoes-na-venezuela-desde-1998-o-que-esta-em-jogo-e-a-existencia-da-propria-patria\">secret\u00e1rio-geral da organiza\u00e7\u00e3o, Jorge Arreaza<\/a>, abriu o primeiro evento dos dois dias de atividade. Durante o Conselho de Movimentos Populares da Alba, Arreaza destacou a import\u00e2ncia do fortalecimento de uma frente que n\u00e3o seja burocr\u00e1tica na atua\u00e7\u00e3o e que os governos fa\u00e7am uma articula\u00e7\u00e3o que forme organiza\u00e7\u00f5es para tornar essa movimenta\u00e7\u00e3o mais efetiva.\u00a0<\/p>\n<p>\u201cEste conselho deve gerar propostas, para que possamos levantar formalmente a nossa voz na diplomacia entre os Estados, com base no que voc\u00eas entregam como conselho social, que n\u00e3o \u00e9 uma inst\u00e2ncia que substitua qualquer movimento\u201d, disse na abertura do evento.\u00a0<\/p>\n<p>O conselho levantou uma s\u00e9rie de propostas em um documento que ser\u00e1 encaminhado aos movimentos para a execu\u00e7\u00e3o desses projetos nos 30 pa\u00edses representados na c\u00fapula da Alba. O primeiro deles \u00e9 a cria\u00e7\u00e3o de brigadas tempor\u00e1rias. A ideia foi trazida pela dirigente do <a href=\"https:\/\/www.brasildefato.com.br\/2024\/01\/28\/40-anos-do-mst-como-foi-o-nascimento-do-movimento-de-camponeses-em-cascavel-pr\">Movimento dos Trabalhadores Rurais Sem Terra (MST)<\/a>, Messilene Gorete. De acordo com ela, o objetivo \u00e9 ter um processo de trabalho complexo de organiza\u00e7\u00e3o e forma\u00e7\u00e3o pol\u00edtica em diferentes territ\u00f3rios por per\u00edodos espec\u00edficos.\u00a0<\/p>\n<p>O projeto tem como base as pr\u00f3prias brigadas do MST que se articulam em diferentes pa\u00edses. Dentro desse projeto, o objetivo \u00e9 ter tr\u00eas categorias de brigadas: interc\u00e2mbio, solidariedade e permanente. Nas brigadas de interc\u00e2mbio o intuito \u00e9 trocar experi\u00eancias e conhecimentos entre os movimentos de v\u00e1rios pa\u00edses em temas como a agroecologia e produ\u00e7\u00e3o, feminismos populares e pol\u00edticas p\u00fablicas.\u00a0<\/p>\n<p>As brigadas de solidariedade s\u00e3o voltadas para a vida das pessoas em discuss\u00f5es como direitos humanos e monitoramento de viola\u00e7\u00f5es desses direitos. As brigadas permanentes teriam o intuito de estimular a coopera\u00e7\u00e3o a partir da perspectiva dos povos. O objetivo \u00e9 fortalecer articula\u00e7\u00f5es pol\u00edticas que j\u00e1 existem em pa\u00edses como Venezuela, Haiti e Zambia. \u00a0<\/p>\n<p>Outra proposta levantada foi a cria\u00e7\u00e3o de um Fundo de Solidariedade da Alba para suporte emocional e material nos pa\u00edses integrantes da Alba. A ideia \u00e9 n\u00e3o s\u00f3 ter recursos para fortalecer a luta, como tamb\u00e9m para realizar a\u00e7\u00f5es com as v\u00edtimas do fascismo e dos desastres naturais.\u00a0<\/p>\n<p>O fundo tamb\u00e9m poderia ser usado para articular campanhas de solidariedade entre governos e organiza\u00e7\u00f5es populares.\u00a0<\/p>\n<p>No eixo da comunica\u00e7\u00e3o, a jornalista Florencia Agustina apresentou a proposta de formar uma escola e uma ag\u00eancia de not\u00edcias dos movimentos populares. Essas duas ferramentas seriam uma forma de romper com a concentra\u00e7\u00e3o da informa\u00e7\u00e3o em grandes empresas que atendem aos \u201cinteresses do capital\u201d. Para isso, seria necess\u00e1rio ter correspondentes em diferentes pa\u00edses. Na frente te\u00f3rica, a meta \u00e9 criar uma nova teoria comunicacional que fa\u00e7a uma articula\u00e7\u00e3o com universidades.\u00a0<\/p>\n<p>Os movimentos tamb\u00e9m levantaram a necessidade de ter uma rede de forma\u00e7\u00e3o pol\u00edtica para fazer a disputa ideol\u00f3gica e construir ferramentas de interpreta\u00e7\u00e3o para a transforma\u00e7\u00e3o da realidade. Tamb\u00e9m foi discutida a necessidade de formar estrat\u00e9gias de produ\u00e7\u00e3o, que sejam pautadas no cooperativismo dentro de uma perspectiva de solidariedade e complementaridade.<\/p>\n<p>Este documento elaborado pelos movimentos foi incorporado a um texto escrito pelos representantes dos governos dos pa\u00edses membros da Alba e ser\u00e1 entregue ao presidente da Venezuela Nicol\u00e1s Maduro, que preside tamb\u00e9m a 24\u00aa c\u00fapula da Alba por ser chefe do Executivo do pa\u00eds sede desta edi\u00e7\u00e3o.\u00a0<\/p>\n<p>Segundo o chanceler venezuelano, Yv\u00e1n Gil, as propostas buscam impulsionar a Alba como um agente importante e um \u201cator geopol\u00edtico poderoso\u201d.<\/p>\n<p>\u201cEste \u00e9 um desafio importante para os novos tempos. Por isso os nossos chefes de Estado t\u00eam uma responsabilidade importante neste s\u00e1bado (14), de poder, em toda esta complexidade que estamos discutindo, tra\u00e7ar um rumo claro para o pr\u00f3ximo ano. Em escala global, sabemos que iremos enfrentar um momento de incerteza pol\u00edtica no continente e o nosso objectivo \u00e9 nos preparar para dar maior seguran\u00e7a ao nosso povo\u201d, disse.\u00a0<\/p>\n<p>O documento assinado entre os chefes de Estado tem como propostas principais criar um plano alimentar, um Acordo Comercial Popular, promover um programa especial de desenvolvimento cient\u00edfico, cultural, comunicativo e acad\u00eamico compartilhado e uma ag\u00eancia para mitigar os impactos das mudan\u00e7as clim\u00e1ticas.\u00a0<\/p>\n<p>O texto prop\u00f5e tamb\u00e9m relan\u00e7ar o <a href=\"https:\/\/www.brasildefato.com.br\/2024\/03\/14\/sem-armas-com-petroleo-relembre-programa-de-cooperacao-venezuelano-que-ja-ajudou-haiti\">Petrocaribe, programa de fornecimento de petr\u00f3leo<\/a> a pa\u00edses caribenhos criado em 2005 pelo ent\u00e3o presidente da Venezuela, Hugo Ch\u00e1vez. Ele durou 14 anos, sendo interrompido apenas depois das san\u00e7\u00f5es estadunidenses contra a ind\u00fastria petroleira venezuelana em 2019, quando sua estrutura comercial foi desmobilizada.\u00a0<\/p>\n<p>20 anos da Alba<\/p>\n<p>A organiza\u00e7\u00e3o foi criada em 14 de dezembro de 2004, quando os presidentes de Cuba, Fidel Castro, e Hugo Ch\u00e1vez assinaram o acordo de funda\u00e7\u00e3o em Havana. Al\u00e9m de Cuba e Venezuela, fazem parte da Alian\u00e7a Bol\u00edvia, Nicar\u00e1gua, S\u00e3o Vicente e Granadinas, Antigua e Barbuda Granada, Dominica, S\u00e3o Crist\u00f3v\u00e3o e N\u00e9vis e Santa L\u00facia.\u00a0<\/p>\n<p>A 24\u00aa edi\u00e7\u00e3o da C\u00fapula dos Chefes de Estado ter\u00e1 tamb\u00e9m Honduras e Palestina entre os convidados. A reuni\u00e3o deste s\u00e1bado (14) ter\u00e1 um documento final que ser\u00e1 firmado pelos presidentes dos pa\u00edses e ministros das Rela\u00e7\u00f5es Exteriores para a execu\u00e7\u00e3o das propostas aprovadas.\u00a0<\/p>\n<p>\u201cNeste s\u00e1bado, diremos ao mundo que, 20 anos depois, nada mais fazemos do que ratificar e reafirmar cada um dos princ\u00edpios solid\u00e1rios de coopera\u00e7\u00e3o, colabora\u00e7\u00e3o, complementaridade, que significa a Alian\u00e7a Bolivariana\u201d, disse o secret\u00e1rio executivo da Alba-TCP, Jorge Arreaza.<\/p>\n<!-- Begin Yuzo --><div class='yuzo_related_post style-1'  data-version='5.12.89'><!-- without result --><div class='yuzo_clearfixed yuzo__title yuzo__title'><h3>Related Post<\/h3><\/div>\n\t\t\t\t\t\t  <div class=\"relatedthumb \" style=\"width:125px;float:left;overflow:hidden;\">  \n\t\t\t\t\t\t\t  \n\t\t\t\t\t\t\t  <a  href=\"https:\/\/redept.com.br\/blogosfera\/pix-aprimorado-sistema-trara-botao-contra-fraude-golpe-e-coercao\/\"  >\n\t\t\t\t\t\t\t\t\t  <div class=\"yuzo-img-wrap \" style=\"width: 125px;height:90px;\">\n\t\t\t\t\t\t\t\t\t\t\n\t\t\t\t\t\t\t\t\t\t<div class=\"yuzo-img\" style=\"background:url('https:\/\/redept.org\/blogosfera\/wp-content\/plugins\/yuzo-related-post\/assets\/images\/default.png') 50% 50% no-repeat;width: 125px;height:90px;margin-bottom: 5px;background-size: cover; \"><\/div>\n\t\t\t\t\t\t\t\t\t  <\/div>\n\t\t\t\t\t\t\t\t\t  \n\t\t\t\t\t\t\t\t   <span class=\"yuzo__text--title\" style=\"font-size:13px;\">Pix aprimorado: sistema trar\u00e1 \u201cbot\u00e3o\u201d contra fraud...<\/span>\n\t\t\t\t\t\t\t  \n\t\t\t\t\t\t\t  \n\t\t\t\t\t\t\t  <\/a>\n\n\t\t\t\t\t\t  <\/div>\n\t\t\t\t\t\t  <div class=\"relatedthumb \" style=\"width:125px;float:left;overflow:hidden;\">  \n\t\t\t\t\t\t\t  \n\t\t\t\t\t\t\t  <a  href=\"https:\/\/redept.com.br\/blogosfera\/posicionamento-de-joao-paulo-cunha-para-a-reportagem-sobre-retirada-de-empresa-da-lista-suja-do-trabalho-escravo\/\"  >\n\t\t\t\t\t\t\t\t\t  <div class=\"yuzo-img-wrap \" style=\"width: 125px;height:90px;\">\n\t\t\t\t\t\t\t\t\t\t\n\t\t\t\t\t\t\t\t\t\t<div class=\"yuzo-img\" style=\"background:url('https:\/\/redept.org\/blogosfera\/wp-content\/plugins\/yuzo-related-post\/assets\/images\/default.png') 50% 50% no-repeat;width: 125px;height:90px;margin-bottom: 5px;background-size: cover; \"><\/div>\n\t\t\t\t\t\t\t\t\t  <\/div>\n\t\t\t\t\t\t\t\t\t  \n\t\t\t\t\t\t\t\t   <span class=\"yuzo__text--title\" style=\"font-size:13px;\">Posicionamento de Jo\u00e3o Paulo Cunha para a reportag...<\/span>\n\t\t\t\t\t\t\t  \n\t\t\t\t\t\t\t  \n\t\t\t\t\t\t\t  <\/a>\n\n\t\t\t\t\t\t  <\/div>\n\t\t\t\t\t\t  <div class=\"relatedthumb \" style=\"width:125px;float:left;overflow:hidden;\">  \n\t\t\t\t\t\t\t  \n\t\t\t\t\t\t\t  <a  href=\"https:\/\/redept.com.br\/blogosfera\/onix-lorenzoni-ex-ministro-da-previdencia-sob-bolsonaro-sera-chamado-a-cpmi-do-inss-diz-randolfe-rodrigues\/\"  >\n\t\t\t\t\t\t\t\t\t  <div class=\"yuzo-img-wrap \" style=\"width: 125px;height:90px;\">\n\t\t\t\t\t\t\t\t\t\t\n\t\t\t\t\t\t\t\t\t\t<div class=\"yuzo-img\" style=\"background:url('https:\/\/redept.org\/blogosfera\/wp-content\/plugins\/yuzo-related-post\/assets\/images\/default.png') 50% 50% no-repeat;width: 125px;height:90px;margin-bottom: 5px;background-size: cover; \"><\/div>\n\t\t\t\t\t\t\t\t\t  <\/div>\n\t\t\t\t\t\t\t\t\t  \n\t\t\t\t\t\t\t\t   <span class=\"yuzo__text--title\" style=\"font-size:13px;\">Onix Lorenzoni, ex-ministro da Previd\u00eancia sob Bol...<\/span>\n\t\t\t\t\t\t\t  \n\t\t\t\t\t\t\t  \n\t\t\t\t\t\t\t  <\/a>\n\n\t\t\t\t\t\t  <\/div>\n\t\t\t\t\t\t  <div class=\"relatedthumb \" style=\"width:125px;float:left;overflow:hidden;\">  \n\t\t\t\t\t\t\t  \n\t\t\t\t\t\t\t  <a  href=\"https:\/\/redept.com.br\/blogosfera\/fiel-torcida-do-corinthians-entra-em-2025-com-mais-de-r-34-mi-arrecadados\/\"  >\n\t\t\t\t\t\t\t\t\t  <div class=\"yuzo-img-wrap \" style=\"width: 125px;height:90px;\">\n\t\t\t\t\t\t\t\t\t\t\n\t\t\t\t\t\t\t\t\t\t<div class=\"yuzo-img\" style=\"background:url('https:\/\/redept.org\/blogosfera\/wp-content\/plugins\/yuzo-related-post\/assets\/images\/default.png') 50% 50% no-repeat;width: 125px;height:90px;margin-bottom: 5px;background-size: cover; \"><\/div>\n\t\t\t\t\t\t\t\t\t  <\/div>\n\t\t\t\t\t\t\t\t\t  \n\t\t\t\t\t\t\t\t   <span class=\"yuzo__text--title\" style=\"font-size:13px;\">Fiel torcida do Corinthians entra em 2025 com mais...<\/span>\n\t\t\t\t\t\t\t  \n\t\t\t\t\t\t\t  \n\t\t\t\t\t\t\t  <\/a>\n\n\t\t\t\t\t\t  <\/div>\n<\/div> <script>\n\t\t\t\t\t\t  jQuery(document).ready(function( $ ){\n\t\t\t\t\t\t\t\/\/jQuery('.yuzo_related_post').equalizer({ overflow : 'relatedthumb' });\n\t\t\t\t\t\t\tjQuery('.yuzo_related_post .yuzo_wraps').equalizer({ columns : '> div' });\n\t\t\t\t\t\t   })\n\t\t\t\t\t\t  <\/script> <!-- End Yuzo :) -->","protected":false},"excerpt":{"rendered":"<p>Impulsionar as esquerdas latino-americanas e celebrar os 20 anos de atua\u00e7\u00e3o. Foi com esse horizonte que a Alian\u00e7a Bolivariana para os Povos da Nossa Am\u00e9rica &#8211; Tratado de Com\u00e9rcio para os Povos (Alba- TCP) come\u00e7ou nesta sexta-feira (13) a 24\u00aa c\u00fapula dos pa\u00edses membros em Caracas para levantar propostas de articula\u00e7\u00e3o entre os movimentos populares [&hellip;]<\/p>\n","protected":false},"author":2,"featured_media":0,"comment_status":"closed","ping_status":"closed","sticky":false,"template":"","format":"standard","meta":{"fifu_image_url":"","fifu_image_alt":"","footnotes":""},"categories":[1],"tags":[],"class_list":["post-8410","post","type-post","status-publish","format-standard","hentry","category-uncategorized"],"_links":{"self":[{"href":"https:\/\/redept.com.br\/blogosfera\/wp-json\/wp\/v2\/posts\/8410","targetHints":{"allow":["GET"]}}],"collection":[{"href":"https:\/\/redept.com.br\/blogosfera\/wp-json\/wp\/v2\/posts"}],"about":[{"href":"https:\/\/redept.com.br\/blogosfera\/wp-json\/wp\/v2\/types\/post"}],"author":[{"embeddable":true,"href":"https:\/\/redept.com.br\/blogosfera\/wp-json\/wp\/v2\/users\/2"}],"replies":[{"embeddable":true,"href":"https:\/\/redept.com.br\/blogosfera\/wp-json\/wp\/v2\/comments?post=8410"}],"version-history":[{"count":0,"href":"https:\/\/redept.com.br\/blogosfera\/wp-json\/wp\/v2\/posts\/8410\/revisions"}],"wp:attachment":[{"href":"https:\/\/redept.com.br\/blogosfera\/wp-json\/wp\/v2\/media?parent=8410"}],"wp:term":[{"taxonomy":"category","embeddable":true,"href":"https:\/\/redept.com.br\/blogosfera\/wp-json\/wp\/v2\/categories?post=8410"},{"taxonomy":"post_tag","embeddable":true,"href":"https:\/\/redept.com.br\/blogosfera\/wp-json\/wp\/v2\/tags?post=8410"}],"curies":[{"name":"wp","href":"https:\/\/api.w.org\/{rel}","templated":true}]}}