{"id":84106,"date":"2026-04-22T13:10:22","date_gmt":"2026-04-22T16:10:22","guid":{"rendered":"https:\/\/redept.com.br\/blogosfera\/pacto-contra-o-feminicidio-completa-dois-meses-com-avancos-nas-medidas-de-protecao-as-mulheres\/"},"modified":"2026-04-22T13:10:22","modified_gmt":"2026-04-22T16:10:22","slug":"pacto-contra-o-feminicidio-completa-dois-meses-com-avancos-nas-medidas-de-protecao-as-mulheres","status":"publish","type":"post","link":"https:\/\/redept.com.br\/blogosfera\/pacto-contra-o-feminicidio-completa-dois-meses-com-avancos-nas-medidas-de-protecao-as-mulheres\/","title":{"rendered":"Pacto contra o feminic\u00eddio completa dois meses com avan\u00e7os nas medidas de prote\u00e7\u00e3o \u00e0s mulheres"},"content":{"rendered":"<p>O feminic\u00eddio \u00e9 uma das formas mais graves de viol\u00eancia de g\u00eanero no Brasil. Dados do Relat\u00f3rio Anual de Feminic\u00eddios de 2025 mostram que, naquele ano, em m\u00e9dia, seis mulheres foram assassinadas por dia. Diante desse cen\u00e1rio, o governo federal, em conjunto com o Legislativo e o Judici\u00e1rio, lan\u00e7ou, em fevereiro de 2026, o Pacto [\u2026]<\/p>\n<p><a href=\"https:\/\/www.brasildefato.com.br\/2026\/04\/22\/pacto-contra-o-feminicidio-completa-dois-meses-com-avancos-nas-medidas-de-protecao-as-mulheres\/\" rel=\"nofollow\">Fonte<\/a><\/p>\n<!-- Begin Yuzo --><div class='yuzo_related_post style-1'  data-version='5.12.89'><!-- without result --><div class='yuzo_clearfixed yuzo__title yuzo__title'><h3>Related Post<\/h3><\/div>\n\t\t\t\t\t\t  <div class=\"relatedthumb \" style=\"width:125px;float:left;overflow:hidden;\">  \n\t\t\t\t\t\t\t  \n\t\t\t\t\t\t\t  <a  href=\"https:\/\/redept.com.br\/blogosfera\/guarda-revolucionaria-do-ira-e-hezbollah-realizam-ataques-coordenados-contra-israel-videos\/\"  >\n\t\t\t\t\t\t\t\t\t  <div class=\"yuzo-img-wrap \" style=\"width: 125px;height:90px;\">\n\t\t\t\t\t\t\t\t\t\t\n\t\t\t\t\t\t\t\t\t\t<div class=\"yuzo-img\" style=\"background:url('https:\/\/redept.org\/blogosfera\/wp-content\/plugins\/yuzo-related-post\/assets\/images\/default.png') 50% 50% no-repeat;width: 125px;height:90px;margin-bottom: 5px;background-size: cover; \"><\/div>\n\t\t\t\t\t\t\t\t\t  <\/div>\n\t\t\t\t\t\t\t\t\t  \n\t\t\t\t\t\t\t\t   <span class=\"yuzo__text--title\" style=\"font-size:13px;\">Guarda Revolucion\u00e1ria do Ir\u00e3 e Hezbollah realizam ...<\/span>\n\t\t\t\t\t\t\t  \n\t\t\t\t\t\t\t  \n\t\t\t\t\t\t\t  <\/a>\n\n\t\t\t\t\t\t  <\/div>\n\t\t\t\t\t\t  <div class=\"relatedthumb \" style=\"width:125px;float:left;overflow:hidden;\">  \n\t\t\t\t\t\t\t  \n\t\t\t\t\t\t\t  <a  href=\"https:\/\/redept.com.br\/blogosfera\/lula-entrega-2-837-moradias-do-minha-casa-minha-vida-nesta-segunda\/\"  >\n\t\t\t\t\t\t\t\t\t  <div class=\"yuzo-img-wrap \" style=\"width: 125px;height:90px;\">\n\t\t\t\t\t\t\t\t\t\t\n\t\t\t\t\t\t\t\t\t\t<div class=\"yuzo-img\" style=\"background:url('https:\/\/redept.org\/blogosfera\/wp-content\/plugins\/yuzo-related-post\/assets\/images\/default.png') 50% 50% no-repeat;width: 125px;height:90px;margin-bottom: 5px;background-size: cover; \"><\/div>\n\t\t\t\t\t\t\t\t\t  <\/div>\n\t\t\t\t\t\t\t\t\t  \n\t\t\t\t\t\t\t\t   <span class=\"yuzo__text--title\" style=\"font-size:13px;\">Lula entrega 2.837 moradias do Minha Casa, Minha V...<\/span>\n\t\t\t\t\t\t\t  \n\t\t\t\t\t\t\t  \n\t\t\t\t\t\t\t  <\/a>\n\n\t\t\t\t\t\t  <\/div>\n\t\t\t\t\t\t  <div class=\"relatedthumb \" style=\"width:125px;float:left;overflow:hidden;\">  \n\t\t\t\t\t\t\t  \n\t\t\t\t\t\t\t  <a  href=\"https:\/\/redept.com.br\/blogosfera\/brasil-barra-participacao-dos-eua-em-cupula-sobre-democracia-na-onu\/\"  >\n\t\t\t\t\t\t\t\t\t  <div class=\"yuzo-img-wrap \" style=\"width: 125px;height:90px;\">\n\t\t\t\t\t\t\t\t\t\t\n\t\t\t\t\t\t\t\t\t\t<div class=\"yuzo-img\" style=\"background:url('https:\/\/redept.com.br\/blogosfera\/wp-content\/uploads\/2025\/09\/af1a8443-f599-4567-bceb-fbd286228268-150x150.jpg') 50% 50% no-repeat;width: 125px;height:90px;margin-bottom: 5px;background-size: cover; \"><\/div>\n\t\t\t\t\t\t\t\t\t  <\/div>\n\t\t\t\t\t\t\t\t\t  \n\t\t\t\t\t\t\t\t   <span class=\"yuzo__text--title\" style=\"font-size:13px;\">Brasil barra participa\u00e7\u00e3o dos EUA em c\u00fapula sobre ...<\/span>\n\t\t\t\t\t\t\t  \n\t\t\t\t\t\t\t  \n\t\t\t\t\t\t\t  <\/a>\n\n\t\t\t\t\t\t  <\/div>\n\t\t\t\t\t\t  <div class=\"relatedthumb \" style=\"width:125px;float:left;overflow:hidden;\">  \n\t\t\t\t\t\t\t  \n\t\t\t\t\t\t\t  <a  href=\"https:\/\/redept.com.br\/blogosfera\/surto-de-bacteria-resistente-fecha-temporariamente-uti-do-hospital-municipal-de-novo-hamburgo\/\"  >\n\t\t\t\t\t\t\t\t\t  <div class=\"yuzo-img-wrap \" style=\"width: 125px;height:90px;\">\n\t\t\t\t\t\t\t\t\t\t\n\t\t\t\t\t\t\t\t\t\t<div class=\"yuzo-img\" style=\"background:url('https:\/\/redept.com.br\/blogosfera\/wp-content\/uploads\/2025\/08\/image-7-19-150x150.png') 50% 50% no-repeat;width: 125px;height:90px;margin-bottom: 5px;background-size: cover; \"><\/div>\n\t\t\t\t\t\t\t\t\t  <\/div>\n\t\t\t\t\t\t\t\t\t  \n\t\t\t\t\t\t\t\t   <span class=\"yuzo__text--title\" style=\"font-size:13px;\">Surto de bact\u00e9ria resistente fecha temporariamente...<\/span>\n\t\t\t\t\t\t\t  \n\t\t\t\t\t\t\t  \n\t\t\t\t\t\t\t  <\/a>\n\n\t\t\t\t\t\t  <\/div>\n<\/div> <script>\n\t\t\t\t\t\t  jQuery(document).ready(function( $ ){\n\t\t\t\t\t\t\t\/\/jQuery('.yuzo_related_post').equalizer({ overflow : 'relatedthumb' });\n\t\t\t\t\t\t\tjQuery('.yuzo_related_post .yuzo_wraps').equalizer({ columns : '> div' });\n\t\t\t\t\t\t   })\n\t\t\t\t\t\t  <\/script> <!-- End Yuzo :) -->","protected":false},"excerpt":{"rendered":"<p>O feminic\u00eddio \u00e9 uma das formas mais graves de viol\u00eancia de g\u00eanero no Brasil. Dados do Relat\u00f3rio Anual de Feminic\u00eddios de 2025 mostram que, naquele ano, em m\u00e9dia, seis mulheres foram assassinadas por dia. Diante desse cen\u00e1rio, o governo federal, em conjunto com o Legislativo e o Judici\u00e1rio, lan\u00e7ou, em fevereiro de 2026, o Pacto [&hellip;]<\/p>\n","protected":false},"author":2,"featured_media":0,"comment_status":"open","ping_status":"closed","sticky":false,"template":"","format":"standard","meta":{"fifu_image_url":"","fifu_image_alt":"","footnotes":""},"categories":[4175,49548,259,8191,45187,49549,15470,41801,49550,1088,94,49551,22613,4778,4028,37771,4291,1782,49552,35034,5507,214,7216,42553,49553,10172,40615,422,1090,6547,49554],"tags":[],"class_list":["post-84106","post","type-post","status-publish","format-standard","hentry","category-casa-da-mulher-brasileira","category-centro-integrado-mulher-segura","category-cnj","category-conselho-nacional-de-justica","category-dados-de-violencia","category-denuncia-de-violencia","category-eca-digital","category-enfrentamento-a-violencia","category-estatisticas-de-feminicidio","category-feminicidio","category-geral","category-legislacao-de-protecao","category-lei-do-feminicidio","category-lei-maria-da-penha","category-ligue-180","category-masculinidades","category-medidas-protetivas","category-misoginia","category-operacao-mulher-segura","category-pacto-nacional-brasil-contra-o-feminicidio","category-patriarcado","category-politicas-publicas","category-protecao-as-mulheres","category-rede-de-protecao","category-seguranca-das-mulheres","category-tornozeleira-eletronica","category-vicaricidio","category-violencia-contra-a-mulher","category-violencia-de-genero","category-violencia-domestica","category-violencia-online"],"_links":{"self":[{"href":"https:\/\/redept.com.br\/blogosfera\/wp-json\/wp\/v2\/posts\/84106","targetHints":{"allow":["GET"]}}],"collection":[{"href":"https:\/\/redept.com.br\/blogosfera\/wp-json\/wp\/v2\/posts"}],"about":[{"href":"https:\/\/redept.com.br\/blogosfera\/wp-json\/wp\/v2\/types\/post"}],"author":[{"embeddable":true,"href":"https:\/\/redept.com.br\/blogosfera\/wp-json\/wp\/v2\/users\/2"}],"replies":[{"embeddable":true,"href":"https:\/\/redept.com.br\/blogosfera\/wp-json\/wp\/v2\/comments?post=84106"}],"version-history":[{"count":0,"href":"https:\/\/redept.com.br\/blogosfera\/wp-json\/wp\/v2\/posts\/84106\/revisions"}],"wp:attachment":[{"href":"https:\/\/redept.com.br\/blogosfera\/wp-json\/wp\/v2\/media?parent=84106"}],"wp:term":[{"taxonomy":"category","embeddable":true,"href":"https:\/\/redept.com.br\/blogosfera\/wp-json\/wp\/v2\/categories?post=84106"},{"taxonomy":"post_tag","embeddable":true,"href":"https:\/\/redept.com.br\/blogosfera\/wp-json\/wp\/v2\/tags?post=84106"}],"curies":[{"name":"wp","href":"https:\/\/api.w.org\/{rel}","templated":true}]}}