{"id":8411,"date":"2024-12-14T10:19:02","date_gmt":"2024-12-14T13:19:02","guid":{"rendered":"https:\/\/redept.org\/blogosfera\/general-braga-netto-e-preso-pela-pf-por-obstruir-investigacoes-sobre-plano-de-golpe-de-estado\/"},"modified":"2024-12-14T10:19:02","modified_gmt":"2024-12-14T13:19:02","slug":"general-braga-netto-e-preso-pela-pf-por-obstruir-investigacoes-sobre-plano-de-golpe-de-estado","status":"publish","type":"post","link":"https:\/\/redept.com.br\/blogosfera\/general-braga-netto-e-preso-pela-pf-por-obstruir-investigacoes-sobre-plano-de-golpe-de-estado\/","title":{"rendered":"General Braga Netto \u00e9 preso pela PF por obstruir investiga\u00e7\u00f5es sobre plano de golpe de Estado"},"content":{"rendered":"<p>Foi preso pela Pol\u00edcia Federal (PF) neste s\u00e1bado (14) o general Walter Souza Braga Netto, alvo do inqu\u00e9rito que investiga uma tentativa de golpe de Estado no Brasil. Segundo a PF, ele estaria atrapalhando as investiga\u00e7\u00f5es &#8220;na livre produ\u00e7\u00e3o de prova durante a instru\u00e7\u00e3o do processo penal&#8221;.<\/p>\n<p>O general da reserva do Ex\u00e9rcito foi ex-ministro da Casa Civil e da Defesa do governo bolsonarista e candidato a vice-presidente na chapa de Jair Bolsonaro em 2022.\u00a0<\/p>\n<p>Ele foi preso na sua casa em Copacabana, no Rio de Janeiro, e ser\u00e1 encaminhado ao Comando Militar do Leste, sob cust\u00f3dia do Ex\u00e9rcito. A PF tamb\u00e9m fez buscas na sua resid\u00eancia.\u00a0<\/p>\n<p lang=\"PT-BR\" xml:lang=\"PT-BR\">Braga Netto foi um dos <a href=\"https:\/\/www.brasildefato.com.br\/2024\/11\/21\/bolsonaro-e-mais-36-veja-a-lista-dos-indiciados-pela-pf-por-tentativa-de-golpe-no-brasil\">indiciados pela Pol\u00edcia Federal no fim de novembro por tentativa de golpe de Estado<\/a> e outros crimes. Ele \u00e9 considerado o mentor do golpe que fracassou. Junto com ele, Bolsonaro e outros nomes do governo anterior, tamb\u00e9m foram indiciados.\u00a0<\/p>\n<p lang=\"PT-BR\" xml:lang=\"PT-BR\">Os mandados de pris\u00e3o preventiva, busca e apreens\u00e3o foram expedidos pelo <a href=\"https:\/\/www.brasildefato.com.br\/2024\/12\/13\/kassio-nunes-marques-trai-bolsonaro-e-vota-para-manter-moraes-a-frente-de-inquerito-sobre-atos-golpistas\">ministro Alexandre de Moraes<\/a>, relator do inqu\u00e9rito no Supremo Tribunal Federal (STF). A PF ainda cumpriu mandado de busca e apreens\u00e3o na casa do coronel Peregrino, assessor de Braga Netto.\u00a0<\/p>\n<p lang=\"PT-BR\" xml:lang=\"PT-BR\">A PF argumentou que a pris\u00e3o preventiva de Braga Netto neste s\u00e1bado foi necess\u00e1ria, pois sua liberdade representaria um risco \u00e0 ordem p\u00fablica, j\u00e1 que haveria a possibilidade de o general voltar a cometer a\u00e7\u00f5es il\u00edcitas.\u00a0<\/p>\n<p lang=\"PT-BR\" xml:lang=\"PT-BR\">Segundo a PF, o ex-ministro de Bolsonaro teve participa\u00e7\u00e3o relevante nos atos terroristas de 8 de janeiro, al\u00e9m de coordenar a\u00e7\u00f5es il\u00edcitas executadas pelos \u201c<a href=\"https:\/\/www.brasildefato.com.br\/2024\/11\/19\/kids-pretos-com-membros-envolvidos-na-tentativa-de-golpe-protagonizaram-governo-bolsonaro-saiba-quem-sao\">kids pretos<\/a>\u201d, grupo de elite das For\u00e7as Armadas. Ele\u00a0teria ainda tentado obter dados sigilosos do acordo de colabora\u00e7\u00e3o de Mauro Cid, ex-ajudante de ordens de Bolsonaro.\u00a0<\/p>\n<p lang=\"PT-BR\" xml:lang=\"PT-BR\">De acordo com as investiga\u00e7\u00f5es, Braga Netto tamb\u00e9m coordenou a tentativa clandestina de pris\u00e3o e <a href=\"https:\/\/www.brasildefato.com.br\/2024\/11\/21\/estou-vivo-diz-lula-sobre-plano-de-assassinato-em-tentativa-de-golpe-de-estado\">assassinato do presidente Luiz In\u00e1cio Lula da Silva<\/a>, o vice, Geraldo Alckmin, e o ministro Alexandre de Moraes. Um das reuni\u00f5es para arquitetar o plano, segundo a PF, foi realizada em sua casa, no dia 12 de novembro de 2022.\u00a0<\/p>\n<!-- Begin Yuzo --><div class='yuzo_related_post style-1'  data-version='5.12.89'><!-- without result --><div class='yuzo_clearfixed yuzo__title yuzo__title'><h3>Related Post<\/h3><\/div>\n\t\t\t\t\t\t  <div class=\"relatedthumb \" style=\"width:125px;float:left;overflow:hidden;\">  \n\t\t\t\t\t\t\t  \n\t\t\t\t\t\t\t  <a  href=\"https:\/\/redept.com.br\/blogosfera\/retrospectiva-2025-justica-e-direitos-humanos-2\/\"  >\n\t\t\t\t\t\t\t\t\t  <div class=\"yuzo-img-wrap \" style=\"width: 125px;height:90px;\">\n\t\t\t\t\t\t\t\t\t\t\n\t\t\t\t\t\t\t\t\t\t<div class=\"yuzo-img\" style=\"background:url('https:\/\/redept.org\/blogosfera\/wp-content\/plugins\/yuzo-related-post\/assets\/images\/default.png') 50% 50% no-repeat;width: 125px;height:90px;margin-bottom: 5px;background-size: cover; \"><\/div>\n\t\t\t\t\t\t\t\t\t  <\/div>\n\t\t\t\t\t\t\t\t\t  \n\t\t\t\t\t\t\t\t   <span class=\"yuzo__text--title\" style=\"font-size:13px;\">Retrospectiva 2025 | Justi\u00e7a e direitos humanos<\/span>\n\t\t\t\t\t\t\t  \n\t\t\t\t\t\t\t  \n\t\t\t\t\t\t\t  <\/a>\n\n\t\t\t\t\t\t  <\/div>\n\t\t\t\t\t\t  <div class=\"relatedthumb \" style=\"width:125px;float:left;overflow:hidden;\">  \n\t\t\t\t\t\t\t  \n\t\t\t\t\t\t\t  <a  href=\"https:\/\/redept.com.br\/blogosfera\/arte-resistencia-e-inclusao-marcam-o-fim-de-semana-no-df\/\"  >\n\t\t\t\t\t\t\t\t\t  <div class=\"yuzo-img-wrap \" style=\"width: 125px;height:90px;\">\n\t\t\t\t\t\t\t\t\t\t\n\t\t\t\t\t\t\t\t\t\t<div class=\"yuzo-img\" style=\"background:url('https:\/\/redept.com.br\/blogosfera\/wp-content\/uploads\/2025\/09\/Tambor-de-Crioula-de-Seu-Teodoro-Foto-Davi-Mello-150x150.jpg') 50% 50% no-repeat;width: 125px;height:90px;margin-bottom: 5px;background-size: cover; \"><\/div>\n\t\t\t\t\t\t\t\t\t  <\/div>\n\t\t\t\t\t\t\t\t\t  \n\t\t\t\t\t\t\t\t   <span class=\"yuzo__text--title\" style=\"font-size:13px;\">Arte, resist\u00eancia e inclus\u00e3o marcam o fim de seman...<\/span>\n\t\t\t\t\t\t\t  \n\t\t\t\t\t\t\t  \n\t\t\t\t\t\t\t  <\/a>\n\n\t\t\t\t\t\t  <\/div>\n\t\t\t\t\t\t  <div class=\"relatedthumb \" style=\"width:125px;float:left;overflow:hidden;\">  \n\t\t\t\t\t\t\t  \n\t\t\t\t\t\t\t  <a  href=\"https:\/\/redept.com.br\/blogosfera\/china-envia-chanceler-ao-sudeste-asiatico-em-meio-a-conflitos-e-disputas\/\"  >\n\t\t\t\t\t\t\t\t\t  <div class=\"yuzo-img-wrap \" style=\"width: 125px;height:90px;\">\n\t\t\t\t\t\t\t\t\t\t\n\t\t\t\t\t\t\t\t\t\t<div class=\"yuzo-img\" style=\"background:url('https:\/\/redept.org\/blogosfera\/wp-content\/plugins\/yuzo-related-post\/assets\/images\/default.png') 50% 50% no-repeat;width: 125px;height:90px;margin-bottom: 5px;background-size: cover; \"><\/div>\n\t\t\t\t\t\t\t\t\t  <\/div>\n\t\t\t\t\t\t\t\t\t  \n\t\t\t\t\t\t\t\t   <span class=\"yuzo__text--title\" style=\"font-size:13px;\">China envia chanceler ao Sudeste Asi\u00e1tico em meio ...<\/span>\n\t\t\t\t\t\t\t  \n\t\t\t\t\t\t\t  \n\t\t\t\t\t\t\t  <\/a>\n\n\t\t\t\t\t\t  <\/div>\n\t\t\t\t\t\t  <div class=\"relatedthumb \" style=\"width:125px;float:left;overflow:hidden;\">  \n\t\t\t\t\t\t\t  \n\t\t\t\t\t\t\t  <a  href=\"https:\/\/redept.com.br\/blogosfera\/confira-a-programacao-cultural-do-df-neste-fim-de-semana\/\"  >\n\t\t\t\t\t\t\t\t\t  <div class=\"yuzo-img-wrap \" style=\"width: 125px;height:90px;\">\n\t\t\t\t\t\t\t\t\t\t\n\t\t\t\t\t\t\t\t\t\t<div class=\"yuzo-img\" style=\"background:url('https:\/\/redept.com.br\/blogosfera\/wp-content\/uploads\/2025\/05\/bdf-20250530-185529-1d054b-150x150.jpeg') 50% 50% no-repeat;width: 125px;height:90px;margin-bottom: 5px;background-size: cover; \"><\/div>\n\t\t\t\t\t\t\t\t\t  <\/div>\n\t\t\t\t\t\t\t\t\t  \n\t\t\t\t\t\t\t\t   <span class=\"yuzo__text--title\" style=\"font-size:13px;\">Confira a programa\u00e7\u00e3o cultural do DF neste fim de ...<\/span>\n\t\t\t\t\t\t\t  \n\t\t\t\t\t\t\t  \n\t\t\t\t\t\t\t  <\/a>\n\n\t\t\t\t\t\t  <\/div>\n<\/div> <script>\n\t\t\t\t\t\t  jQuery(document).ready(function( $ ){\n\t\t\t\t\t\t\t\/\/jQuery('.yuzo_related_post').equalizer({ overflow : 'relatedthumb' });\n\t\t\t\t\t\t\tjQuery('.yuzo_related_post .yuzo_wraps').equalizer({ columns : '> div' });\n\t\t\t\t\t\t   })\n\t\t\t\t\t\t  <\/script> <!-- End Yuzo :) -->","protected":false},"excerpt":{"rendered":"<p>Foi preso pela Pol\u00edcia Federal (PF) neste s\u00e1bado (14) o general Walter Souza Braga Netto, alvo do inqu\u00e9rito que investiga uma tentativa de golpe de Estado no Brasil. Segundo a PF, ele estaria atrapalhando as investiga\u00e7\u00f5es &#8220;na livre produ\u00e7\u00e3o de prova durante a instru\u00e7\u00e3o do processo penal&#8221;. O general da reserva do Ex\u00e9rcito foi ex-ministro [&hellip;]<\/p>\n","protected":false},"author":2,"featured_media":0,"comment_status":"closed","ping_status":"closed","sticky":false,"template":"","format":"standard","meta":{"fifu_image_url":"","fifu_image_alt":"","footnotes":""},"categories":[1],"tags":[],"class_list":["post-8411","post","type-post","status-publish","format-standard","hentry","category-uncategorized"],"_links":{"self":[{"href":"https:\/\/redept.com.br\/blogosfera\/wp-json\/wp\/v2\/posts\/8411","targetHints":{"allow":["GET"]}}],"collection":[{"href":"https:\/\/redept.com.br\/blogosfera\/wp-json\/wp\/v2\/posts"}],"about":[{"href":"https:\/\/redept.com.br\/blogosfera\/wp-json\/wp\/v2\/types\/post"}],"author":[{"embeddable":true,"href":"https:\/\/redept.com.br\/blogosfera\/wp-json\/wp\/v2\/users\/2"}],"replies":[{"embeddable":true,"href":"https:\/\/redept.com.br\/blogosfera\/wp-json\/wp\/v2\/comments?post=8411"}],"version-history":[{"count":0,"href":"https:\/\/redept.com.br\/blogosfera\/wp-json\/wp\/v2\/posts\/8411\/revisions"}],"wp:attachment":[{"href":"https:\/\/redept.com.br\/blogosfera\/wp-json\/wp\/v2\/media?parent=8411"}],"wp:term":[{"taxonomy":"category","embeddable":true,"href":"https:\/\/redept.com.br\/blogosfera\/wp-json\/wp\/v2\/categories?post=8411"},{"taxonomy":"post_tag","embeddable":true,"href":"https:\/\/redept.com.br\/blogosfera\/wp-json\/wp\/v2\/tags?post=8411"}],"curies":[{"name":"wp","href":"https:\/\/api.w.org\/{rel}","templated":true}]}}