{"id":84119,"date":"2026-04-22T14:53:21","date_gmt":"2026-04-22T17:53:21","guid":{"rendered":"https:\/\/redept.com.br\/blogosfera\/com-foco-em-aliancas-comerciais-e-industriais-presidente-de-mocambique-visita-china\/"},"modified":"2026-04-22T14:53:21","modified_gmt":"2026-04-22T17:53:21","slug":"com-foco-em-aliancas-comerciais-e-industriais-presidente-de-mocambique-visita-china","status":"publish","type":"post","link":"https:\/\/redept.com.br\/blogosfera\/com-foco-em-aliancas-comerciais-e-industriais-presidente-de-mocambique-visita-china\/","title":{"rendered":"Com foco em alian\u00e7as comerciais e industriais, presidente de Mo\u00e7ambique visita China"},"content":{"rendered":"<p>A visita do presidente de Mo\u00e7ambique, Daniel Francisco Chapo, \u00e0 China, conclu\u00edda nesta ter\u00e7a-feira (22), marcou um novo momento nas rela\u00e7\u00f5es bilaterais entre os dois pa\u00edses, com o an\u00fancio do fortalecimento da coopera\u00e7\u00e3o econ\u00f4mica e da aposta mo\u00e7ambicana em industrializa\u00e7\u00e3o e na redu\u00e7\u00e3o da depend\u00eancia externa. O encontro em Pequim com o presidente chin\u00eas Xi [\u2026]<\/p>\n<p><a href=\"https:\/\/www.brasildefato.com.br\/2026\/04\/22\/com-foco-em-aliancas-comerciais-e-industriais-presidente-de-mocambique-visita-china\/\" rel=\"nofollow\">Fonte<\/a><\/p>\n<!-- Begin Yuzo --><div class='yuzo_related_post style-1'  data-version='5.12.89'><!-- without result --><div class='yuzo_clearfixed yuzo__title yuzo__title'><h3>Related Post<\/h3><\/div>\n\t\t\t\t\t\t  <div class=\"relatedthumb \" style=\"width:125px;float:left;overflow:hidden;\">  \n\t\t\t\t\t\t\t  \n\t\t\t\t\t\t\t  <a  href=\"https:\/\/redept.com.br\/blogosfera\/russia-exige-retirada-das-tropas-do-donbass-antes-de-reuniao-trilateral-com-ucrania-e-eua-para-negociar-fim-da-guerra\/\"  >\n\t\t\t\t\t\t\t\t\t  <div class=\"yuzo-img-wrap \" style=\"width: 125px;height:90px;\">\n\t\t\t\t\t\t\t\t\t\t\n\t\t\t\t\t\t\t\t\t\t<div class=\"yuzo-img\" style=\"background:url('https:\/\/redept.org\/blogosfera\/wp-content\/plugins\/yuzo-related-post\/assets\/images\/default.png') 50% 50% no-repeat;width: 125px;height:90px;margin-bottom: 5px;background-size: cover; \"><\/div>\n\t\t\t\t\t\t\t\t\t  <\/div>\n\t\t\t\t\t\t\t\t\t  \n\t\t\t\t\t\t\t\t   <span class=\"yuzo__text--title\" style=\"font-size:13px;\">R\u00fassia exige retirada das tropas do Donbass antes ...<\/span>\n\t\t\t\t\t\t\t  \n\t\t\t\t\t\t\t  \n\t\t\t\t\t\t\t  <\/a>\n\n\t\t\t\t\t\t  <\/div>\n\t\t\t\t\t\t  <div class=\"relatedthumb \" style=\"width:125px;float:left;overflow:hidden;\">  \n\t\t\t\t\t\t\t  \n\t\t\t\t\t\t\t  <a  href=\"https:\/\/redept.com.br\/blogosfera\/como-as-milicias-crescem-e-dominam-territorios-no-brasil\/\"  >\n\t\t\t\t\t\t\t\t\t  <div class=\"yuzo-img-wrap \" style=\"width: 125px;height:90px;\">\n\t\t\t\t\t\t\t\t\t\t\n\t\t\t\t\t\t\t\t\t\t<div class=\"yuzo-img\" style=\"background:url('https:\/\/redept.org\/blogosfera\/wp-content\/plugins\/yuzo-related-post\/assets\/images\/default.png') 50% 50% no-repeat;width: 125px;height:90px;margin-bottom: 5px;background-size: cover; \"><\/div>\n\t\t\t\t\t\t\t\t\t  <\/div>\n\t\t\t\t\t\t\t\t\t  \n\t\t\t\t\t\t\t\t   <span class=\"yuzo__text--title\" style=\"font-size:13px;\">Como as mil\u00edcias crescem e dominam territ\u00f3rios no ...<\/span>\n\t\t\t\t\t\t\t  \n\t\t\t\t\t\t\t  \n\t\t\t\t\t\t\t  <\/a>\n\n\t\t\t\t\t\t  <\/div>\n\t\t\t\t\t\t  <div class=\"relatedthumb \" style=\"width:125px;float:left;overflow:hidden;\">  \n\t\t\t\t\t\t\t  \n\t\t\t\t\t\t\t  <a  href=\"https:\/\/sul21.com.br\/noticias\/geral\/2025\/11\/movimento-feminista-lanca-guia-anticapacitista-na-feira-do-livro\/\"  >\n\t\t\t\t\t\t\t\t\t  <div class=\"yuzo-img-wrap \" style=\"width: 125px;height:90px;\">\n\t\t\t\t\t\t\t\t\t\t\n\t\t\t\t\t\t\t\t\t\t<div class=\"yuzo-img\" style=\"background:url('https:\/\/redept.org\/blogosfera\/wp-content\/plugins\/yuzo-related-post\/assets\/images\/default.png') 50% 50% no-repeat;width: 125px;height:90px;margin-bottom: 5px;background-size: cover; \"><\/div>\n\t\t\t\t\t\t\t\t\t  <\/div>\n\t\t\t\t\t\t\t\t\t  \n\t\t\t\t\t\t\t\t   <span class=\"yuzo__text--title\" style=\"font-size:13px;\">Movimento feminista lan\u00e7a guia anticapacitista na ...<\/span>\n\t\t\t\t\t\t\t  \n\t\t\t\t\t\t\t  \n\t\t\t\t\t\t\t  <\/a>\n\n\t\t\t\t\t\t  <\/div>\n\t\t\t\t\t\t  <div class=\"relatedthumb \" style=\"width:125px;float:left;overflow:hidden;\">  \n\t\t\t\t\t\t\t  \n\t\t\t\t\t\t\t  <a  href=\"https:\/\/redept.com.br\/blogosfera\/mostra-em-homenagem-aos-90-anos-de-lelia-gonzalez-estreia-em-porto-alegre-rs-nesta-terca-feira-8\/\"  >\n\t\t\t\t\t\t\t\t\t  <div class=\"yuzo-img-wrap \" style=\"width: 125px;height:90px;\">\n\t\t\t\t\t\t\t\t\t\t\n\t\t\t\t\t\t\t\t\t\t<div class=\"yuzo-img\" style=\"background:url('https:\/\/redept.com.br\/blogosfera\/wp-content\/uploads\/2025\/04\/image-24-150x128.png') 50% 50% no-repeat;width: 125px;height:90px;margin-bottom: 5px;background-size: cover; \"><\/div>\n\t\t\t\t\t\t\t\t\t  <\/div>\n\t\t\t\t\t\t\t\t\t  \n\t\t\t\t\t\t\t\t   <span class=\"yuzo__text--title\" style=\"font-size:13px;\">Mostra em homenagem aos 90 anos de L\u00e9lia Gonzalez ...<\/span>\n\t\t\t\t\t\t\t  \n\t\t\t\t\t\t\t  \n\t\t\t\t\t\t\t  <\/a>\n\n\t\t\t\t\t\t  <\/div>\n<\/div> <script>\n\t\t\t\t\t\t  jQuery(document).ready(function( $ ){\n\t\t\t\t\t\t\t\/\/jQuery('.yuzo_related_post').equalizer({ overflow : 'relatedthumb' });\n\t\t\t\t\t\t\tjQuery('.yuzo_related_post .yuzo_wraps').equalizer({ columns : '> div' });\n\t\t\t\t\t\t   })\n\t\t\t\t\t\t  <\/script> <!-- End Yuzo :) -->","protected":false},"excerpt":{"rendered":"<p>A visita do presidente de Mo\u00e7ambique, Daniel Francisco Chapo, \u00e0 China, conclu\u00edda nesta ter\u00e7a-feira (22), marcou um novo momento nas rela\u00e7\u00f5es bilaterais entre os dois pa\u00edses, com o an\u00fancio do fortalecimento da coopera\u00e7\u00e3o econ\u00f4mica e da aposta mo\u00e7ambicana em industrializa\u00e7\u00e3o e na redu\u00e7\u00e3o da depend\u00eancia externa. O encontro em Pequim com o presidente chin\u00eas Xi [&hellip;]<\/p>\n","protected":false},"author":2,"featured_media":0,"comment_status":"open","ping_status":"closed","sticky":false,"template":"","format":"standard","meta":{"fifu_image_url":"","fifu_image_alt":"","footnotes":""},"categories":[1047,49608,284,49609,4174,49610,292,35158,31326,49611,17709,1415,40772,2826,461,49612,1630,2056,16281,50,24253,3523,7472,16698,332,6098,42918,1482,49613,337,49614],"tags":[],"class_list":["post-84119","post","type-post","status-publish","format-standard","hentry","category-africa","category-africa-austral","category-agricultura","category-aliancas-comerciais","category-autonomia-economica","category-bacia-do-rovuma","category-china","category-cooperacao-economica","category-daniel-chapo","category-desenvolvimento-global","category-diplomacia-chinesa","category-energia","category-futuro-compartilhado","category-gas-natural","category-historia","category-independencia-nacional","category-industrializacao","category-infraestrutura","category-iniciativa-cinturao-e-rota","category-internacional","category-investimento-chines","category-mineracao","category-mocambique","category-pequim","category-politica-externa","category-relacoes-bilaterais","category-solidariedade-global","category-sul-global","category-visita-presidencial","category-xi-jinping","category-zheng-he"],"_links":{"self":[{"href":"https:\/\/redept.com.br\/blogosfera\/wp-json\/wp\/v2\/posts\/84119","targetHints":{"allow":["GET"]}}],"collection":[{"href":"https:\/\/redept.com.br\/blogosfera\/wp-json\/wp\/v2\/posts"}],"about":[{"href":"https:\/\/redept.com.br\/blogosfera\/wp-json\/wp\/v2\/types\/post"}],"author":[{"embeddable":true,"href":"https:\/\/redept.com.br\/blogosfera\/wp-json\/wp\/v2\/users\/2"}],"replies":[{"embeddable":true,"href":"https:\/\/redept.com.br\/blogosfera\/wp-json\/wp\/v2\/comments?post=84119"}],"version-history":[{"count":0,"href":"https:\/\/redept.com.br\/blogosfera\/wp-json\/wp\/v2\/posts\/84119\/revisions"}],"wp:attachment":[{"href":"https:\/\/redept.com.br\/blogosfera\/wp-json\/wp\/v2\/media?parent=84119"}],"wp:term":[{"taxonomy":"category","embeddable":true,"href":"https:\/\/redept.com.br\/blogosfera\/wp-json\/wp\/v2\/categories?post=84119"},{"taxonomy":"post_tag","embeddable":true,"href":"https:\/\/redept.com.br\/blogosfera\/wp-json\/wp\/v2\/tags?post=84119"}],"curies":[{"name":"wp","href":"https:\/\/api.w.org\/{rel}","templated":true}]}}