{"id":8412,"date":"2024-12-14T11:16:45","date_gmt":"2024-12-14T14:16:45","guid":{"rendered":"https:\/\/redept.org\/blogosfera\/stf-rejeita-recurso-de-bolsonaro-para-afastar-moraes-do-inquerito-do-golpe\/"},"modified":"2024-12-14T11:16:45","modified_gmt":"2024-12-14T14:16:45","slug":"stf-rejeita-recurso-de-bolsonaro-para-afastar-moraes-do-inquerito-do-golpe","status":"publish","type":"post","link":"https:\/\/redept.com.br\/blogosfera\/stf-rejeita-recurso-de-bolsonaro-para-afastar-moraes-do-inquerito-do-golpe\/","title":{"rendered":"STF rejeita recurso de Bolsonaro para afastar Moraes do inqu\u00e9rito do golpe"},"content":{"rendered":"<p><img fetchpriority=\"high\" width=\"960\" height=\"640\"src=\"https:\/\/redept.org\/blogosfera\/wp-content\/uploads\/2024\/12\/ALEXANDRE-DE-MORAES-STF-FOTO-CARLOS-MOURA-SCO.jpg\" alt=\"\" decoding=\"async\" srcset=\"https:\/\/redept.org\/blogosfera\/wp-content\/uploads\/2024\/12\/ALEXANDRE-DE-MORAES-STF-FOTO-CARLOS-MOURA-SCO.jpg 960w, https:\/\/vermelho.org.br\/wp-content\/uploads\/2024\/01\/ALEXANDRE-DE-MORAES-STF-FOTO-CARLOS-MOURA-SCO-300x200.jpg 300w, https:\/\/vermelho.org.br\/wp-content\/uploads\/2024\/01\/ALEXANDRE-DE-MORAES-STF-FOTO-CARLOS-MOURA-SCO-768x512.jpg 768w, https:\/\/vermelho.org.br\/wp-content\/uploads\/2024\/01\/ALEXANDRE-DE-MORAES-STF-FOTO-CARLOS-MOURA-SCO-272x182.jpg 272w\" sizes=\"(max-width: 960px) 100vw, 960px\"><\/p>\n<p>Nesta sexta-feira (13), o Supremo Tribunal Federal (STF) rejeitou, por 9 votos a 1, o recurso apresentado pela defesa do ex-presidente Jair Bolsonaro para afastar o ministro Alexandre de Moraes da relatoria do inqu\u00e9rito que investiga a tentativa de golpe de Estado. A decis\u00e3o mant\u00e9m Moraes no comando das investiga\u00e7\u00f5es, refor\u00e7ando o entendimento de que ele n\u00e3o figura como v\u00edtima direta nos crimes apurados.<\/p>\n<p>A defesa de Bolsonaro argumentou que Moraes estaria impedido de atuar por ser suposta v\u00edtima, mas a maioria dos ministros n\u00e3o viu fundamentos para tal afastamento. O relator do caso, ministro Lu\u00eds Roberto Barroso, afirmou que os crimes em quest\u00e3o afetaram a coletividade e n\u00e3o um indiv\u00edduo espec\u00edfico.<\/p>\n<p><strong>Leia tamb\u00e9m: <\/strong><a href=\"https:\/\/vermelho.org.br\/2024\/12\/04\/bolsonaro-joga-militares-na-fogueira-e-pode-incentivar-delacoes-no-stf\/\">Bolsonaro joga militares na fogueira e pode incentivar dela\u00e7\u00f5es no STF<\/a><\/p>\n<p>\u201cA simples alega\u00e7\u00e3o de que o ministro Alexandre de Moraes seria v\u00edtima dos delitos em apura\u00e7\u00e3o n\u00e3o conduz ao autom\u00e1tico impedimento de sua excel\u00eancia para a relatoria da causa, at\u00e9 mesmo porque os crimes de aboli\u00e7\u00e3o violenta do Estado Democr\u00e1tico de Direito e de tentativa de golpe de estado t\u00eam como sujeito passivo toda a coletividade, e n\u00e3o uma v\u00edtima individualizada\u201d, explicou Barroso. Seu voto foi seguido pelos ministros Fl\u00e1vio Dino, Edson Fachin, Gilmar Mendes, Cristiano Zanin, Dias Toffoli, C\u00e1rmen L\u00facia, Luiz Fux e Nunes Marques.<\/p>\n<p><strong>Andr\u00e9 Mendon\u00e7a<\/strong><\/p>\n<p>O \u00fanico voto favor\u00e1vel ao impedimento de Moraes foi do ministro Andr\u00e9 Mendon\u00e7a. Para ele, Moraes est\u00e1 na condi\u00e7\u00e3o de v\u00edtima e n\u00e3o pode continuar comandando o inqu\u00e9rito.<\/p>\n<p>\u201cAo constatar que o eminente ministro arguido sofreria, direta e imediatamente, consequ\u00eancias graves e tang\u00edveis, como pris\u00e3o \u2013 ou at\u00e9 mesmo morte \u2013, se os relatados intentos dos investigados fossem levados a cabo, parece-me presente a condi\u00e7\u00e3o de diretamente interessado\u201d, justificou Mendon\u00e7a.<\/p>\n<p><strong>Leia tamb\u00e9m:<\/strong> <a href=\"https:\/\/vermelho.org.br\/2024\/12\/02\/pgr-comeca-a-avaliar-inquerito-que-envolve-bolsonaro-e-mais-36-indiciados\/\">PGR come\u00e7a a avaliar inqu\u00e9rito que envolve Bolsonaro e mais 36 indiciados<\/a><\/p>\n<p>Em novembro, a Pol\u00edcia Federal (PF) indiciou Bolsonaro e outros 36 aliados pela tentativa de golpe, revelando planos que inclu\u00edam o assassinato de Alexandre de Moraes, do presidente Lula e do vice-presidente Geraldo Alckmin.<\/p>\n<p>Com a decis\u00e3o, Alexandre de Moraes permanece \u00e0 frente do inqu\u00e9rito, consolidando a postura do STF contra a\u00e7\u00f5es antidemocr\u00e1ticas e investiga\u00e7\u00f5es relacionadas a ataques \u00e0s institui\u00e7\u00f5es.<\/p>\n<p>__<br \/><em>com ag\u00eancias<\/em><\/p>\n<p>O post <a href=\"https:\/\/vermelho.org.br\/2024\/12\/14\/stf-rejeita-recurso-de-bolsonaro-para-afastar-moraes-do-inquerito-do-golpe\/\">STF rejeita recurso de Bolsonaro para afastar Moraes do inqu\u00e9rito do golpe<\/a> apareceu primeiro em <a href=\"https:\/\/vermelho.org.br\/\">Vermelho<\/a>.<\/p>\n<!-- Begin Yuzo --><div class='yuzo_related_post style-1'  data-version='5.12.89'><!-- without result --><div class='yuzo_clearfixed yuzo__title yuzo__title'><h3>Related Post<\/h3><\/div>\n\t\t\t\t\t\t  <div class=\"relatedthumb \" style=\"width:125px;float:left;overflow:hidden;\">  \n\t\t\t\t\t\t\t  \n\t\t\t\t\t\t\t  <a  href=\"https:\/\/redept.com.br\/blogosfera\/premio-lila-ripoll-de-poesia-continua-com-inscricoes-abertas-ate-2-de-junho\/\"  >\n\t\t\t\t\t\t\t\t\t  <div class=\"yuzo-img-wrap \" style=\"width: 125px;height:90px;\">\n\t\t\t\t\t\t\t\t\t\t\n\t\t\t\t\t\t\t\t\t\t<div class=\"yuzo-img\" style=\"background:url('https:\/\/redept.com.br\/blogosfera\/wp-content\/uploads\/2025\/05\/image-1024x128-1-35-150x128.png') 50% 50% no-repeat;width: 125px;height:90px;margin-bottom: 5px;background-size: cover; \"><\/div>\n\t\t\t\t\t\t\t\t\t  <\/div>\n\t\t\t\t\t\t\t\t\t  \n\t\t\t\t\t\t\t\t   <span class=\"yuzo__text--title\" style=\"font-size:13px;\">Pr\u00eamio Lila Ripoll  de poesia continua com inscri\u00e7...<\/span>\n\t\t\t\t\t\t\t  \n\t\t\t\t\t\t\t  \n\t\t\t\t\t\t\t  <\/a>\n\n\t\t\t\t\t\t  <\/div>\n\t\t\t\t\t\t  <div class=\"relatedthumb \" style=\"width:125px;float:left;overflow:hidden;\">  \n\t\t\t\t\t\t\t  \n\t\t\t\t\t\t\t  <a  href=\"https:\/\/redept.com.br\/blogosfera\/numero-de-pessoas-mortas-sobe-para-66-em-minas-gerais\/\"  >\n\t\t\t\t\t\t\t\t\t  <div class=\"yuzo-img-wrap \" style=\"width: 125px;height:90px;\">\n\t\t\t\t\t\t\t\t\t\t\n\t\t\t\t\t\t\t\t\t\t<div class=\"yuzo-img\" style=\"background:url('https:\/\/redept.org\/blogosfera\/wp-content\/plugins\/yuzo-related-post\/assets\/images\/default.png') 50% 50% no-repeat;width: 125px;height:90px;margin-bottom: 5px;background-size: cover; \"><\/div>\n\t\t\t\t\t\t\t\t\t  <\/div>\n\t\t\t\t\t\t\t\t\t  \n\t\t\t\t\t\t\t\t   <span class=\"yuzo__text--title\" style=\"font-size:13px;\">N\u00famero de pessoas mortas sobe para 66 em Minas Ger...<\/span>\n\t\t\t\t\t\t\t  \n\t\t\t\t\t\t\t  \n\t\t\t\t\t\t\t  <\/a>\n\n\t\t\t\t\t\t  <\/div>\n\t\t\t\t\t\t  <div class=\"relatedthumb \" style=\"width:125px;float:left;overflow:hidden;\">  \n\t\t\t\t\t\t\t  \n\t\t\t\t\t\t\t  <a  href=\"https:\/\/redept.com.br\/blogosfera\/resgatando-a-africa-vermelha\/\"  >\n\t\t\t\t\t\t\t\t\t  <div class=\"yuzo-img-wrap \" style=\"width: 125px;height:90px;\">\n\t\t\t\t\t\t\t\t\t\t\n\t\t\t\t\t\t\t\t\t\t<div class=\"yuzo-img\" style=\"background:url('https:\/\/redept.com.br\/blogosfera\/wp-content\/uploads\/2025\/08\/africa-150x150.webp') 50% 50% no-repeat;width: 125px;height:90px;margin-bottom: 5px;background-size: cover; \"><\/div>\n\t\t\t\t\t\t\t\t\t  <\/div>\n\t\t\t\t\t\t\t\t\t  \n\t\t\t\t\t\t\t\t   <span class=\"yuzo__text--title\" style=\"font-size:13px;\">Resgatando a \u00c1frica Vermelha<\/span>\n\t\t\t\t\t\t\t  \n\t\t\t\t\t\t\t  \n\t\t\t\t\t\t\t  <\/a>\n\n\t\t\t\t\t\t  <\/div>\n\t\t\t\t\t\t  <div class=\"relatedthumb \" style=\"width:125px;float:left;overflow:hidden;\">  \n\t\t\t\t\t\t\t  \n\t\t\t\t\t\t\t  <a  href=\"https:\/\/redept.com.br\/blogosfera\/lula-diz-que-nao-se-envolvera-na-disputa-entre-eua-e-venezuela-e-promete-regular-redes-doa-a-quem-doer\/\"  >\n\t\t\t\t\t\t\t\t\t  <div class=\"yuzo-img-wrap \" style=\"width: 125px;height:90px;\">\n\t\t\t\t\t\t\t\t\t\t\n\t\t\t\t\t\t\t\t\t\t<div class=\"yuzo-img\" style=\"background:url('https:\/\/redept.org\/blogosfera\/wp-content\/plugins\/yuzo-related-post\/assets\/images\/default.png') 50% 50% no-repeat;width: 125px;height:90px;margin-bottom: 5px;background-size: cover; \"><\/div>\n\t\t\t\t\t\t\t\t\t  <\/div>\n\t\t\t\t\t\t\t\t\t  \n\t\t\t\t\t\t\t\t   <span class=\"yuzo__text--title\" style=\"font-size:13px;\">Lula diz que n\u00e3o se envolver\u00e1 na disputa entre EUA...<\/span>\n\t\t\t\t\t\t\t  \n\t\t\t\t\t\t\t  \n\t\t\t\t\t\t\t  <\/a>\n\n\t\t\t\t\t\t  <\/div>\n<\/div> <script>\n\t\t\t\t\t\t  jQuery(document).ready(function( $ ){\n\t\t\t\t\t\t\t\/\/jQuery('.yuzo_related_post').equalizer({ overflow : 'relatedthumb' });\n\t\t\t\t\t\t\tjQuery('.yuzo_related_post .yuzo_wraps').equalizer({ columns : '> div' });\n\t\t\t\t\t\t   })\n\t\t\t\t\t\t  <\/script> <!-- End Yuzo :) -->","protected":false},"excerpt":{"rendered":"<p>Nesta sexta-feira (13), o Supremo Tribunal Federal (STF) rejeitou, por 9 votos a 1, o recurso apresentado pela defesa do ex-presidente Jair Bolsonaro para afastar o ministro Alexandre de Moraes da relatoria do inqu\u00e9rito que investiga a tentativa de golpe de Estado. A decis\u00e3o mant\u00e9m Moraes no comando das investiga\u00e7\u00f5es, refor\u00e7ando o entendimento de que [&hellip;]<\/p>\n","protected":false},"author":2,"featured_media":8413,"comment_status":"closed","ping_status":"closed","sticky":false,"template":"","format":"standard","meta":{"fifu_image_url":"","fifu_image_alt":"","footnotes":""},"categories":[1261,1390,2275,288,2745],"tags":[],"class_list":["post-8412","post","type-post","status-publish","format-standard","has-post-thumbnail","hentry","category-alexandre-de-moraes","category-bolsonaro","category-inquerito-do-golpe","category-justica","category-recurso-negado"],"_links":{"self":[{"href":"https:\/\/redept.com.br\/blogosfera\/wp-json\/wp\/v2\/posts\/8412","targetHints":{"allow":["GET"]}}],"collection":[{"href":"https:\/\/redept.com.br\/blogosfera\/wp-json\/wp\/v2\/posts"}],"about":[{"href":"https:\/\/redept.com.br\/blogosfera\/wp-json\/wp\/v2\/types\/post"}],"author":[{"embeddable":true,"href":"https:\/\/redept.com.br\/blogosfera\/wp-json\/wp\/v2\/users\/2"}],"replies":[{"embeddable":true,"href":"https:\/\/redept.com.br\/blogosfera\/wp-json\/wp\/v2\/comments?post=8412"}],"version-history":[{"count":0,"href":"https:\/\/redept.com.br\/blogosfera\/wp-json\/wp\/v2\/posts\/8412\/revisions"}],"wp:featuredmedia":[{"embeddable":true,"href":"https:\/\/redept.com.br\/blogosfera\/wp-json\/wp\/v2\/media\/8413"}],"wp:attachment":[{"href":"https:\/\/redept.com.br\/blogosfera\/wp-json\/wp\/v2\/media?parent=8412"}],"wp:term":[{"taxonomy":"category","embeddable":true,"href":"https:\/\/redept.com.br\/blogosfera\/wp-json\/wp\/v2\/categories?post=8412"},{"taxonomy":"post_tag","embeddable":true,"href":"https:\/\/redept.com.br\/blogosfera\/wp-json\/wp\/v2\/tags?post=8412"}],"curies":[{"name":"wp","href":"https:\/\/api.w.org\/{rel}","templated":true}]}}