{"id":84135,"date":"2026-04-22T15:11:05","date_gmt":"2026-04-22T18:11:05","guid":{"rendered":"https:\/\/redept.com.br\/blogosfera\/metro-e-cptm-ampliam-pagamento-por-aproximacao-nas-catracas-em-sp\/"},"modified":"2026-04-22T15:11:05","modified_gmt":"2026-04-22T18:11:05","slug":"metro-e-cptm-ampliam-pagamento-por-aproximacao-nas-catracas-em-sp","status":"publish","type":"post","link":"https:\/\/redept.com.br\/blogosfera\/metro-e-cptm-ampliam-pagamento-por-aproximacao-nas-catracas-em-sp\/","title":{"rendered":"Metr\u00f4 e CPTM ampliam pagamento por aproxima\u00e7\u00e3o nas catracas em SP"},"content":{"rendered":"<p>Os sistemas metroferrovi\u00e1rios de S\u00e3o Paulo avan\u00e7am na digitaliza\u00e7\u00e3o dos meios de pagamento e ampliam o uso de cart\u00f5es por aproxima\u00e7\u00e3o diretamente nas catracas. A medida, que integra o processo de moderniza\u00e7\u00e3o do transporte p\u00fablico, j\u00e1 alcan\u00e7a um n\u00famero significativo de esta\u00e7\u00f5es do Metr\u00f4 e da CPTM e segue em expans\u00e3o ao longo de 2026. Saiba mais em\u00a0<strong><a href=\"https:\/\/tvtnews.com.br\/\">TVT News<\/a><\/strong>.<\/p>\n<p>Na CPTM, a ado\u00e7\u00e3o da tecnologia NFC ganhou novos pontos a partir de 15 de mar\u00e7o. Desde ent\u00e3o, os passageiros podem pagar a tarifa diretamente nos bloqueios das esta\u00e7\u00f5es Aut\u00f3dromo (Linha 9-Esmeralda), Jardim Belval (Linha 8-Diamante) e no acesso Boulevard Jo\u00e3o Carlos Martins, na Esta\u00e7\u00e3o da Luz. A amplia\u00e7\u00e3o foi antecipada pela companhia como parte da estrat\u00e9gia de reduzir filas e melhorar o fluxo em \u00e1reas de grande circula\u00e7\u00e3o.<\/p>\n<p>Al\u00e9m dessas, o sistema j\u00e1 operava em outras 12 esta\u00e7\u00f5es: Aeroporto-Guarulhos, Br\u00e1s, Ipiranga, Palmeiras-Barra Funda, Tatuap\u00e9, Granja Julieta, Jo\u00e3o Dias e Osasco. Posteriormente, tamb\u00e9m passaram a aceitar o pagamento por aproxima\u00e7\u00e3o, em todos os bloqueios, as esta\u00e7\u00f5es Francisco Morato, Mau\u00e1, Guaianases e Corinthians-Itaquera, contempladas no in\u00edcio de mar\u00e7o devido ao alto volume de passageiros.<\/p>\n<p><a href=\"https:\/\/chat.whatsapp.com\/HC8TJaWXK8t4wNAG0oRwZI?mode=gi_t\" target=\"_blank\" rel=\"noreferrer noopener nofollow\">&gt;&gt; Siga o grupo da\u00a0<strong>TVT News\u00a0<\/strong>no WhatsApp<\/a><\/p>\n<p>Mais recentemente, o avan\u00e7o tamb\u00e9m, ocorreu nas linhas 8-Diamante e 9-Esmeralda, operadas pela ViaMobilidade. Desde 19 de maio, todas as esta\u00e7\u00f5es dessas duas linhas passaram a aceitar pagamento por aproxima\u00e7\u00e3o com cart\u00f5es de cr\u00e9dito e d\u00e9bito, al\u00e9m de carteiras digitais e dispositivos com tecnologia NFC, como celulares e rel\u00f3gios inteligentes.<\/p>\n<p>De acordo com a CPTM, a tecnologia est\u00e1 integrada ao sistema TOP, operado pela Autopass, que permite interoperabilidade entre diferentes formas de pagamento. A proposta \u00e9 ampliar gradualmente o n\u00famero de esta\u00e7\u00f5es contempladas, com novo cronograma previsto para o segundo semestre de 2026.<\/p>\n<h2>Metr\u00f4 amplia projeto piloto<\/h2>\n<p>No Metr\u00f4 de S\u00e3o Paulo, o pagamento por aproxima\u00e7\u00e3o ainda opera em formato de projeto piloto, mas j\u00e1 est\u00e1 dispon\u00edvel em tr\u00eas linhas e deve se expandir para outras.<\/p>\n<p>Atualmente, a tecnologia pode ser utilizada nas seguintes esta\u00e7\u00f5es:<\/p>\n<p><strong>Linha 1-Azul:<\/strong> Tucuruvi, Parada Inglesa, Jardim S\u00e3o Paulo-Ayrton Senna, Santana, Carandiru, Portuguesa-Tiet\u00ea, Arm\u00eania, Tiradentes, Luz, S\u00e3o Bento, Liberdade, S\u00e3o Joaquim, Vergueiro, Para\u00edso, Ana Rosa, Vila Mariana, Santa Cruz, Pra\u00e7a da \u00c1rvore, Sa\u00fade-Ultrafarma, S\u00e3o Judas e Concei\u00e7\u00e3o.<\/p>\n<p><strong>Linha 2-Verde:<\/strong> Vila Madalena, Sumar\u00e9, Cl\u00ednicas, Brigadeiro, Ch\u00e1cara Klabin, Santos-Imigrantes, Alto do Ipiranga, Sacom\u00e3, Tamanduate\u00ed e Vila Prudente.<\/p>\n<p><strong>Linha 3-Vermelha:<\/strong> Palmeiras-Barra Funda, Marechal Deodoro, Santa Cec\u00edlia, Rep\u00fablica, Anhangaba\u00fa, S\u00e9, Pedro II, Br\u00e1s, Bresser-Mooca, Tatuap\u00e9, Carr\u00e3o-Assa\u00ed Atacadista, Penha-Lojas Besni, Vila Matilde, Guilhermina-Esperan\u00e7a, Patriarca-Vila R\u00e9, Artur Alvim e Corinthians-Itaquera.<\/p>\n<p>A Linha 15-Prata (monotrilho) est\u00e1 em fase de an\u00e1lise para implanta\u00e7\u00e3o do sistema nas esta\u00e7\u00f5es S\u00e3o Lucas, Camilo Haddad, Vila Tolst\u00f3i, Vila Uni\u00e3o, Jardim Planalto, Sapopemba, Fazenda da Juta, S\u00e3o Mateus e Jardim Colonial.<\/p>\n<p>Nesta fase inicial, cada esta\u00e7\u00e3o conta com ao menos uma catraca exclusiva para o pagamento por aproxima\u00e7\u00e3o, devidamente sinalizada. O uso \u00e9 restrito, por enquanto, a cart\u00f5es f\u00edsicos de d\u00e9bito e cr\u00e9dito das bandeiras Mastercard, Visa e Elo. Dispositivos digitais, como celulares e smartwatches, ainda n\u00e3o s\u00e3o aceitos no sistema do Metr\u00f4.<\/p>\n<h3>Regras e limita\u00e7\u00f5es<\/h3>\n<p>Apesar da praticidade, o novo modelo ainda apresenta limita\u00e7\u00f5es operacionais. No Metr\u00f4, por exemplo, o pagamento com cart\u00e3o banc\u00e1rio n\u00e3o permite integra\u00e7\u00e3o tarif\u00e1ria com \u00f4nibus ou outros modais \u2014 o que mant\u00e9m a necessidade do uso do Bilhete \u00danico ou do pr\u00f3prio cart\u00e3o TOP nesses casos.<\/p>\n<p>Outra restri\u00e7\u00e3o \u00e9 o intervalo m\u00ednimo entre utiliza\u00e7\u00f5es: ap\u00f3s passar o cart\u00e3o na catraca, o usu\u00e1rio precisa aguardar cerca de 30 minutos para reutiliz\u00e1-lo em uma nova viagem. Durante o piloto, tamb\u00e9m h\u00e1 limite de uso por intervalo curto, como forma de evitar fraudes e garantir a valida\u00e7\u00e3o das transa\u00e7\u00f5es.<\/p>\n<h3>Tend\u00eancia de digitaliza\u00e7\u00e3o<\/h3>\n<p>A ado\u00e7\u00e3o do pagamento por aproxima\u00e7\u00e3o segue uma tend\u00eancia global de digitaliza\u00e7\u00e3o dos sistemas de transporte p\u00fablico, com foco em reduzir o tempo de embarque e eliminar etapas intermedi\u00e1rias, como recarga de cart\u00f5es ou compra de bilhetes f\u00edsicos.<\/p>\n<p>Segundo as operadoras, a expectativa \u00e9 que, com a amplia\u00e7\u00e3o do sistema e o fim da fase de testes, novas funcionalidades sejam incorporadas, incluindo o uso de carteiras digitais no Metr\u00f4 e eventual integra\u00e7\u00e3o tarif\u00e1ria.<\/p>\n<p>Enquanto isso, o sistema segue em expans\u00e3o gradual, com a promessa de tornar o acesso ao transporte p\u00fablico mais \u00e1gil, moderno e alinhado \u00e0s novas tecnologias de pagamento.<\/p>\n<\/p>\n<p>The post <a rel=\"nofollow\" href=\"https:\/\/tvtnews.com.br\/metro-e-cptm-ampliam-pagamento-por-aproximacao-nas-catracas-em-sp\/\">Metr\u00f4 e CPTM ampliam pagamento por aproxima\u00e7\u00e3o nas catracas em SP<\/a> appeared first on <a rel=\"nofollow\" href=\"https:\/\/tvtnews.com.br\/\">TVT News<\/a>.<\/p>\n<!-- Begin Yuzo --><div class='yuzo_related_post style-1'  data-version='5.12.89'><!-- without result --><div class='yuzo_clearfixed yuzo__title yuzo__title'><h3>Related Post<\/h3><\/div>\n\t\t\t\t\t\t  <div class=\"relatedthumb \" style=\"width:125px;float:left;overflow:hidden;\">  \n\t\t\t\t\t\t\t  \n\t\t\t\t\t\t\t  <a  href=\"https:\/\/sul21.com.br\/noticias\/politica\/2025\/08\/tribunal-italiano-marca-audiencia-sobre-extradicao-de-carla-zambelli-para-quarta-feira-13\/\"  >\n\t\t\t\t\t\t\t\t\t  <div class=\"yuzo-img-wrap \" style=\"width: 125px;height:90px;\">\n\t\t\t\t\t\t\t\t\t\t\n\t\t\t\t\t\t\t\t\t\t<div class=\"yuzo-img\" style=\"background:url('https:\/\/agenciabrasil.ebc.com.br\/ebc.png?id=1653767&amp;o=node') 50% 50% no-repeat;width: 125px;height:90px;margin-bottom: 5px;background-size: cover; \"><\/div>\n\t\t\t\t\t\t\t\t\t  <\/div>\n\t\t\t\t\t\t\t\t\t  \n\t\t\t\t\t\t\t\t   <span class=\"yuzo__text--title\" style=\"font-size:13px;\">Tribunal italiano marca audi\u00eancia sobre extradi\u00e7\u00e3o...<\/span>\n\t\t\t\t\t\t\t  \n\t\t\t\t\t\t\t  \n\t\t\t\t\t\t\t  <\/a>\n\n\t\t\t\t\t\t  <\/div>\n\t\t\t\t\t\t  <div class=\"relatedthumb \" style=\"width:125px;float:left;overflow:hidden;\">  \n\t\t\t\t\t\t\t  \n\t\t\t\t\t\t\t  <a  href=\"https:\/\/redept.com.br\/blogosfera\/stf-conclui-julgamento-de-bolsonaro-e-mais-7-por-golpe-e-lula-aciona-brics-sobre-tarifaco\/\"  >\n\t\t\t\t\t\t\t\t\t  <div class=\"yuzo-img-wrap \" style=\"width: 125px;height:90px;\">\n\t\t\t\t\t\t\t\t\t\t\n\t\t\t\t\t\t\t\t\t\t<div class=\"yuzo-img\" style=\"background:url('https:\/\/redept.org\/blogosfera\/wp-content\/plugins\/yuzo-related-post\/assets\/images\/default.png') 50% 50% no-repeat;width: 125px;height:90px;margin-bottom: 5px;background-size: cover; \"><\/div>\n\t\t\t\t\t\t\t\t\t  <\/div>\n\t\t\t\t\t\t\t\t\t  \n\t\t\t\t\t\t\t\t   <span class=\"yuzo__text--title\" style=\"font-size:13px;\">STF conclui julgamento de Bolsonaro e mais 7 por g...<\/span>\n\t\t\t\t\t\t\t  \n\t\t\t\t\t\t\t  \n\t\t\t\t\t\t\t  <\/a>\n\n\t\t\t\t\t\t  <\/div>\n\t\t\t\t\t\t  <div class=\"relatedthumb \" style=\"width:125px;float:left;overflow:hidden;\">  \n\t\t\t\t\t\t\t  \n\t\t\t\t\t\t\t  <a  href=\"https:\/\/redept.com.br\/blogosfera\/rio-a-casa-de-rubens-paiva-nao-esta-aqui\/\"  >\n\t\t\t\t\t\t\t\t\t  <div class=\"yuzo-img-wrap \" style=\"width: 125px;height:90px;\">\n\t\t\t\t\t\t\t\t\t\t\n\t\t\t\t\t\t\t\t\t\t<div class=\"yuzo-img\" style=\"background:url('https:\/\/redept.com.br\/blogosfera\/wp-content\/uploads\/2025\/03\/109619130-ri-rio-de-janeiro-rj-06-01-2025-casa-que-foi-cenario-do-filme-ainda-estou-aqui-na-rua-r-150x150.avif') 50% 50% no-repeat;width: 125px;height:90px;margin-bottom: 5px;background-size: cover; \"><\/div>\n\t\t\t\t\t\t\t\t\t  <\/div>\n\t\t\t\t\t\t\t\t\t  \n\t\t\t\t\t\t\t\t   <span class=\"yuzo__text--title\" style=\"font-size:13px;\">Rio: a casa de Rubens Paiva \u201cn\u00e3o est\u00e1 aqui\u201d<\/span>\n\t\t\t\t\t\t\t  \n\t\t\t\t\t\t\t  \n\t\t\t\t\t\t\t  <\/a>\n\n\t\t\t\t\t\t  <\/div>\n\t\t\t\t\t\t  <div class=\"relatedthumb \" style=\"width:125px;float:left;overflow:hidden;\">  \n\t\t\t\t\t\t\t  \n\t\t\t\t\t\t\t  <a  href=\"https:\/\/redept.com.br\/blogosfera\/toffoli-vota-para-manter-condenacoes-pelo-incendio-da-boate-kiss\/\"  >\n\t\t\t\t\t\t\t\t\t  <div class=\"yuzo-img-wrap \" style=\"width: 125px;height:90px;\">\n\t\t\t\t\t\t\t\t\t\t\n\t\t\t\t\t\t\t\t\t\t<div class=\"yuzo-img\" style=\"background:url('https:\/\/redept.org\/blogosfera\/wp-content\/plugins\/yuzo-related-post\/assets\/images\/default.png') 50% 50% no-repeat;width: 125px;height:90px;margin-bottom: 5px;background-size: cover; \"><\/div>\n\t\t\t\t\t\t\t\t\t  <\/div>\n\t\t\t\t\t\t\t\t\t  \n\t\t\t\t\t\t\t\t   <span class=\"yuzo__text--title\" style=\"font-size:13px;\">Toffoli vota para manter condena\u00e7\u00f5es pelo inc\u00eandio...<\/span>\n\t\t\t\t\t\t\t  \n\t\t\t\t\t\t\t  \n\t\t\t\t\t\t\t  <\/a>\n\n\t\t\t\t\t\t  <\/div>\n<\/div> <script>\n\t\t\t\t\t\t  jQuery(document).ready(function( $ ){\n\t\t\t\t\t\t\t\/\/jQuery('.yuzo_related_post').equalizer({ overflow : 'relatedthumb' });\n\t\t\t\t\t\t\tjQuery('.yuzo_related_post .yuzo_wraps').equalizer({ columns : '> div' });\n\t\t\t\t\t\t   })\n\t\t\t\t\t\t  <\/script> <!-- End Yuzo :) -->","protected":false},"excerpt":{"rendered":"<p>Os sistemas metroferrovi\u00e1rios de S\u00e3o Paulo avan\u00e7am na digitaliza\u00e7\u00e3o dos meios de pagamento e ampliam o uso de cart\u00f5es por aproxima\u00e7\u00e3o diretamente nas catracas. A medida, que integra o processo de moderniza\u00e7\u00e3o do transporte p\u00fablico, j\u00e1 alcan\u00e7a um n\u00famero significativo de esta\u00e7\u00f5es do Metr\u00f4 e da CPTM e segue em expans\u00e3o ao longo de 2026. [&hellip;]<\/p>\n","protected":false},"author":2,"featured_media":0,"comment_status":"open","ping_status":"closed","sticky":false,"template":"","format":"standard","meta":{"fifu_image_url":"","fifu_image_alt":"","footnotes":""},"categories":[489,94,2921],"tags":[],"class_list":["post-84135","post","type-post","status-publish","format-standard","hentry","category-destaque-pequeno","category-geral","category-transportes"],"_links":{"self":[{"href":"https:\/\/redept.com.br\/blogosfera\/wp-json\/wp\/v2\/posts\/84135","targetHints":{"allow":["GET"]}}],"collection":[{"href":"https:\/\/redept.com.br\/blogosfera\/wp-json\/wp\/v2\/posts"}],"about":[{"href":"https:\/\/redept.com.br\/blogosfera\/wp-json\/wp\/v2\/types\/post"}],"author":[{"embeddable":true,"href":"https:\/\/redept.com.br\/blogosfera\/wp-json\/wp\/v2\/users\/2"}],"replies":[{"embeddable":true,"href":"https:\/\/redept.com.br\/blogosfera\/wp-json\/wp\/v2\/comments?post=84135"}],"version-history":[{"count":0,"href":"https:\/\/redept.com.br\/blogosfera\/wp-json\/wp\/v2\/posts\/84135\/revisions"}],"wp:attachment":[{"href":"https:\/\/redept.com.br\/blogosfera\/wp-json\/wp\/v2\/media?parent=84135"}],"wp:term":[{"taxonomy":"category","embeddable":true,"href":"https:\/\/redept.com.br\/blogosfera\/wp-json\/wp\/v2\/categories?post=84135"},{"taxonomy":"post_tag","embeddable":true,"href":"https:\/\/redept.com.br\/blogosfera\/wp-json\/wp\/v2\/tags?post=84135"}],"curies":[{"name":"wp","href":"https:\/\/api.w.org\/{rel}","templated":true}]}}