{"id":8414,"date":"2024-12-14T12:03:49","date_gmt":"2024-12-14T15:03:49","guid":{"rendered":"https:\/\/redept.org\/blogosfera\/pgr-defende-prisao-preventiva-de-braga-netto-para-garantir-a-ordem-publica\/"},"modified":"2024-12-14T12:03:49","modified_gmt":"2024-12-14T15:03:49","slug":"pgr-defende-prisao-preventiva-de-braga-netto-para-garantir-a-ordem-publica","status":"publish","type":"post","link":"https:\/\/redept.com.br\/blogosfera\/pgr-defende-prisao-preventiva-de-braga-netto-para-garantir-a-ordem-publica\/","title":{"rendered":"PGR defende pris\u00e3o preventiva de Braga Netto para garantir a ordem p\u00fablica"},"content":{"rendered":"<p><img fetchpriority=\"high\" width=\"678\" height=\"450\"src=\"https:\/\/redept.org\/blogosfera\/wp-content\/uploads\/2024\/12\/Paulo-Gonet-Foto-Pedro-Franca-Agencia-Senad.jpeg\" alt=\"\" decoding=\"async\" srcset=\"https:\/\/redept.org\/blogosfera\/wp-content\/uploads\/2024\/12\/Paulo-Gonet-Foto-Pedro-Franca-Agencia-Senad.jpeg 678w, https:\/\/vermelho.org.br\/wp-content\/uploads\/2024\/12\/Paulo-Gonet-Foto-Pedro-Franca-Agencia-Senad-300x199.jpeg 300w, https:\/\/vermelho.org.br\/wp-content\/uploads\/2024\/12\/Paulo-Gonet-Foto-Pedro-Franca-Agencia-Senad-272x182.jpeg 272w\" sizes=\"(max-width: 678px) 100vw, 678px\"><\/p>\n<p>Na \u00faltima ter\u00e7a-feira (12), o procurador-geral da Rep\u00fablica (PGR), Paulo Gonet, afirmou que a pris\u00e3o preventiva do general Walter Braga Netto \u00e9 necess\u00e1ria para garantir a ordem p\u00fablica e evitar interfer\u00eancias nas investiga\u00e7\u00f5es. Segundo Gonet, \u00e9 \u201cuma medida extrema e de \u00faltimo ratio\u201d, usada apenas quando n\u00e3o h\u00e1 alternativas cautelares vi\u00e1veis.<\/p>\n<p><strong>Leia tamb\u00e9m: <\/strong><a href=\"https:\/\/vermelho.org.br\/2024\/12\/14\/general-braga-netto-e-preso-pela-pf-por-tentativa-de-golpe-de-estado\/\">General Braga Netto \u00e9 preso pela PF por tentativa de golpe de Estado<\/a><\/p>\n<p>Segundo a PGR, existem \u201cprovas suficientes de autoria e materialidade dos crimes graves cometidos\u201d por Braga Netto e a pris\u00e3o preventiva \u201cest\u00e1 fundamentada em elementos que demonstram risco concreto \u00e0 ordem p\u00fablica e \u00e0 aplica\u00e7\u00e3o da lei penal, que indicam que as medidas cautelares diversas da pris\u00e3o n\u00e3o se revelam suficientes\u201d.<\/p>\n<p><strong>Moraes determina pris\u00e3o<\/strong><\/p>\n<p>O ministro do Supremo Tribunal Federal (STF), Alexandre de Moraes, determinou a pris\u00e3o preventiva do general Walter Braga Netto, ap\u00f3s a Pol\u00edcia Federal (PF) apresentar \u201cprovas robustas\u201d de sua participa\u00e7\u00e3o no planejamento e execu\u00e7\u00e3o de um golpe de Estado em 2022 Segundo as investiga\u00e7\u00f5es, o plano visava prender ou at\u00e9 matar Moraes, ent\u00e3o presidente do Tribunal Superior Eleitoral (TSE), e impedir a posse de Luiz In\u00e1cio Lula da Silva (PT) e Geraldo Alckmin (PSB), eleitos naquele ano.<\/p>\n<p><strong>Leia tamb\u00e9m: <\/strong><a href=\"https:\/\/vermelho.org.br\/2024\/12\/14\/stf-rejeita-recurso-de-bolsonaro-para-afastar-moraes-do-inquerito-do-golpe\/\">STF rejeita recurso de Bolsonaro para afastar Moraes do inqu\u00e9rito do golpe<\/a><\/p>\n<p>Segundo Moraes, o golpe n\u00e3o se concretizou devido a \u201ccircunst\u00e2ncias alheias \u00e0s vontades\u201d dos conspiradores. Ele ainda acusou Braga Netto de obstruir \u201cobstruir \u201cas investiga\u00e7\u00f5es em curso, por meio de obten\u00e7\u00e3o il\u00edcita de dados de colabora\u00e7\u00e3o premiada\u201d. A decis\u00e3o de pris\u00e3o preventiva foi cumprida neste s\u00e1bado (14), ap\u00f3s o retorno do general de uma viagem familiar.<\/p>\n<p><strong>Braga Netto preso<\/strong><\/p>\n<p>O general foi preso em Copacabana, no Rio de Janeiro, ap\u00f3s retornar de Alagoas. A PF aguardou seu retorno para evitar constrangimento p\u00fablico diante de seus familiares. Braga Netto retornou da viagem na noite dessa sexta-feira (13) e como as buscas s\u00f3 podem ser feitas durante o dia, a opera\u00e7\u00e3o foi deflagrada neste s\u00e1bado.<\/p>\n<p>Braga Netto \u00e9 indicado pela PF por participa\u00e7\u00e3o em dois n\u00facleos golpistas: o N\u00facleo Respons\u00e1vel por Incitar Militares a Aderirem ao Golpe de Estado e o N\u00facleo Operacional para Cumprimento de Medidas Coercitivas. Ele teria escolhido alvos para ataques pessoais contra militares que opunham ao golpe e incitavam o apoio de outros setores.<\/p>\n<p>Al\u00e9m disso, com base na dela\u00e7\u00e3o do tenente-coronel Mauro Cid, Braga Netto teria financiado a\u00e7\u00f5es il\u00edcitas, entregando dinheiro em uma sacola de vinho, comprovando sua participa\u00e7\u00e3o direta no esquema.<\/p>\n<p>__<br \/><em>com ag\u00eancias<\/em><\/p>\n<p>O post <a href=\"https:\/\/vermelho.org.br\/2024\/12\/14\/pgr-defende-prisao-preventiva-de-braga-netto-para-garantir-a-ordem-publica\/\">PGR defende pris\u00e3o preventiva de Braga Netto para garantir a ordem p\u00fablica<\/a> apareceu primeiro em <a href=\"https:\/\/vermelho.org.br\/\">Vermelho<\/a>.<\/p>\n<!-- Begin Yuzo --><div class='yuzo_related_post style-1'  data-version='5.12.89'><!-- without result --><div class='yuzo_clearfixed yuzo__title yuzo__title'><h3>Related Post<\/h3><\/div>\n\t\t\t\t\t\t  <div class=\"relatedthumb \" style=\"width:125px;float:left;overflow:hidden;\">  \n\t\t\t\t\t\t\t  \n\t\t\t\t\t\t\t  <a  href=\"https:\/\/redept.com.br\/blogosfera\/min-marcio-macedo-participa-da-semeadura-de-palmeira-jucara-em-area-do-mst-no-pr\/\"  >\n\t\t\t\t\t\t\t\t\t  <div class=\"yuzo-img-wrap \" style=\"width: 125px;height:90px;\">\n\t\t\t\t\t\t\t\t\t\t\n\t\t\t\t\t\t\t\t\t\t<div class=\"yuzo-img\" style=\"background:url('https:\/\/redept.com.br\/blogosfera\/wp-content\/uploads\/2025\/06\/image-12-150x150.jpeg') 50% 50% no-repeat;width: 125px;height:90px;margin-bottom: 5px;background-size: cover; \"><\/div>\n\t\t\t\t\t\t\t\t\t  <\/div>\n\t\t\t\t\t\t\t\t\t  \n\t\t\t\t\t\t\t\t   <span class=\"yuzo__text--title\" style=\"font-size:13px;\">Min. Marcio Macedo participa da semeadura de palme...<\/span>\n\t\t\t\t\t\t\t  \n\t\t\t\t\t\t\t  \n\t\t\t\t\t\t\t  <\/a>\n\n\t\t\t\t\t\t  <\/div>\n\t\t\t\t\t\t  <div class=\"relatedthumb \" style=\"width:125px;float:left;overflow:hidden;\">  \n\t\t\t\t\t\t\t  \n\t\t\t\t\t\t\t  <a  href=\"https:\/\/redept.com.br\/blogosfera\/dialetica-da-colonizacao\/\"  >\n\t\t\t\t\t\t\t\t\t  <div class=\"yuzo-img-wrap \" style=\"width: 125px;height:90px;\">\n\t\t\t\t\t\t\t\t\t\t\n\t\t\t\t\t\t\t\t\t\t<div class=\"yuzo-img\" style=\"background:url('https:\/\/redept.org\/blogosfera\/wp-content\/plugins\/yuzo-related-post\/assets\/images\/default.png') 50% 50% no-repeat;width: 125px;height:90px;margin-bottom: 5px;background-size: cover; \"><\/div>\n\t\t\t\t\t\t\t\t\t  <\/div>\n\t\t\t\t\t\t\t\t\t  \n\t\t\t\t\t\t\t\t   <span class=\"yuzo__text--title\" style=\"font-size:13px;\">Dial\u00e9tica da coloniza\u00e7\u00e3o<\/span>\n\t\t\t\t\t\t\t  \n\t\t\t\t\t\t\t  \n\t\t\t\t\t\t\t  <\/a>\n\n\t\t\t\t\t\t  <\/div>\n\t\t\t\t\t\t  <div class=\"relatedthumb \" style=\"width:125px;float:left;overflow:hidden;\">  \n\t\t\t\t\t\t\t  \n\t\t\t\t\t\t\t  <a  href=\"https:\/\/redept.com.br\/blogosfera\/alta-no-preco-dos-alimentos-reforca-importancia-da-recuperacao-dos-estoques-publicos\/\"  >\n\t\t\t\t\t\t\t\t\t  <div class=\"yuzo-img-wrap \" style=\"width: 125px;height:90px;\">\n\t\t\t\t\t\t\t\t\t\t\n\t\t\t\t\t\t\t\t\t\t<div class=\"yuzo-img\" style=\"background:url('https:\/\/redept.org\/blogosfera\/wp-content\/plugins\/yuzo-related-post\/assets\/images\/default.png') 50% 50% no-repeat;width: 125px;height:90px;margin-bottom: 5px;background-size: cover; \"><\/div>\n\t\t\t\t\t\t\t\t\t  <\/div>\n\t\t\t\t\t\t\t\t\t  \n\t\t\t\t\t\t\t\t   <span class=\"yuzo__text--title\" style=\"font-size:13px;\">Alta no pre\u00e7o dos alimentos refor\u00e7a import\u00e2ncia da...<\/span>\n\t\t\t\t\t\t\t  \n\t\t\t\t\t\t\t  \n\t\t\t\t\t\t\t  <\/a>\n\n\t\t\t\t\t\t  <\/div>\n\t\t\t\t\t\t  <div class=\"relatedthumb \" style=\"width:125px;float:left;overflow:hidden;\">  \n\t\t\t\t\t\t\t  \n\t\t\t\t\t\t\t  <a  href=\"https:\/\/redept.com.br\/blogosfera\/justica-absolve-diplomata-brasileira-em-processo-de-andre-lajst\/\"  >\n\t\t\t\t\t\t\t\t\t  <div class=\"yuzo-img-wrap \" style=\"width: 125px;height:90px;\">\n\t\t\t\t\t\t\t\t\t\t\n\t\t\t\t\t\t\t\t\t\t<div class=\"yuzo-img\" style=\"background:url('https:\/\/redept.com.br\/blogosfera\/wp-content\/uploads\/2025\/03\/claudia-2-150x150.jpg') 50% 50% no-repeat;width: 125px;height:90px;margin-bottom: 5px;background-size: cover; \"><\/div>\n\t\t\t\t\t\t\t\t\t  <\/div>\n\t\t\t\t\t\t\t\t\t  \n\t\t\t\t\t\t\t\t   <span class=\"yuzo__text--title\" style=\"font-size:13px;\">Justi\u00e7a absolve diplomata brasileira em processo d...<\/span>\n\t\t\t\t\t\t\t  \n\t\t\t\t\t\t\t  \n\t\t\t\t\t\t\t  <\/a>\n\n\t\t\t\t\t\t  <\/div>\n<\/div> <script>\n\t\t\t\t\t\t  jQuery(document).ready(function( $ ){\n\t\t\t\t\t\t\t\/\/jQuery('.yuzo_related_post').equalizer({ overflow : 'relatedthumb' });\n\t\t\t\t\t\t\tjQuery('.yuzo_related_post .yuzo_wraps').equalizer({ columns : '> div' });\n\t\t\t\t\t\t   })\n\t\t\t\t\t\t  <\/script> <!-- End Yuzo :) -->","protected":false},"excerpt":{"rendered":"<p>Na \u00faltima ter\u00e7a-feira (12), o procurador-geral da Rep\u00fablica (PGR), Paulo Gonet, afirmou que a pris\u00e3o preventiva do general Walter Braga Netto \u00e9 necess\u00e1ria para garantir a ordem p\u00fablica e evitar interfer\u00eancias nas investiga\u00e7\u00f5es. Segundo Gonet, \u00e9 \u201cuma medida extrema e de \u00faltimo ratio\u201d, usada apenas quando n\u00e3o h\u00e1 alternativas cautelares vi\u00e1veis. Leia tamb\u00e9m: General Braga [&hellip;]<\/p>\n","protected":false},"author":2,"featured_media":8415,"comment_status":"closed","ping_status":"closed","sticky":false,"template":"","format":"standard","meta":{"fifu_image_url":"","fifu_image_alt":"","footnotes":""},"categories":[2339,2746,288,1874,2460],"tags":[],"class_list":["post-8414","post","type-post","status-publish","format-standard","has-post-thumbnail","hentry","category-braga-netto","category-braga-netto-preso","category-justica","category-paulo-gonet","category-procuradoria-geral-da-republica-pgr"],"_links":{"self":[{"href":"https:\/\/redept.com.br\/blogosfera\/wp-json\/wp\/v2\/posts\/8414","targetHints":{"allow":["GET"]}}],"collection":[{"href":"https:\/\/redept.com.br\/blogosfera\/wp-json\/wp\/v2\/posts"}],"about":[{"href":"https:\/\/redept.com.br\/blogosfera\/wp-json\/wp\/v2\/types\/post"}],"author":[{"embeddable":true,"href":"https:\/\/redept.com.br\/blogosfera\/wp-json\/wp\/v2\/users\/2"}],"replies":[{"embeddable":true,"href":"https:\/\/redept.com.br\/blogosfera\/wp-json\/wp\/v2\/comments?post=8414"}],"version-history":[{"count":0,"href":"https:\/\/redept.com.br\/blogosfera\/wp-json\/wp\/v2\/posts\/8414\/revisions"}],"wp:featuredmedia":[{"embeddable":true,"href":"https:\/\/redept.com.br\/blogosfera\/wp-json\/wp\/v2\/media\/8415"}],"wp:attachment":[{"href":"https:\/\/redept.com.br\/blogosfera\/wp-json\/wp\/v2\/media?parent=8414"}],"wp:term":[{"taxonomy":"category","embeddable":true,"href":"https:\/\/redept.com.br\/blogosfera\/wp-json\/wp\/v2\/categories?post=8414"},{"taxonomy":"post_tag","embeddable":true,"href":"https:\/\/redept.com.br\/blogosfera\/wp-json\/wp\/v2\/tags?post=8414"}],"curies":[{"name":"wp","href":"https:\/\/api.w.org\/{rel}","templated":true}]}}