{"id":8416,"date":"2024-12-14T11:22:01","date_gmt":"2024-12-14T14:22:01","guid":{"rendered":"https:\/\/redept.org\/blogosfera\/brasil-de-fato-faz-a-maior-cobertura-sobre-movimentos-populares-na-imprensa-brasileira\/"},"modified":"2024-12-14T11:22:01","modified_gmt":"2024-12-14T14:22:01","slug":"brasil-de-fato-faz-a-maior-cobertura-sobre-movimentos-populares-na-imprensa-brasileira","status":"publish","type":"post","link":"https:\/\/redept.com.br\/blogosfera\/brasil-de-fato-faz-a-maior-cobertura-sobre-movimentos-populares-na-imprensa-brasileira\/","title":{"rendered":"Brasil de Fato faz a maior cobertura sobre movimentos populares na imprensa brasileira"},"content":{"rendered":"<p>O bin\u00f4mio golpe e democracia \u00e9 uma constante na hist\u00f3ria brasileira, assim como \u00e9 permanente a rela\u00e7\u00e3o da imprensa com as diversas situa\u00e7\u00f5es sociais que op\u00f5em a luta pelas liberdades civis e pol\u00edticas e as conjunturas de autoritarismo. A imprensa e o jornalismo nunca foram neutros nessas situa\u00e7\u00f5es e tampouco o s\u00e3o agora, quando recentemente veio \u00e0 tona mais uma tentativa golpista, protagonizada por figuras pr\u00f3ximas ao ex-presidente Jair Bolsonaro e, ao que tudo indica, com o seu conhecimento.<\/p>\n<p>No desenrolar desse caso, na \u00faltima quarta-feira (11),\u00a0a Pol\u00edcia Federal indiciou mais tr\u00eas investigados no inqu\u00e9rito do golpe de Estado, al\u00e9m dos j\u00e1 indiciados Bolsonaro, Braga Netto e Augusto Heleno. Tamb\u00e9m nesta semana, precisamente no Dia Internacional dos Direitos Humanos, movimentos populares foram \u00e0s ruas mais uma vez para defender a democracia, a \u201cn\u00e3o anistia para os golpistas\u201d, o fim da escala 6&#215;1,<a href=\"http:\/\/r.email.brasildefato.com.br\/mk\/cl\/f\/sh\/1t6Af4OiGsE8LKPo8eGFCGUzC8VW1j\/1A-S-X2dn5RY\" title=\"http:\/\/r.email.brasildefato.com.br\/mk\/cl\/f\/sh\/1t6Af4OiGsE8LKPo8eGFCGUzC8VW1j\/1A-S-X2dn5RY\">\u00a0a valoriza\u00e7\u00e3o do sal\u00e1rio m\u00ednimo e das aposentadorias, a taxa\u00e7\u00e3o dos super-ricos, a derrubada do PL do Estupro e o fim do genoc\u00eddio<\/a>\u00a0da popula\u00e7\u00e3o negra.\u00a0<a href=\"http:\/\/r.email.brasildefato.com.br\/mk\/cl\/f\/sh\/1t6Af4OiGsEag2cEX0MAMWYoZxUFjn\/fv9QHYvNd4O4\" title=\"http:\/\/r.email.brasildefato.com.br\/mk\/cl\/f\/sh\/1t6Af4OiGsEag2cEX0MAMWYoZxUFjn\/fv9QHYvNd4O4\">As mobiliza\u00e7\u00f5es aconteceram em 18 estados e no DF.<\/a><\/p>\n<p>O presidente da Central \u00danica dos Trabalhadores do DF (CUT-DF), Rodrigo Rodrigues, chamou aten\u00e7\u00e3o para o papel educativo das mobiliza\u00e7\u00f5es no intuito de promover um debate sobre justi\u00e7a social.<\/p>\n<p>\u201cN\u00e3o d\u00e1 para perdoar aqueles que atentaram no 8 de janeiro.\u00a0<a href=\"http:\/\/r.email.brasildefato.com.br\/mk\/cl\/f\/sh\/1t6Af4OiGsF30koevMS5WmcdxmSzRr\/DVPvZOu9WTWm\" title=\"http:\/\/r.email.brasildefato.com.br\/mk\/cl\/f\/sh\/1t6Af4OiGsF30koevMS5WmcdxmSzRr\/DVPvZOu9WTWm\">N\u00e3o d\u00e1 para perdoar aqueles que tramaram um golpe com um assassinato de presidente, seu vice e o ministro da Suprema Corte para que, com isso, impusessem uma ditadura no nosso pa\u00eds.<\/a>\u00a0N\u00e3o vamos aceitar de volta uma ditadura daqueles que nunca aceitaram a democracia no Brasil.\u201d<\/p>\n<p>J\u00e1 S\u00e9rgio Nobre, presidente nacional da CUT, refor\u00e7a que a luta pelo fim da 6&#215;1 est\u00e1 alinhada \u00e0 constru\u00e7\u00e3o de um pa\u00eds mais justo. \u201c<a href=\"http:\/\/r.email.brasildefato.com.br\/mk\/cl\/f\/sh\/1t6Af4OiGsFVLT15JiY0h2gTLbRj9v\/sVQPo60OlBXP\" title=\"http:\/\/r.email.brasildefato.com.br\/mk\/cl\/f\/sh\/1t6Af4OiGsFVLT15JiY0h2gTLbRj9v\/sVQPo60OlBXP\">N\u00e3o podemos admitir que os trabalhadores sigam sendo explorados dessa forma.<\/a>\u00a0A redu\u00e7\u00e3o da jornada \u00e9 essencial para garantir dignidade e distribuir melhor as oportunidades de emprego.\u201d<\/p>\n<p>As mobiliza\u00e7\u00f5es apontam para uma s\u00edntese j\u00e1 conhecida pela esquerda brasileira: sem organiza\u00e7\u00e3o n\u00e3o tem conquista nem avan\u00e7o, por isso a arena da pol\u00edtica feita nas ruas ainda \u00e9 t\u00e3o importante, assim como o jornalismo trazer essas reivindica\u00e7\u00f5es que s\u00e3o ferramentas de press\u00e3o popular. N\u00e3o se pode normalizar atitudes antidemocr\u00e1ticas, tentativas de golpe e flertes com o fascismo.\u00a0<a href=\"http:\/\/r.email.brasildefato.com.br\/mk\/cl\/f\/sh\/1t6Af4OiGsFxgBDVi4dvrIkIjQQSrz\/Dp4ZztV45g_3\" title=\"http:\/\/r.email.brasildefato.com.br\/mk\/cl\/f\/sh\/1t6Af4OiGsFxgBDVi4dvrIkIjQQSrz\/Dp4ZztV45g_3\">A impunidade pode levar a isso.<\/a><\/p>\n<p>O <strong>Brasil de Fato<\/strong> faz a maior cobertura sobre movimentos populares na imprensa brasileira.\u00a0<a href=\"http:\/\/r.email.brasildefato.com.br\/mk\/cl\/f\/sh\/1t6Af4OiGsGQ0tPw6Qjr1Yo87FPCa3\/7oxMu6DWnj0w\" title=\"http:\/\/r.email.brasildefato.com.br\/mk\/cl\/f\/sh\/1t6Af4OiGsGQ0tPw6Qjr1Yo87FPCa3\/7oxMu6DWnj0w\">Sempre que estes sujeitos v\u00e3o \u00e0s ruas, voc\u00ea pode acompanhar a cobertura no nosso site e nas nossas redes.<\/a><\/p>\n<p>Se a esquerda segue o jogo ocupando as ruas, a direita tenta cada vez mais pautar projetos reacion\u00e1rios que atacam a democracia por vias institucionais. Tamb\u00e9m na \u00faltima quarta-feira, a Comiss\u00e3o de Constitui\u00e7\u00e3o e Justi\u00e7a da C\u00e2mara (CCJ)\u00a0<a href=\"http:\/\/r.email.brasildefato.com.br\/mk\/cl\/f\/sh\/1t6Af4OiGsHKgJomt8vhM4vmstMg0B\/OqIocy_cjI2c\" title=\"http:\/\/r.email.brasildefato.com.br\/mk\/cl\/f\/sh\/1t6Af4OiGsHKgJomt8vhM4vmstMg0B\/OqIocy_cjI2c\">aprovou uma proposta que prev\u00ea recontagem f\u00edsica de votos nas elei\u00e7\u00f5es para cargos eletivos federais, estaduais, distritais ou municipais<\/a>. O texto \u00e9 bandeira p\u00fablica de parlamentares bolsonaristas.<\/p>\n<p>Sobre a atua\u00e7\u00e3o institucional da esquerda, conversei essa semana com o ex-ministro da Casa Civil e militante hist\u00f3rico do Partido dos Trabalhadores (PT), Jos\u00e9 Dirceu. \u201c<a href=\"http:\/\/r.email.brasildefato.com.br\/mk\/cl\/f\/sh\/1t6Af4OiGsHn121DHV1cWKzcGiLPiF\/Q6Exbb1WPmhx\" title=\"http:\/\/r.email.brasildefato.com.br\/mk\/cl\/f\/sh\/1t6Af4OiGsHn121DHV1cWKzcGiLPiF\/Q6Exbb1WPmhx\">N\u00f3s precisamos de alian\u00e7as ao centro para enfrentar a\u00a0extrema direita, mas isso n\u00e3o significa que um partido como o PT tem que ser de centro.<\/a>\u00a0O PT \u00e9 um partido de esquerda, um partido socialista.\u201d<\/p>\n<p>O julgamento dos indiciados pela tentativa golpista ficou para 2025, que promete ser um ano chave no enfrentamento \u00e0 extrema direita no Brasil e no mundo, afinal, lembremos de Trump na Casa Branca. Por aqui, \u00e9 um ano sem elei\u00e7\u00f5es e que a t\u00f4nica deve ser de press\u00e3o dos movimentos populares ao governo Lula, em especial do Movimento dos Trabalhadores Rurais Sem Terra (MST),\u00a0<a href=\"http:\/\/r.email.brasildefato.com.br\/mk\/cl\/f\/sh\/7nVU1aA2nfsZpYje7dXpvi9RutrIeHL\/HNLGWv73tWf5\" title=\"http:\/\/r.email.brasildefato.com.br\/mk\/cl\/f\/sh\/7nVU1aA2nfsZpYje7dXpvi9RutrIeHL\/HNLGWv73tWf5\">que viu dois anos do governo do PT passarem sem efetivamente avan\u00e7ar na reforma agr\u00e1ria.<\/a><\/p>\n<p>Para o jornalismo, fica o indicativo de n\u00e3o fortalecer tramas de \u00f3dio e mentiras, ajudar a desconstruir imagens do autoritarismo como algo positivo e visibilizar os que lutam pela manuten\u00e7\u00e3o da democracia. Aqui no <strong>Brasil de Fato<\/strong>, este \u00e9 o nosso compromisso, e se voc\u00ea acredita nesta luta,\u00a0<a href=\"http:\/\/r.email.brasildefato.com.br\/mk\/cl\/f\/sh\/7nVU1aA2nfuSp5Ex6CmHy4TG5GM5ODr\/mqBiYYuNeTh_\" title=\"http:\/\/r.email.brasildefato.com.br\/mk\/cl\/f\/sh\/7nVU1aA2nfuSp5Ex6CmHy4TG5GM5ODr\/mqBiYYuNeTh_\">pode apoiar nosso trabalho para que a gente nunca deixe de noticiar aquilo que realmente \u00e9 importante para a popula\u00e7\u00e3o.<\/a><\/p>\n<p>Vamos juntos<\/p>\n<p><em>Monyse Ravenna<\/em><\/p>\n<p><em>Coordenadora de \u00c1udio e V\u00eddeo<\/em><\/p>\n<!-- Begin Yuzo --><div class='yuzo_related_post style-1'  data-version='5.12.89'><!-- without result --><div class='yuzo_clearfixed yuzo__title yuzo__title'><h3>Related Post<\/h3><\/div>\n\t\t\t\t\t\t  <div class=\"relatedthumb \" style=\"width:125px;float:left;overflow:hidden;\">  \n\t\t\t\t\t\t\t  \n\t\t\t\t\t\t\t  <a  href=\"https:\/\/www.pragmatismopolitico.com.br\/2025\/09\/poder-destruir-politica-guerra-desordem-mundial.html\"  >\n\t\t\t\t\t\t\t\t\t  <div class=\"yuzo-img-wrap \" style=\"width: 125px;height:90px;\">\n\t\t\t\t\t\t\t\t\t\t\n\t\t\t\t\t\t\t\t\t\t<div class=\"yuzo-img\" style=\"background:url('https:\/\/www.pragmatismopolitico.com.br\/wp-content\/uploads\/2025\/09\/poder-destruir-politica-guerra-desordem-mundial.jpg') 50% 50% no-repeat;width: 125px;height:90px;margin-bottom: 5px;background-size: cover; \"><\/div>\n\t\t\t\t\t\t\t\t\t  <\/div>\n\t\t\t\t\t\t\t\t\t  \n\t\t\t\t\t\t\t\t   <span class=\"yuzo__text--title\" style=\"font-size:13px;\">O Poder de Destruir: Pol\u00edtica, Guerra e a desordem...<\/span>\n\t\t\t\t\t\t\t  \n\t\t\t\t\t\t\t  \n\t\t\t\t\t\t\t  <\/a>\n\n\t\t\t\t\t\t  <\/div>\n\t\t\t\t\t\t  <div class=\"relatedthumb \" style=\"width:125px;float:left;overflow:hidden;\">  \n\t\t\t\t\t\t\t  \n\t\t\t\t\t\t\t  <a  href=\"https:\/\/redept.com.br\/blogosfera\/caos-apos-chuva-no-rio-de-janeiro-expoe-urgencia-de-medidas-de-adaptacao-climatica-nas-periferias-e-centros-urbanos\/\"  >\n\t\t\t\t\t\t\t\t\t  <div class=\"yuzo-img-wrap \" style=\"width: 125px;height:90px;\">\n\t\t\t\t\t\t\t\t\t\t\n\t\t\t\t\t\t\t\t\t\t<div class=\"yuzo-img\" style=\"background:url('https:\/\/redept.org\/blogosfera\/wp-content\/plugins\/yuzo-related-post\/assets\/images\/default.png') 50% 50% no-repeat;width: 125px;height:90px;margin-bottom: 5px;background-size: cover; \"><\/div>\n\t\t\t\t\t\t\t\t\t  <\/div>\n\t\t\t\t\t\t\t\t\t  \n\t\t\t\t\t\t\t\t   <span class=\"yuzo__text--title\" style=\"font-size:13px;\">Caos ap\u00f3s chuva no Rio de Janeiro exp\u00f5e urg\u00eancia d...<\/span>\n\t\t\t\t\t\t\t  \n\t\t\t\t\t\t\t  \n\t\t\t\t\t\t\t  <\/a>\n\n\t\t\t\t\t\t  <\/div>\n\t\t\t\t\t\t  <div class=\"relatedthumb \" style=\"width:125px;float:left;overflow:hidden;\">  \n\t\t\t\t\t\t\t  \n\t\t\t\t\t\t\t  <a  href=\"https:\/\/redept.com.br\/blogosfera\/inflacao-desacelera-e-beneficia-todas-as-faixas-de-renda-em-marco\/\"  >\n\t\t\t\t\t\t\t\t\t  <div class=\"yuzo-img-wrap \" style=\"width: 125px;height:90px;\">\n\t\t\t\t\t\t\t\t\t\t\n\t\t\t\t\t\t\t\t\t\t<div class=\"yuzo-img\" style=\"background:url('https:\/\/redept.org\/blogosfera\/wp-content\/plugins\/yuzo-related-post\/assets\/images\/default.png') 50% 50% no-repeat;width: 125px;height:90px;margin-bottom: 5px;background-size: cover; \"><\/div>\n\t\t\t\t\t\t\t\t\t  <\/div>\n\t\t\t\t\t\t\t\t\t  \n\t\t\t\t\t\t\t\t   <span class=\"yuzo__text--title\" style=\"font-size:13px;\">Infla\u00e7\u00e3o desacelera e beneficia todas as faixas de...<\/span>\n\t\t\t\t\t\t\t  \n\t\t\t\t\t\t\t  \n\t\t\t\t\t\t\t  <\/a>\n\n\t\t\t\t\t\t  <\/div>\n\t\t\t\t\t\t  <div class=\"relatedthumb \" style=\"width:125px;float:left;overflow:hidden;\">  \n\t\t\t\t\t\t\t  \n\t\t\t\t\t\t\t  <a  href=\"https:\/\/redept.com.br\/blogosfera\/minas-gerais-tem-13-juizes-punidos-com-aposentadoria-compulsoria-em-31-anos\/\"  >\n\t\t\t\t\t\t\t\t\t  <div class=\"yuzo-img-wrap \" style=\"width: 125px;height:90px;\">\n\t\t\t\t\t\t\t\t\t\t\n\t\t\t\t\t\t\t\t\t\t<div class=\"yuzo-img\" style=\"background:url('https:\/\/redept.org\/blogosfera\/wp-content\/plugins\/yuzo-related-post\/assets\/images\/default.png') 50% 50% no-repeat;width: 125px;height:90px;margin-bottom: 5px;background-size: cover; \"><\/div>\n\t\t\t\t\t\t\t\t\t  <\/div>\n\t\t\t\t\t\t\t\t\t  \n\t\t\t\t\t\t\t\t   <span class=\"yuzo__text--title\" style=\"font-size:13px;\">Minas Gerais tem 13 ju\u00edzes punidos com aposentador...<\/span>\n\t\t\t\t\t\t\t  \n\t\t\t\t\t\t\t  \n\t\t\t\t\t\t\t  <\/a>\n\n\t\t\t\t\t\t  <\/div>\n<\/div> <script>\n\t\t\t\t\t\t  jQuery(document).ready(function( $ ){\n\t\t\t\t\t\t\t\/\/jQuery('.yuzo_related_post').equalizer({ overflow : 'relatedthumb' });\n\t\t\t\t\t\t\tjQuery('.yuzo_related_post .yuzo_wraps').equalizer({ columns : '> div' });\n\t\t\t\t\t\t   })\n\t\t\t\t\t\t  <\/script> <!-- End Yuzo :) -->","protected":false},"excerpt":{"rendered":"<p>O bin\u00f4mio golpe e democracia \u00e9 uma constante na hist\u00f3ria brasileira, assim como \u00e9 permanente a rela\u00e7\u00e3o da imprensa com as diversas situa\u00e7\u00f5es sociais que op\u00f5em a luta pelas liberdades civis e pol\u00edticas e as conjunturas de autoritarismo. A imprensa e o jornalismo nunca foram neutros nessas situa\u00e7\u00f5es e tampouco o s\u00e3o agora, quando recentemente [&hellip;]<\/p>\n","protected":false},"author":2,"featured_media":0,"comment_status":"closed","ping_status":"closed","sticky":false,"template":"","format":"standard","meta":{"fifu_image_url":"","fifu_image_alt":"","footnotes":""},"categories":[1],"tags":[],"class_list":["post-8416","post","type-post","status-publish","format-standard","hentry","category-uncategorized"],"_links":{"self":[{"href":"https:\/\/redept.com.br\/blogosfera\/wp-json\/wp\/v2\/posts\/8416","targetHints":{"allow":["GET"]}}],"collection":[{"href":"https:\/\/redept.com.br\/blogosfera\/wp-json\/wp\/v2\/posts"}],"about":[{"href":"https:\/\/redept.com.br\/blogosfera\/wp-json\/wp\/v2\/types\/post"}],"author":[{"embeddable":true,"href":"https:\/\/redept.com.br\/blogosfera\/wp-json\/wp\/v2\/users\/2"}],"replies":[{"embeddable":true,"href":"https:\/\/redept.com.br\/blogosfera\/wp-json\/wp\/v2\/comments?post=8416"}],"version-history":[{"count":0,"href":"https:\/\/redept.com.br\/blogosfera\/wp-json\/wp\/v2\/posts\/8416\/revisions"}],"wp:attachment":[{"href":"https:\/\/redept.com.br\/blogosfera\/wp-json\/wp\/v2\/media?parent=8416"}],"wp:term":[{"taxonomy":"category","embeddable":true,"href":"https:\/\/redept.com.br\/blogosfera\/wp-json\/wp\/v2\/categories?post=8416"},{"taxonomy":"post_tag","embeddable":true,"href":"https:\/\/redept.com.br\/blogosfera\/wp-json\/wp\/v2\/tags?post=8416"}],"curies":[{"name":"wp","href":"https:\/\/api.w.org\/{rel}","templated":true}]}}