{"id":8417,"date":"2024-12-14T11:53:03","date_gmt":"2024-12-14T14:53:03","guid":{"rendered":"https:\/\/redept.org\/blogosfera\/deputados-aprovam-impeachment-de-presidente-da-coreia-do-sul-apos-lei-marcial-golpista\/"},"modified":"2024-12-14T11:53:03","modified_gmt":"2024-12-14T14:53:03","slug":"deputados-aprovam-impeachment-de-presidente-da-coreia-do-sul-apos-lei-marcial-golpista","status":"publish","type":"post","link":"https:\/\/redept.com.br\/blogosfera\/deputados-aprovam-impeachment-de-presidente-da-coreia-do-sul-apos-lei-marcial-golpista\/","title":{"rendered":"Deputados aprovam impeachment de presidente da Coreia do Sul ap\u00f3s lei marcial golpista"},"content":{"rendered":"<p lang=\"PT-BR\" xml:lang=\"PT-BR\">O Parlamento da Coreia do Sul destituiu, neste s\u00e1bado (14), o presidente Yoon Suk Yeol. A decis\u00e3o \u00e9 uma rea\u00e7\u00e3o \u00e0 tentativa fracassada de Yeol de estabelecer a\u00a0<a href=\"https:\/\/www.brasildefato.com.br\/2024\/12\/03\/coreia-do-sul-parlamento-bloqueia-lei-marcial-de-presidente-oposicao-fala-em-golpe\">lei marcial<\/a> no pa\u00eds em 3 de dezembro, abrindo uma crise pol\u00edtica sem precedentes com\u00a0manifesta\u00e7\u00f5es massivas pelas ruas. \u00a0<\/p>\n<p xml:lang=\"PT-BR\">Do total de 300 deputados na C\u00e2mara, 204 votaram pela destitui\u00e7\u00e3o do presidente por insurrei\u00e7\u00e3o, contra 85 votos a favor da perman\u00eancia de Yeol. Ainda segundo os resultados anunciados pela presid\u00eancia da C\u00e2mara, houve tr\u00eas absten\u00e7\u00f5es e oito votos nulos.\u00a0<\/p>\n<p xml:lang=\"PT-BR\">&#8220;Embora eu esteja parando por enquanto, a jornada que tenho trilhado com as pessoas nos \u00faltimos dois anos e meio em dire\u00e7\u00e3o ao futuro nunca deve parar. Eu nunca desistirei&#8221;, declarou o presidente afastado ap\u00f3s o resultado.\u00a0<\/p>\n<p xml:lang=\"PT-BR\">A mo\u00e7\u00e3o de censura foi aprovada depois de uma primeira apresentada pela oposi\u00e7\u00e3o em 7 de dezembro, mas que n\u00e3o teve sucesso.\u00a0<\/p>\n<p xml:lang=\"PT-BR\">Yeol agor\u00e1 ficar\u00e1 suspenso aguardando que a Corte Constitucional valide ou n\u00e3o sua demiss\u00e3o.\u00a0O tribunal tem 180 dias para emitir a decis\u00e3o.\u00a0<\/p>\n<p xml:lang=\"PT-BR\">Se for confirmada sua destitui\u00e7\u00e3o pelo tribunal, Yoon Suk Yeol ser\u00e1 o segundo presidente na hist\u00f3ria da <a href=\"https:\/\/www.brasildefato.com.br\/2024\/12\/04\/derrubar-presidente-da-coreia-do-sul-exigira-esforco-e-resistencia-dos-movimentos-diz-militante-coreano\">Coreia do Sul<\/a> a sofrer impeachment. O primeiro caso foi da l\u00edder Park Geun-hye, em 2017.\u00a0<\/p>\n<p xml:lang=\"PT-BR\">Em 2004, a destitui\u00e7\u00e3o do presidente Roh Moo-hyun chegou a ser aprovada pelo Parlamento, mas invalidada dois meses depois pela Corte Constitucional.\u00a0<\/p>\n<p xml:lang=\"PT-BR\">&#8220;Tenho 100% de certeza de que a Corte Constitucional apoiar\u00e1 a destitui\u00e7\u00e3o&#8221;, disse \u00e0 ag\u00eancia francesa\u00a0<em>AFP<\/em>, Choi Jung-ha, de 52 anos, uma das 200 mil manifestantes que se reuniu em frente ao Parlamento \u00e0 espera do resultado. &#8220;N\u00e3o \u00e9 surpreendente que n\u00f3s, o povo, tenhamos conseguido isso juntos&#8221;, completou. \u00a0<\/p>\n<p xml:lang=\"PT-BR\">Quem assumir\u00e1 o cargo de presidente interino do pa\u00eds ser\u00e1 o primeiro-ministro Han Duck-soo. Ele\u00a0prometeu exercer uma &#8220;governan\u00e7a est\u00e1vel&#8221;.\u00a0<\/p>\n<p xml:lang=\"PT-BR\"><strong>Lei marcial<\/strong><\/p>\n<p xml:lang=\"PT-BR\">O <a href=\"https:\/\/www.brasildefato.com.br\/2024\/12\/12\/presidente-sul-coreano-de-direita-promete-lutar-ate-o-ultimo-minuto-nova-votacao-de-impeachment-ocorre-sabado\">presidente Yoon Suk Yeol<\/a> tinha baixos n\u00edveis de popularidade, cerca de 11% de aprova\u00e7\u00e3o, e surpreendeu o pa\u00eds ao anunciar a lei marcial na noite de 3 de dezembro e enviar o ex\u00e9rcito ao Parlamento para impedir os deputados de se reunirem.\u00a0<\/p>\n<p xml:lang=\"PT-BR\">Empenhado em uma disputa pelo or\u00e7amento com a oposi\u00e7\u00e3o, o presidente afastado acusou os rivais pol\u00edticos de atuarem como &#8220;for\u00e7as contr\u00e1rias ao Estado&#8221;, e a medida extrema seria para proteger o pa\u00eds das &#8220;amea\u00e7as&#8221; da Coreia do Norte.\u00a0<\/p>\n<p xml:lang=\"PT-BR\">A decis\u00e3o gerou um movimento massivo de indigna\u00e7\u00e3o, com milhares de manifestantes confrontando os militares em frente ao Parlamento.\u00a0<\/p>\n<!-- Begin Yuzo --><div class='yuzo_related_post style-1'  data-version='5.12.89'><!-- without result --><div class='yuzo_clearfixed yuzo__title yuzo__title'><h3>Related Post<\/h3><\/div>\n\t\t\t\t\t\t  <div class=\"relatedthumb \" style=\"width:125px;float:left;overflow:hidden;\">  \n\t\t\t\t\t\t\t  \n\t\t\t\t\t\t\t  <a  href=\"https:\/\/redept.com.br\/blogosfera\/com-tarifas-trump-joga-o-luminol-da-hipocrisia\/\"  >\n\t\t\t\t\t\t\t\t\t  <div class=\"yuzo-img-wrap \" style=\"width: 125px;height:90px;\">\n\t\t\t\t\t\t\t\t\t\t\n\t\t\t\t\t\t\t\t\t\t<div class=\"yuzo-img\" style=\"background:url('https:\/\/redept.com.br\/blogosfera\/wp-content\/uploads\/2025\/07\/trump1-150x150.jpeg') 50% 50% no-repeat;width: 125px;height:90px;margin-bottom: 5px;background-size: cover; \"><\/div>\n\t\t\t\t\t\t\t\t\t  <\/div>\n\t\t\t\t\t\t\t\t\t  \n\t\t\t\t\t\t\t\t   <span class=\"yuzo__text--title\" style=\"font-size:13px;\">Com tarifas, Trump joga o luminol da hipocrisia<\/span>\n\t\t\t\t\t\t\t  \n\t\t\t\t\t\t\t  \n\t\t\t\t\t\t\t  <\/a>\n\n\t\t\t\t\t\t  <\/div>\n\t\t\t\t\t\t  <div class=\"relatedthumb \" style=\"width:125px;float:left;overflow:hidden;\">  \n\t\t\t\t\t\t\t  \n\t\t\t\t\t\t\t  <a  href=\"https:\/\/redept.com.br\/blogosfera\/programa-acredita-governo-lula-amplia-acesso-ao-credito-com-r-26-bilhoes\/\"  >\n\t\t\t\t\t\t\t\t\t  <div class=\"yuzo-img-wrap \" style=\"width: 125px;height:90px;\">\n\t\t\t\t\t\t\t\t\t\t\n\t\t\t\t\t\t\t\t\t\t<div class=\"yuzo-img\" style=\"background:url('https:\/\/redept.org\/blogosfera\/wp-content\/plugins\/yuzo-related-post\/assets\/images\/default.png') 50% 50% no-repeat;width: 125px;height:90px;margin-bottom: 5px;background-size: cover; \"><\/div>\n\t\t\t\t\t\t\t\t\t  <\/div>\n\t\t\t\t\t\t\t\t\t  \n\t\t\t\t\t\t\t\t   <span class=\"yuzo__text--title\" style=\"font-size:13px;\">Programa Acredita: governo Lula amplia acesso ao c...<\/span>\n\t\t\t\t\t\t\t  \n\t\t\t\t\t\t\t  \n\t\t\t\t\t\t\t  <\/a>\n\n\t\t\t\t\t\t  <\/div>\n\t\t\t\t\t\t  <div class=\"relatedthumb \" style=\"width:125px;float:left;overflow:hidden;\">  \n\t\t\t\t\t\t\t  \n\t\t\t\t\t\t\t  <a  href=\"https:\/\/redept.com.br\/blogosfera\/professores-terao-documento-oficial-com-beneficios-em-todo-o-brasil\/\"  >\n\t\t\t\t\t\t\t\t\t  <div class=\"yuzo-img-wrap \" style=\"width: 125px;height:90px;\">\n\t\t\t\t\t\t\t\t\t\t\n\t\t\t\t\t\t\t\t\t\t<div class=\"yuzo-img\" style=\"background:url('https:\/\/redept.com.br\/blogosfera\/wp-content\/uploads\/2025\/09\/Cerimonia-de-sancao-do-PL-que-autoriza-a-criacao-da-Carteira-Nacional-Docente-CND-Foto_Ricardo-Stuckert_PR-150x150.jpg') 50% 50% no-repeat;width: 125px;height:90px;margin-bottom: 5px;background-size: cover; \"><\/div>\n\t\t\t\t\t\t\t\t\t  <\/div>\n\t\t\t\t\t\t\t\t\t  \n\t\t\t\t\t\t\t\t   <span class=\"yuzo__text--title\" style=\"font-size:13px;\">Professores ter\u00e3o documento oficial com benef\u00edcios...<\/span>\n\t\t\t\t\t\t\t  \n\t\t\t\t\t\t\t  \n\t\t\t\t\t\t\t  <\/a>\n\n\t\t\t\t\t\t  <\/div>\n\t\t\t\t\t\t  <div class=\"relatedthumb \" style=\"width:125px;float:left;overflow:hidden;\">  \n\t\t\t\t\t\t\t  \n\t\t\t\t\t\t\t  <a  href=\"https:\/\/redept.com.br\/blogosfera\/patrocinio-e-censura-no-brasil-o-caso-ilan-pappe\/\"  >\n\t\t\t\t\t\t\t\t\t  <div class=\"yuzo-img-wrap \" style=\"width: 125px;height:90px;\">\n\t\t\t\t\t\t\t\t\t\t\n\t\t\t\t\t\t\t\t\t\t<div class=\"yuzo-img\" style=\"background:url('https:\/\/redept.com.br\/blogosfera\/wp-content\/uploads\/2025\/08\/ilan-pappe-150x150.jpg') 50% 50% no-repeat;width: 125px;height:90px;margin-bottom: 5px;background-size: cover; \"><\/div>\n\t\t\t\t\t\t\t\t\t  <\/div>\n\t\t\t\t\t\t\t\t\t  \n\t\t\t\t\t\t\t\t   <span class=\"yuzo__text--title\" style=\"font-size:13px;\">Patroc\u00ednio e censura no Brasil: o caso Ilan Papp\u00e9...<\/span>\n\t\t\t\t\t\t\t  \n\t\t\t\t\t\t\t  \n\t\t\t\t\t\t\t  <\/a>\n\n\t\t\t\t\t\t  <\/div>\n<\/div> <script>\n\t\t\t\t\t\t  jQuery(document).ready(function( $ ){\n\t\t\t\t\t\t\t\/\/jQuery('.yuzo_related_post').equalizer({ overflow : 'relatedthumb' });\n\t\t\t\t\t\t\tjQuery('.yuzo_related_post .yuzo_wraps').equalizer({ columns : '> div' });\n\t\t\t\t\t\t   })\n\t\t\t\t\t\t  <\/script> <!-- End Yuzo :) -->","protected":false},"excerpt":{"rendered":"<p>O Parlamento da Coreia do Sul destituiu, neste s\u00e1bado (14), o presidente Yoon Suk Yeol. A decis\u00e3o \u00e9 uma rea\u00e7\u00e3o \u00e0 tentativa fracassada de Yeol de estabelecer a\u00a0lei marcial no pa\u00eds em 3 de dezembro, abrindo uma crise pol\u00edtica sem precedentes com\u00a0manifesta\u00e7\u00f5es massivas pelas ruas. \u00a0 Do total de 300 deputados na C\u00e2mara, 204 votaram [&hellip;]<\/p>\n","protected":false},"author":2,"featured_media":0,"comment_status":"closed","ping_status":"closed","sticky":false,"template":"","format":"standard","meta":{"fifu_image_url":"","fifu_image_alt":"","footnotes":""},"categories":[1],"tags":[],"class_list":["post-8417","post","type-post","status-publish","format-standard","hentry","category-uncategorized"],"_links":{"self":[{"href":"https:\/\/redept.com.br\/blogosfera\/wp-json\/wp\/v2\/posts\/8417","targetHints":{"allow":["GET"]}}],"collection":[{"href":"https:\/\/redept.com.br\/blogosfera\/wp-json\/wp\/v2\/posts"}],"about":[{"href":"https:\/\/redept.com.br\/blogosfera\/wp-json\/wp\/v2\/types\/post"}],"author":[{"embeddable":true,"href":"https:\/\/redept.com.br\/blogosfera\/wp-json\/wp\/v2\/users\/2"}],"replies":[{"embeddable":true,"href":"https:\/\/redept.com.br\/blogosfera\/wp-json\/wp\/v2\/comments?post=8417"}],"version-history":[{"count":0,"href":"https:\/\/redept.com.br\/blogosfera\/wp-json\/wp\/v2\/posts\/8417\/revisions"}],"wp:attachment":[{"href":"https:\/\/redept.com.br\/blogosfera\/wp-json\/wp\/v2\/media?parent=8417"}],"wp:term":[{"taxonomy":"category","embeddable":true,"href":"https:\/\/redept.com.br\/blogosfera\/wp-json\/wp\/v2\/categories?post=8417"},{"taxonomy":"post_tag","embeddable":true,"href":"https:\/\/redept.com.br\/blogosfera\/wp-json\/wp\/v2\/tags?post=8417"}],"curies":[{"name":"wp","href":"https:\/\/api.w.org\/{rel}","templated":true}]}}