{"id":8418,"date":"2024-12-14T13:25:21","date_gmt":"2024-12-14T16:25:21","guid":{"rendered":"https:\/\/redept.org\/blogosfera\/aleida-guevara-destaca-papel-dos-movimentos-populares-na-luta-por-justica-e-soberania\/"},"modified":"2024-12-14T13:25:21","modified_gmt":"2024-12-14T16:25:21","slug":"aleida-guevara-destaca-papel-dos-movimentos-populares-na-luta-por-justica-e-soberania","status":"publish","type":"post","link":"https:\/\/redept.com.br\/blogosfera\/aleida-guevara-destaca-papel-dos-movimentos-populares-na-luta-por-justica-e-soberania\/","title":{"rendered":"Aleida Guevara destaca papel dos movimentos populares na luta por justi\u00e7a e soberania"},"content":{"rendered":"<p>Ela \u00e9 uma m\u00e9dica pediatra, como o pai. Mas se identifica mais com ele quando o assunto \u00e9 revolu\u00e7\u00e3o. Aleida Guevara, a primog\u00eanita do guerrilheiro e m\u00e9dico argentino-cubano Ernesto Che Guevara, tem uma rela\u00e7\u00e3o profunda com o Brasil. Aos 63 anos, durante visita ao Rio de Janeiro, no <a href=\"https:\/\/www.brasildefato.com.br\/2024\/11\/16\/protestem-reivindiquem-senao-as-coisas-nao-acontecem-diz-lula-no-encerramento-do-g20-social\">G20 Social<\/a>, ela concedeu uma entrevista exclusiva ao\u00a0<em><a href=\"https:\/\/www.youtube.com\/playlist?list=PLytfbsQYLZpDNPAOVmEz366cVigYZ-I6a\">Bem Viver<\/a><\/em>,\u00a0programa do\u00a0<strong>Brasil de Fato<\/strong>, destacando a import\u00e2ncia dos movimentos populares na constru\u00e7\u00e3o de uma sociedade mais justa e abordando os desafios enfrentados por Cuba devido ao bloqueio econ\u00f4mico imposto pelos Estados Unidos.<\/p>\n<p>Segundo ela, os Estados Unidos sancionaram empresas e navios que comercializavam petr\u00f3leo com Cuba, dificultando a chegada do recurso essencial ao pa\u00eds. \u201cO petr\u00f3leo est\u00e1 chegando da Venezuela, do M\u00e9xico e da R\u00fassia, mas a press\u00e3o \u00e9 imensa. As multas milion\u00e1rias impostas pelos Estados Unidos afastam muitas empresas\u201d, relatou. A pandemia agravou ainda mais a situa\u00e7\u00e3o econ\u00f4mica. \u201cConsumimos nossas reservas para produzir vacinas, pois ningu\u00e9m iria nos vender. Enquanto isso, o turismo, uma das principais fontes de receita, foi drasticamente reduzido.\u201d<\/p>\n<p>A m\u00e9dica destacou tamb\u00e9m o custo do bloqueio para a vida cotidiana do povo cubano. \u201cOs produtos chegam a pre\u00e7os exorbitantes devido \u00e0 necessidade de intermedi\u00e1rios, o que encarece tudo. Respeitamos o direito dos Estados Unidos de n\u00e3o comercializar conosco, mas n\u00e3o aceitamos que impe\u00e7am outros pa\u00edses de faz\u00ea-lo\u201d, afirmou. Apesar das dificuldades, Aleida ressaltou a resili\u00eancia do povo cubano e a vontade constante de imaginar um pa\u00eds sem essas barreiras.<\/p>\n<p>No entanto, a ativista fez quest\u00e3o de enfatizar o papel dos movimentos populares na resist\u00eancia contra o <a href=\"https:\/\/www.brasildefato.com.br\/2024\/06\/21\/imperialismo-dos-estados-unidos-leva-milhoes-de-pessoas-a-fugirem-de-suas-casas-em-todo-o-mundo\">imperialismo<\/a> e na luta por direitos b\u00e1sicos. Para ela, partidos de esquerda perdem for\u00e7a quando se afastam das bases. \u201cSe dizemos que lutamos por sa\u00fade p\u00fablica, precisamos demonstrar isso construindo hospitais, melhorando o atendimento, garantindo que o povo sinta na pr\u00e1tica o que \u00e9 sa\u00fade p\u00fablica. A educa\u00e7\u00e3o popular \u00e9 essencial nesse processo.\u201d<\/p>\n<p>Aleida elogiou lideran\u00e7as brasileiras que, segundo ela, simbolizam a luta popular, como o <a href=\"https:\/\/www.brasildefato.com.br\/2024\/04\/17\/mst-intensifica-ritmo-de-ocupacoes-e-em-uma-semana-entra-em-28-latifundios-jornada-nacional-segue\">Movimento dos Trabalhadores Rurais Sem Terra (MST)<\/a>, e tamb\u00e9m hist\u00f3rias inspiradoras do Brasil, como a de Rosa, integrante do MST, que expressou em uma frase simples o desejo de lutar por dignidade: \u201c\u00c9 prefer\u00edvel morrer conquistando terras para alimentar meus filhos do que morrer de fome.\u201d<\/p>\n<p>Para Aleida, a for\u00e7a do Brasil est\u00e1 em suas hist\u00f3rias de vida, em homens e mulheres que dedicaram suas jornadas \u00e0 transforma\u00e7\u00e3o social. Ela acredita que essas narrativas precisam ser resgatadas e difundidas para inspirar as novas gera\u00e7\u00f5es. \u201cN\u00e3o \u00e9 s\u00f3 m\u00fasica e carnaval. Este pa\u00eds tem seres humanos extraordin\u00e1rios que lutam por um Brasil mais digno. Precisamos garantir que essas hist\u00f3rias sejam contadas para que um Bolsonaro nunca mais volte.\u201d<\/p>\n<p>A mensagem de Aleida Guevara transcende fronteiras e ideologias, refor\u00e7ando a import\u00e2ncia de movimentos populares fortes e conectados ao povo. Para ela, a luta por um mundo mais justo passa pela resist\u00eancia, pela educa\u00e7\u00e3o e pela valoriza\u00e7\u00e3o das hist\u00f3rias que constroem a identidade de cada na\u00e7\u00e3o.<\/p>\n<\/p>\n<p>E tem mais&#8230;<\/p>\n<p>O programa traz tamb\u00e9m\u00a0mulheres que mostram que a uni\u00e3o gera pot\u00eancia e transforma realidades em Minas Gerais. \u00c9 o<em> Coletivo Marias V\u00e3o Com as Outras Sim<\/em>, que trabalha com agroecologia, costura criativa e artesanato sustent\u00e1vel.<\/p>\n<p>O<em>\u00a0Alimento \u00e9 Sa\u00fade <\/em>traz as propriedades de um fruto origin\u00e1rio das Am\u00e9ricas Central e do Sul, utilizado milenarmente pelos povos ind\u00edgenas para pintura corporal durante rituais sagrados, que tamb\u00e9m faz parte da culin\u00e1ria e da medicina brasileira: o urucum. \u00c9 do cultivo dele que vive a fam\u00edlia do senhor Lu\u00eds Umbelino, no assentamento do MST Vila Concei\u00e7\u00e3o, que fica no munic\u00edpio de Imperatriz (MA).<\/p>\n<p>Tem receita de br\u00f3colis gratinado com a nossa chef Gema Souto.<\/p>\n<p>E o <em>Mosaico Cultural <\/em>apresenta uma deusa das \u00e1guas que se tornou s\u00edmbolo da prote\u00e7\u00e3o da natureza na Venezuela. A origem do culto \u00e0 Maria Lionza tem rela\u00e7\u00e3o com ind\u00edgenas e com a garantia das colheitas dos produtores rurais, mas a tradi\u00e7\u00e3o se expandiu e hoje muitos seguidores est\u00e3o espalhados por todo o pa\u00eds.<\/p>\n<p>Quando e onde assistir?\u00a0<\/p>\n<p>No YouTube do Brasil de Fato todo s\u00e1bado \u00e0s 13h30, tem programa in\u00e9dito.\u00a0<a href=\"https:\/\/www.youtube.com\/@AgenciaBrasildeFato\">Basta clicar aqui<\/a>.<\/p>\n<p>Na TVT: s\u00e1bado \u00e0s 13h30; com reprise domingo \u00e0s 6h30 e ter\u00e7a-feira \u00e0s 20h no canal 44.1 \u2013 sinal digital HD aberto na Grande S\u00e3o Paulo e canal 512 NET HD-ABC.<\/p>\n<p>Na TV Brasil (EBC), sexta-feira \u00e0s 6h30.<\/p>\n<p>Na TVE Bahia: s\u00e1bado \u00e0s 12h30, com reprise quinta-feira \u00e0s 7h30, no canal 30 (7.1 no aparelho) do sinal digital.\u00a0<\/p>\n<p>Na TVCom Macei\u00f3: s\u00e1bado \u00e0s 10h30, com reprise domingo \u00e0s 10h, no canal 12 da NET.\u00a0<\/p>\n<p>Na TV Floripa: s\u00e1bado \u00e0s 13h30, reprises ao longo da programa\u00e7\u00e3o, no canal 12 da NET.\u00a0<\/p>\n<p>Na TVU Recife: s\u00e1bados \u00e0s 12h30, com reprise ter\u00e7a-feira \u00e0s 21h, no canal 40 UHF digital.\u00a0<\/p>\n<p>Na UnBTV: sextas-feiras \u00e0s 10h30 e 16h30, em Bras\u00edlia no Canal 15 da NET.\u00a0<\/p>\n<p>TV UFMA Maranh\u00e3o: quinta-feira \u00e0s 10h40, no canal aberto 16.1, Sky 316, TVN 16 e Claro 17.\u00a0<\/p>\n<p>Sintonize<\/p>\n<p>No r\u00e1dio, o\u00a0<a href=\"https:\/\/www.brasildefato.com.br\/radioagencia\/podcasts\/bem-viver\">programa Bem Viver<\/a>\u00a0vai ao ar de segunda a sexta-feira, das 11h \u00e0s 12h, com reprise aos domingos, \u00e0s 10h, na R\u00e1dio Brasil Atual. A sintonia \u00e9 98,9 FM na Grande S\u00e3o Paulo e 93,3 FM na Baixada Santista.<\/p>\n<p>O programa tamb\u00e9m \u00e9 transmitido pela R\u00e1dio Brasil de Fato, das 11h \u00e0s 12h, de segunda a sexta-feira. O programa Bem Viver tamb\u00e9m est\u00e1 nas plataformas Spotify, Google Podcasts, iTunes, Pocket Casts e Deezer.<\/p>\n<!-- Begin Yuzo --><div class='yuzo_related_post style-1'  data-version='5.12.89'><!-- without result --><div class='yuzo_clearfixed yuzo__title yuzo__title'><h3>Related Post<\/h3><\/div>\n\t\t\t\t\t\t  <div class=\"relatedthumb \" style=\"width:125px;float:left;overflow:hidden;\">  \n\t\t\t\t\t\t\t  \n\t\t\t\t\t\t\t  <a  href=\"https:\/\/redept.com.br\/blogosfera\/justica-decidiu-esta-decidido-diz-lula-sobre-prisao-de-bolsonaro\/\"  >\n\t\t\t\t\t\t\t\t\t  <div class=\"yuzo-img-wrap \" style=\"width: 125px;height:90px;\">\n\t\t\t\t\t\t\t\t\t\t\n\t\t\t\t\t\t\t\t\t\t<div class=\"yuzo-img\" style=\"background:url('https:\/\/redept.com.br\/blogosfera\/wp-content\/uploads\/2025\/11\/54941824921_cf5ba17547_k-150x150.jpg') 50% 50% no-repeat;width: 125px;height:90px;margin-bottom: 5px;background-size: cover; \"><\/div>\n\t\t\t\t\t\t\t\t\t  <\/div>\n\t\t\t\t\t\t\t\t\t  \n\t\t\t\t\t\t\t\t   <span class=\"yuzo__text--title\" style=\"font-size:13px;\">\u2018Justi\u00e7a decidiu, est\u00e1 decidido\u2019, diz Lula sobre p...<\/span>\n\t\t\t\t\t\t\t  \n\t\t\t\t\t\t\t  \n\t\t\t\t\t\t\t  <\/a>\n\n\t\t\t\t\t\t  <\/div>\n\t\t\t\t\t\t  <div class=\"relatedthumb \" style=\"width:125px;float:left;overflow:hidden;\">  \n\t\t\t\t\t\t\t  \n\t\t\t\t\t\t\t  <a  href=\"https:\/\/redept.com.br\/blogosfera\/com-mais-de-36-mil-projetos-venezuela-conclui-4a-consulta-popular-de-2025\/\"  >\n\t\t\t\t\t\t\t\t\t  <div class=\"yuzo-img-wrap \" style=\"width: 125px;height:90px;\">\n\t\t\t\t\t\t\t\t\t\t\n\t\t\t\t\t\t\t\t\t\t<div class=\"yuzo-img\" style=\"background:url('https:\/\/redept.com.br\/blogosfera\/wp-content\/uploads\/2025\/11\/consulta-150x150.jpg') 50% 50% no-repeat;width: 125px;height:90px;margin-bottom: 5px;background-size: cover; \"><\/div>\n\t\t\t\t\t\t\t\t\t  <\/div>\n\t\t\t\t\t\t\t\t\t  \n\t\t\t\t\t\t\t\t   <span class=\"yuzo__text--title\" style=\"font-size:13px;\">Com mais de 36 mil projetos, Venezuela conclui 4\u00aa ...<\/span>\n\t\t\t\t\t\t\t  \n\t\t\t\t\t\t\t  \n\t\t\t\t\t\t\t  <\/a>\n\n\t\t\t\t\t\t  <\/div>\n\t\t\t\t\t\t  <div class=\"relatedthumb \" style=\"width:125px;float:left;overflow:hidden;\">  \n\t\t\t\t\t\t\t  \n\t\t\t\t\t\t\t  <a  href=\"https:\/\/redept.com.br\/blogosfera\/as-bets-chegaram-ate-o-horoscopo\/\"  >\n\t\t\t\t\t\t\t\t\t  <div class=\"yuzo-img-wrap \" style=\"width: 125px;height:90px;\">\n\t\t\t\t\t\t\t\t\t\t\n\t\t\t\t\t\t\t\t\t\t<div class=\"yuzo-img\" style=\"background:url('https:\/\/redept.org\/blogosfera\/wp-content\/plugins\/yuzo-related-post\/assets\/images\/default.png') 50% 50% no-repeat;width: 125px;height:90px;margin-bottom: 5px;background-size: cover; \"><\/div>\n\t\t\t\t\t\t\t\t\t  <\/div>\n\t\t\t\t\t\t\t\t\t  \n\t\t\t\t\t\t\t\t   <span class=\"yuzo__text--title\" style=\"font-size:13px;\">As bets chegaram at\u00e9 o hor\u00f3scopo<\/span>\n\t\t\t\t\t\t\t  \n\t\t\t\t\t\t\t  \n\t\t\t\t\t\t\t  <\/a>\n\n\t\t\t\t\t\t  <\/div>\n\t\t\t\t\t\t  <div class=\"relatedthumb \" style=\"width:125px;float:left;overflow:hidden;\">  \n\t\t\t\t\t\t\t  \n\t\t\t\t\t\t\t  <a  href=\"https:\/\/redept.com.br\/blogosfera\/pm-arremessa-homem-do-alto-de-uma-ponte-em-sao-paulo-nao-ha-informacoes-sobre-a-vitima\/\"  >\n\t\t\t\t\t\t\t\t\t  <div class=\"yuzo-img-wrap \" style=\"width: 125px;height:90px;\">\n\t\t\t\t\t\t\t\t\t\t\n\t\t\t\t\t\t\t\t\t\t<div class=\"yuzo-img\" style=\"background:url('https:\/\/redept.org\/blogosfera\/wp-content\/plugins\/yuzo-related-post\/assets\/images\/default.png') 50% 50% no-repeat;width: 125px;height:90px;margin-bottom: 5px;background-size: cover; \"><\/div>\n\t\t\t\t\t\t\t\t\t  <\/div>\n\t\t\t\t\t\t\t\t\t  \n\t\t\t\t\t\t\t\t   <span class=\"yuzo__text--title\" style=\"font-size:13px;\">PM arremessa homem do alto de uma ponte em S\u00e3o Pau...<\/span>\n\t\t\t\t\t\t\t  \n\t\t\t\t\t\t\t  \n\t\t\t\t\t\t\t  <\/a>\n\n\t\t\t\t\t\t  <\/div>\n<\/div> <script>\n\t\t\t\t\t\t  jQuery(document).ready(function( $ ){\n\t\t\t\t\t\t\t\/\/jQuery('.yuzo_related_post').equalizer({ overflow : 'relatedthumb' });\n\t\t\t\t\t\t\tjQuery('.yuzo_related_post .yuzo_wraps').equalizer({ columns : '> div' });\n\t\t\t\t\t\t   })\n\t\t\t\t\t\t  <\/script> <!-- End Yuzo :) -->","protected":false},"excerpt":{"rendered":"<p>Ela \u00e9 uma m\u00e9dica pediatra, como o pai. Mas se identifica mais com ele quando o assunto \u00e9 revolu\u00e7\u00e3o. Aleida Guevara, a primog\u00eanita do guerrilheiro e m\u00e9dico argentino-cubano Ernesto Che Guevara, tem uma rela\u00e7\u00e3o profunda com o Brasil. Aos 63 anos, durante visita ao Rio de Janeiro, no G20 Social, ela concedeu uma entrevista exclusiva [&hellip;]<\/p>\n","protected":false},"author":2,"featured_media":0,"comment_status":"closed","ping_status":"closed","sticky":false,"template":"","format":"standard","meta":{"fifu_image_url":"","fifu_image_alt":"","footnotes":""},"categories":[1],"tags":[],"class_list":["post-8418","post","type-post","status-publish","format-standard","hentry","category-uncategorized"],"_links":{"self":[{"href":"https:\/\/redept.com.br\/blogosfera\/wp-json\/wp\/v2\/posts\/8418","targetHints":{"allow":["GET"]}}],"collection":[{"href":"https:\/\/redept.com.br\/blogosfera\/wp-json\/wp\/v2\/posts"}],"about":[{"href":"https:\/\/redept.com.br\/blogosfera\/wp-json\/wp\/v2\/types\/post"}],"author":[{"embeddable":true,"href":"https:\/\/redept.com.br\/blogosfera\/wp-json\/wp\/v2\/users\/2"}],"replies":[{"embeddable":true,"href":"https:\/\/redept.com.br\/blogosfera\/wp-json\/wp\/v2\/comments?post=8418"}],"version-history":[{"count":0,"href":"https:\/\/redept.com.br\/blogosfera\/wp-json\/wp\/v2\/posts\/8418\/revisions"}],"wp:attachment":[{"href":"https:\/\/redept.com.br\/blogosfera\/wp-json\/wp\/v2\/media?parent=8418"}],"wp:term":[{"taxonomy":"category","embeddable":true,"href":"https:\/\/redept.com.br\/blogosfera\/wp-json\/wp\/v2\/categories?post=8418"},{"taxonomy":"post_tag","embeddable":true,"href":"https:\/\/redept.com.br\/blogosfera\/wp-json\/wp\/v2\/tags?post=8418"}],"curies":[{"name":"wp","href":"https:\/\/api.w.org\/{rel}","templated":true}]}}