{"id":8420,"date":"2024-12-14T14:45:56","date_gmt":"2024-12-14T17:45:56","guid":{"rendered":"https:\/\/redept.org\/blogosfera\/pcdob-apresenta-emendas-para-proteger-bpc-e-salario-minimo-no-ajuste-fiscal\/"},"modified":"2024-12-14T14:45:56","modified_gmt":"2024-12-14T17:45:56","slug":"pcdob-apresenta-emendas-para-proteger-bpc-e-salario-minimo-no-ajuste-fiscal","status":"publish","type":"post","link":"https:\/\/redept.com.br\/blogosfera\/pcdob-apresenta-emendas-para-proteger-bpc-e-salario-minimo-no-ajuste-fiscal\/","title":{"rendered":"PCdoB apresenta emendas para proteger BPC e sal\u00e1rio m\u00ednimo no ajuste fiscal"},"content":{"rendered":"<p><img fetchpriority=\"high\" width=\"1024\" height=\"683\"src=\"https:\/\/redept.org\/blogosfera\/wp-content\/uploads\/2024\/12\/marcio-Jerry.webp\" alt=\"\" decoding=\"async\" srcset=\"https:\/\/vermelho.org.br\/wp-content\/uploads\/2024\/12\/marcio-Jerry-1024x683.webp 1024w, https:\/\/vermelho.org.br\/wp-content\/uploads\/2024\/12\/marcio-Jerry-300x200.webp 300w, https:\/\/vermelho.org.br\/wp-content\/uploads\/2024\/12\/marcio-Jerry-768x512.webp 768w, https:\/\/vermelho.org.br\/wp-content\/uploads\/2024\/12\/marcio-Jerry-1536x1024.webp 1536w, https:\/\/vermelho.org.br\/wp-content\/uploads\/2024\/12\/marcio-Jerry-272x182.webp 272w, https:\/\/redept.org\/blogosfera\/wp-content\/uploads\/2024\/12\/marcio-Jerry.webp 2048w\" sizes=\"(max-width: 1024px) 100vw, 1024px\"><\/p>\n<p>A bancada do PCdoB na C\u00e2mara dos Deputados apresentou duas emendas ao Projeto de Lei 4614\/2024, que trata do ajuste fiscal, com o objetivo de garantir a preserva\u00e7\u00e3o de direitos sociais fundamentais. As emendas visam proteger o Benef\u00edcio de Presta\u00e7\u00e3o Continuada (BPC) e assegurar a pol\u00edtica de valoriza\u00e7\u00e3o do sal\u00e1rio m\u00ednimo, reafirmando o compromisso do partido com a justi\u00e7a social e a prote\u00e7\u00e3o dos mais vulner\u00e1veis.<\/p>\n<p>A emenda relacionada ao sal\u00e1rio m\u00ednimo busca limitar no tempo as regras que restringem o reajuste real, permitindo ao Poder Executivo antecipar o t\u00e9rmino dessas limita\u00e7\u00f5es caso se comprove que j\u00e1 n\u00e3o s\u00e3o necess\u00e1rias. O l\u00edder do PCdoB na C\u00e2mara, deputado M\u00e1rcio Jerry (MA), justificou a medida ao destacar a import\u00e2ncia do sal\u00e1rio m\u00ednimo como instrumento de distribui\u00e7\u00e3o de renda e justi\u00e7a social.<\/p>\n<p>\u201cO valor do sal\u00e1rio m\u00ednimo precisa acompanhar a capacidade econ\u00f4mica do pa\u00eds, para que continue sendo uma ferramenta eficaz de combate \u00e0 desigualdade. N\u00e3o podemos permitir que regras restritivas se estendam al\u00e9m do necess\u00e1rio\u201d, afirmou o deputado.<\/p>\n<p>A segunda emenda visa suprimir dispositivos do PL que impactam negativamente o BPC. A proposta elimina mudan\u00e7as que restringem o conceito de pessoa com defici\u00eancia e a forma de c\u00e1lculo da renda familiar para concess\u00e3o do benef\u00edcio.<\/p>\n<p>A deputada Alice Portugal (PCdoB-BA) alertou para o risco de retrocessos: \u201cO projeto amea\u00e7a o sustento de fam\u00edlias com pessoas com defici\u00eancia, idosos em situa\u00e7\u00e3o de vulnerabilidade e indiv\u00edduos no espectro autista. N\u00e3o podemos aceitar que a legisla\u00e7\u00e3o retroceda em direitos t\u00e3o fundamentais\u201d.<\/p>\n<p>Entre os pontos criticados est\u00e1 a tentativa de restringir o conceito de pessoa com defici\u00eancia \u00e0 incapacidade para a vida independente e para o trabalho, o que contraria a Conven\u00e7\u00e3o Internacional sobre os Direitos das Pessoas com Defici\u00eancia, aprovada com for\u00e7a de emenda constitucional no Brasil.<\/p>\n<p>\u201cEstamos tensionando para que haja uma mudan\u00e7a no texto do projeto de lei que altera as regras de acesso ao BPC. A nossa luta \u00e9 para que esse projeto seja reavaliado e retirado. As pessoas mais pobres n\u00e3o podem pagar esta conta. Isso \u00e9 um retrocesso contra os direitos j\u00e1 garantidos na Lei de Assist\u00eancia Social. N\u00f3s n\u00e3o vamos admitir que isso aconte\u00e7a por press\u00e3o do mercado. Reafirmo meu compromisso com essa pauta\u201d, afirma a deputada Daiana Santos (PCdoB-RS).<\/p>\n<p>A emenda tamb\u00e9m impede a revoga\u00e7\u00e3o de um par\u00e1grafo que exclui benef\u00edcios assistenciais ou previdenci\u00e1rios de at\u00e9 um sal\u00e1rio m\u00ednimo do c\u00e1lculo da renda familiar para concess\u00e3o de outro BPC, evitando injusti\u00e7as que poderiam comprometer a subsist\u00eancia de idosos e pessoas com defici\u00eancia em fam\u00edlias vulner\u00e1veis.<\/p>\n<p><strong>Mobiliza\u00e7\u00e3o parlamentar e social<\/strong><\/p>\n<p>O deputado M\u00e1rcio Jerry refor\u00e7ou a necessidade de proteger esses direitos durante a tramita\u00e7\u00e3o do projeto e destacou o compromisso do PCdoB em garantir que o ajuste fiscal n\u00e3o seja feito \u00e0s custas dos mais pobres. \u201cPreservar intacto o BPC e assegurar a valoriza\u00e7\u00e3o do sal\u00e1rio m\u00ednimo s\u00e3o quest\u00f5es inegoci\u00e1veis. Estamos debatendo com o governo para evitar qualquer retrocesso\u201d, afirmou o parlamentar.<\/p>\n<p>As emendas agora ser\u00e3o analisadas no plen\u00e1rio da C\u00e2mara dos Deputados, e a bancada do PCdoB convocou a sociedade para acompanhar e pressionar pela aprova\u00e7\u00e3o das propostas, reafirmando seu compromisso com a defesa dos direitos sociais.<\/p>\n<p>O post <a href=\"https:\/\/vermelho.org.br\/2024\/12\/14\/pcdob-apresenta-emendas-para-proteger-bpc-e-salario-minimo-no-ajuste-fiscal\/\">PCdoB apresenta emendas para proteger BPC e sal\u00e1rio m\u00ednimo no ajuste fiscal<\/a> apareceu primeiro em <a href=\"https:\/\/vermelho.org.br\/\">Vermelho<\/a>.<\/p>\n<!-- Begin Yuzo --><div class='yuzo_related_post style-1'  data-version='5.12.89'><!-- without result --><div class='yuzo_clearfixed yuzo__title yuzo__title'><h3>Related Post<\/h3><\/div>\n\t\t\t\t\t\t  <div class=\"relatedthumb \" style=\"width:125px;float:left;overflow:hidden;\">  \n\t\t\t\t\t\t\t  \n\t\t\t\t\t\t\t  <a  href=\"https:\/\/redept.com.br\/blogosfera\/ibama-investiga-perda-de-fluido-de-poco-de-petroleo-na-foz-do-amazonas-instituto-arayara-aponta-riscos-e-incertezas\/\"  >\n\t\t\t\t\t\t\t\t\t  <div class=\"yuzo-img-wrap \" style=\"width: 125px;height:90px;\">\n\t\t\t\t\t\t\t\t\t\t\n\t\t\t\t\t\t\t\t\t\t<div class=\"yuzo-img\" style=\"background:url('https:\/\/redept.org\/blogosfera\/wp-content\/plugins\/yuzo-related-post\/assets\/images\/default.png') 50% 50% no-repeat;width: 125px;height:90px;margin-bottom: 5px;background-size: cover; \"><\/div>\n\t\t\t\t\t\t\t\t\t  <\/div>\n\t\t\t\t\t\t\t\t\t  \n\t\t\t\t\t\t\t\t   <span class=\"yuzo__text--title\" style=\"font-size:13px;\">Ibama investiga perda de fluido de po\u00e7o de petr\u00f3le...<\/span>\n\t\t\t\t\t\t\t  \n\t\t\t\t\t\t\t  \n\t\t\t\t\t\t\t  <\/a>\n\n\t\t\t\t\t\t  <\/div>\n\t\t\t\t\t\t  <div class=\"relatedthumb \" style=\"width:125px;float:left;overflow:hidden;\">  \n\t\t\t\t\t\t\t  \n\t\t\t\t\t\t\t  <a  href=\"https:\/\/redept.com.br\/blogosfera\/aumenta-numero-de-mortes-por-incendio-em-hong-kong-executivos-responsaveis-pela-reforma-sao-detidos\/\"  >\n\t\t\t\t\t\t\t\t\t  <div class=\"yuzo-img-wrap \" style=\"width: 125px;height:90px;\">\n\t\t\t\t\t\t\t\t\t\t\n\t\t\t\t\t\t\t\t\t\t<div class=\"yuzo-img\" style=\"background:url('https:\/\/redept.org\/blogosfera\/wp-content\/plugins\/yuzo-related-post\/assets\/images\/default.png') 50% 50% no-repeat;width: 125px;height:90px;margin-bottom: 5px;background-size: cover; \"><\/div>\n\t\t\t\t\t\t\t\t\t  <\/div>\n\t\t\t\t\t\t\t\t\t  \n\t\t\t\t\t\t\t\t   <span class=\"yuzo__text--title\" style=\"font-size:13px;\">Aumenta n\u00famero de mortes por inc\u00eandio em Hong Kong...<\/span>\n\t\t\t\t\t\t\t  \n\t\t\t\t\t\t\t  \n\t\t\t\t\t\t\t  <\/a>\n\n\t\t\t\t\t\t  <\/div>\n\t\t\t\t\t\t  <div class=\"relatedthumb \" style=\"width:125px;float:left;overflow:hidden;\">  \n\t\t\t\t\t\t\t  \n\t\t\t\t\t\t\t  <a  href=\"https:\/\/redept.com.br\/blogosfera\/morre-nos-eua-o-ator-e-o-cineasta-robert-redford-aos-89-anos\/\"  >\n\t\t\t\t\t\t\t\t\t  <div class=\"yuzo-img-wrap \" style=\"width: 125px;height:90px;\">\n\t\t\t\t\t\t\t\t\t\t\n\t\t\t\t\t\t\t\t\t\t<div class=\"yuzo-img\" style=\"background:url('https:\/\/redept.com.br\/blogosfera\/wp-content\/uploads\/2025\/09\/redford-150x150.jpg') 50% 50% no-repeat;width: 125px;height:90px;margin-bottom: 5px;background-size: cover; \"><\/div>\n\t\t\t\t\t\t\t\t\t  <\/div>\n\t\t\t\t\t\t\t\t\t  \n\t\t\t\t\t\t\t\t   <span class=\"yuzo__text--title\" style=\"font-size:13px;\">Morre nos EUA o ator e o cineasta Robert Redford, ...<\/span>\n\t\t\t\t\t\t\t  \n\t\t\t\t\t\t\t  \n\t\t\t\t\t\t\t  <\/a>\n\n\t\t\t\t\t\t  <\/div>\n\t\t\t\t\t\t  <div class=\"relatedthumb \" style=\"width:125px;float:left;overflow:hidden;\">  \n\t\t\t\t\t\t\t  \n\t\t\t\t\t\t\t  <a  href=\"https:\/\/redept.com.br\/blogosfera\/operacao-de-castro-nao-matou-suspeitos-matou-gente-como-voce-e-eu-e-por-motivo-futil\/\"  >\n\t\t\t\t\t\t\t\t\t  <div class=\"yuzo-img-wrap \" style=\"width: 125px;height:90px;\">\n\t\t\t\t\t\t\t\t\t\t\n\t\t\t\t\t\t\t\t\t\t<div class=\"yuzo-img\" style=\"background:url('https:\/\/redept.org\/blogosfera\/wp-content\/plugins\/yuzo-related-post\/assets\/images\/default.png') 50% 50% no-repeat;width: 125px;height:90px;margin-bottom: 5px;background-size: cover; \"><\/div>\n\t\t\t\t\t\t\t\t\t  <\/div>\n\t\t\t\t\t\t\t\t\t  \n\t\t\t\t\t\t\t\t   <span class=\"yuzo__text--title\" style=\"font-size:13px;\">Opera\u00e7\u00e3o de Castro n\u00e3o matou \u201csuspeitos\u201d, matou ge...<\/span>\n\t\t\t\t\t\t\t  \n\t\t\t\t\t\t\t  \n\t\t\t\t\t\t\t  <\/a>\n\n\t\t\t\t\t\t  <\/div>\n<\/div> <script>\n\t\t\t\t\t\t  jQuery(document).ready(function( $ ){\n\t\t\t\t\t\t\t\/\/jQuery('.yuzo_related_post').equalizer({ overflow : 'relatedthumb' });\n\t\t\t\t\t\t\tjQuery('.yuzo_related_post .yuzo_wraps').equalizer({ columns : '> div' });\n\t\t\t\t\t\t   })\n\t\t\t\t\t\t  <\/script> <!-- End Yuzo :) -->","protected":false},"excerpt":{"rendered":"<p>A bancada do PCdoB na C\u00e2mara dos Deputados apresentou duas emendas ao Projeto de Lei 4614\/2024, que trata do ajuste fiscal, com o objetivo de garantir a preserva\u00e7\u00e3o de direitos sociais fundamentais. As emendas visam proteger o Benef\u00edcio de Presta\u00e7\u00e3o Continuada (BPC) e assegurar a pol\u00edtica de valoriza\u00e7\u00e3o do sal\u00e1rio m\u00ednimo, reafirmando o compromisso do [&hellip;]<\/p>\n","protected":false},"author":2,"featured_media":8421,"comment_status":"closed","ping_status":"closed","sticky":false,"template":"","format":"standard","meta":{"fifu_image_url":"","fifu_image_alt":"","footnotes":""},"categories":[587,2747,301,132,2270],"tags":[],"class_list":["post-8420","post","type-post","status-publish","format-standard","has-post-thumbnail","hentry","category-ajuste-fiscal","category-beneficio-de-prestacao-continuada-bpc","category-marcio-jerry","category-politica","category-salario-minimo"],"_links":{"self":[{"href":"https:\/\/redept.com.br\/blogosfera\/wp-json\/wp\/v2\/posts\/8420","targetHints":{"allow":["GET"]}}],"collection":[{"href":"https:\/\/redept.com.br\/blogosfera\/wp-json\/wp\/v2\/posts"}],"about":[{"href":"https:\/\/redept.com.br\/blogosfera\/wp-json\/wp\/v2\/types\/post"}],"author":[{"embeddable":true,"href":"https:\/\/redept.com.br\/blogosfera\/wp-json\/wp\/v2\/users\/2"}],"replies":[{"embeddable":true,"href":"https:\/\/redept.com.br\/blogosfera\/wp-json\/wp\/v2\/comments?post=8420"}],"version-history":[{"count":0,"href":"https:\/\/redept.com.br\/blogosfera\/wp-json\/wp\/v2\/posts\/8420\/revisions"}],"wp:featuredmedia":[{"embeddable":true,"href":"https:\/\/redept.com.br\/blogosfera\/wp-json\/wp\/v2\/media\/8421"}],"wp:attachment":[{"href":"https:\/\/redept.com.br\/blogosfera\/wp-json\/wp\/v2\/media?parent=8420"}],"wp:term":[{"taxonomy":"category","embeddable":true,"href":"https:\/\/redept.com.br\/blogosfera\/wp-json\/wp\/v2\/categories?post=8420"},{"taxonomy":"post_tag","embeddable":true,"href":"https:\/\/redept.com.br\/blogosfera\/wp-json\/wp\/v2\/tags?post=8420"}],"curies":[{"name":"wp","href":"https:\/\/api.w.org\/{rel}","templated":true}]}}