{"id":8422,"date":"2024-12-14T14:46:03","date_gmt":"2024-12-14T17:46:03","guid":{"rendered":"https:\/\/redept.org\/blogosfera\/prisao-de-braga-netto-e-golpe-na-extrema-direita-e-bolsonaro-deve-ser-o-proximo-avaliam-especialistas\/"},"modified":"2024-12-14T14:46:03","modified_gmt":"2024-12-14T17:46:03","slug":"prisao-de-braga-netto-e-golpe-na-extrema-direita-e-bolsonaro-deve-ser-o-proximo-avaliam-especialistas","status":"publish","type":"post","link":"https:\/\/redept.com.br\/blogosfera\/prisao-de-braga-netto-e-golpe-na-extrema-direita-e-bolsonaro-deve-ser-o-proximo-avaliam-especialistas\/","title":{"rendered":"Pris\u00e3o de Braga Netto \u00e9 &#8216;golpe na extrema direita&#8217; e Bolsonaro deve ser o pr\u00f3ximo, avaliam especialistas"},"content":{"rendered":"<p lang=\"PT-BR\" xml:lang=\"PT-BR\">A pris\u00e3o do general Walter Souza Braga Netto, ex-ministro da Defesa e da Casa Civil do governo Bolsonaro, neste s\u00e1bado (14), \u00e9 um \u201cgolpe na extrema direita brasileira\u201d, avalia o cientista pol\u00edtico Jo\u00e3o Feres, professor da Universidade do Estado do Rio de Janeiro (UERJ). Segundo o analista, essa ala da pol\u00edtica nacional provavelmente tentar\u00e1 reagir ao fato, que traz como pren\u00fancio a pris\u00e3o de Bolsonaro.<\/p>\n<p lang=\"PT-BR\" xml:lang=\"PT-BR\">Braga Netto foi preso pela\u00a0<a href=\"https:\/\/www.brasildefato.com.br\/2024\/12\/14\/general-braga-netto-e-preso-pela-pf-por-obstruir-investigacoes-sobre-plano-de-golpe-de-estado\">Pol\u00edcia Federal (PF),<\/a>\u00a0em Copacabana, no Rio de Janeiro.\u00a0Ele havia sido indiciado no m\u00eas passado junto ao ex-presidente Jair Bolsonaro e outras 35 pessoas por participar da tentativa de golpe de Estado no pa\u00eds.\u00a0Em novembro, depois de ser indiciado no inqu\u00e9rito do golpe,\u00a0<a href=\"https:\/\/g1.globo.com\/politica\/noticia\/2024\/11\/23\/indiciado-pela-pf-braga-netto-diz-que-nunca-se-tratou-de-golpe-e-nem-de-plano-de-assassinar-alguem.ghtml\">Braga Netto disse que &#8216;nunca se tratou de golpe<\/a>&#8216;. Sua defesa ainda n\u00e3o se pronunciou sobre a pris\u00e3o. Para Feres, a t\u00e1tica da ala bolsonarista ser\u00e1 continuar negando os fatos que vierem \u00e0 tona.<\/p>\n<p xml:lang=\"PT-BR\">Para al\u00e9m das polaridades pol\u00edticas que dividem o pa\u00eds, o pesquisador defende que a condena\u00e7\u00e3o exemplar dos respons\u00e1veis pelo golpe de Estado deveria ser encampada por toda a sociedade brasileira, em nome da defesa da democracia e da identidade nacional. \u00a0<\/p>\n<p xml:lang=\"PT-BR\">\u201cIsso [golpe] poderia destruir o Brasil como comunidade pol\u00edtica, como pa\u00eds, a identidade nacional. A gente n\u00e3o ia conseguir recuperar um <em>status<\/em> de respeitabilidade como um pa\u00eds democr\u00e1tico em 100 anos ou mais\u201d, disse ao<strong> Brasil de Fato<\/strong>, que procurou especialistas para entender o que representa a pris\u00e3o de um dos principais aliados de Bolsonaro e quais devem ser os rumos das investiga\u00e7\u00f5es a partir de agora.<\/p>\n<p xml:lang=\"PT-BR\">Na vis\u00e3o do historiador e professor titular no Instituto Federal de S\u00e3o Paulo (IFSP) Val\u00e9rio Arcary, a deten\u00e7\u00e3o de Braga\u00a0Netto\u00a0sinaliza que a \u201cluta contra a <a href=\"https:\/\/www.brasildefato.com.br\/2024\/12\/11\/jose-dirceu-precisamos-de-aliancas-ao-centro-para-enfrentar-a-extrema-direita\">extrema direita<\/a> continua sendo o centro da t\u00e1tica pol\u00edtica hoje no Brasil\u201d. Mas alerta: \u201cA investiga\u00e7\u00e3o n\u00e3o pode ser interrompida na responsabiliza\u00e7\u00e3o de Braga Netto. Ela tem que avan\u00e7ar at\u00e9 o organizador, lideran\u00e7a e mandante de todo o projeto golpista, que \u00e9 Jair Bolsonaro\u201d.\u00a0<\/p>\n<p xml:lang=\"PT-BR\">J\u00e1 Clarissa Dri, cientista pol\u00edtica e pesquisadora do Instituto de Mem\u00f3ria e Direitos Humanos da Universidade Federal de Santa Catarina (UFSC), avalia que a pris\u00e3o do ex-ministro de Bolsonaro \u00e9 uma tentativa das institui\u00e7\u00f5es brasileiras de manter o regime democr\u00e1tico frente \u00e0 \u201cnarrativa ditatorial, autorit\u00e1ria e de ofensa aos direitos humanos\u201d colocada pela extrema direita.\u00a0<\/p>\n<p xml:lang=\"PT-BR\">\u201cOs riscos que a democracia brasileira corre com a extrema direita n\u00e3o s\u00e3o ilus\u00f3rios, s\u00e3o riscos reais, n\u00e3o \u00e9 s\u00f3 discurso, n\u00e3o \u00e9 s\u00f3 discurso a favor de ditador, n\u00e3o \u00e9 s\u00f3 discurso a favor de torturador, \u00e9 pr\u00e1tica golpista, \u00e9 pr\u00e1tica violenta. \u00c9 isso que essas investiga\u00e7\u00f5es s\u00e3o mostrando\u201d, explica Dri.\u00a0<\/p>\n<p xml:lang=\"PT-BR\">Quanto \u00e0 pris\u00e3o de Bolsonaro, ela n\u00e3o descarta que \u201cele deve ser um dos pr\u00f3ximos alvos\u201d. \u201cA gente vai precisar de provas, o sistema jur\u00eddico precisa de provas, mas os ind\u00edcios que a gente tem visto pela imprensa at\u00e9 o momento mostram esse envolvimento\u201d, complementa Dri. \u00a0<\/p>\n<p xml:lang=\"PT-BR\">O jornalista e analista pol\u00edtico Igor Felippe Santos tamb\u00e9m acredita que a pris\u00e3o de Braga Netto abre caminho para que o mesmo aconte\u00e7a a Bolsonaro. Ele destaca a \u201cfor\u00e7a e a robustez do inqu\u00e9rito da Pol\u00edcia Federal\u201d, que fez movimentar as institui\u00e7\u00f5es judiciais.<\/p>\n<p xml:lang=\"PT-BR\">\u201cO inqu\u00e9rito da Pol\u00edcia Federal demonstra que o Bolsonaro n\u00e3o s\u00f3 participou como coordenou a a\u00e7\u00e3o golpista para impedir a posse do Lula e do Alckmin e para retirar do STF [Supremo Tribunal Federal], o Alexandre de Moraes, por meio do assassinato de tr\u00eas lideran\u00e7as\u201d, afirma Santos. \u00a0<\/p>\n<p xml:lang=\"PT-BR\">\u201cA pris\u00e3o do Braga Netto demonstra que o sistema de justi\u00e7a est\u00e1 avan\u00e7ando no sentido de punir os militares, generais de alta patente que est\u00e3o envolvidos nesse crime. E sinaliza que o Bolsonaro, por ter deixado as digitais dele em todo esse processo, tamb\u00e9m ser\u00e1 punido, julgado e pode ser preso\u201d.\u00a0<\/p>\n<p xml:lang=\"PT-BR\">Segundo Val\u00e9rio Arcary, ap\u00f3s a \u201cvit\u00f3ria democr\u00e1tica\u201d deste s\u00e1bado (14) \u00e9 tarefa da esquerda liderar uma frente com maioria social para que o golpismo n\u00e3o permane\u00e7a impune. \u201cEssa \u00e9 a campanha pol\u00edtica central\u201d, arremata.\u00a0<\/p>\n<!-- Begin Yuzo --><div class='yuzo_related_post style-1'  data-version='5.12.89'><!-- without result --><div class='yuzo_clearfixed yuzo__title yuzo__title'><h3>Related Post<\/h3><\/div>\n\t\t\t\t\t\t  <div class=\"relatedthumb \" style=\"width:125px;float:left;overflow:hidden;\">  \n\t\t\t\t\t\t\t  \n\t\t\t\t\t\t\t  <a  href=\"https:\/\/redept.com.br\/blogosfera\/meta-derruba-paginas-do-instagram-e-facebook-de-jones-manoel-youtuber-ve-motivacoes-politicas\/\"  >\n\t\t\t\t\t\t\t\t\t  <div class=\"yuzo-img-wrap \" style=\"width: 125px;height:90px;\">\n\t\t\t\t\t\t\t\t\t\t\n\t\t\t\t\t\t\t\t\t\t<div class=\"yuzo-img\" style=\"background:url('https:\/\/redept.org\/blogosfera\/wp-content\/plugins\/yuzo-related-post\/assets\/images\/default.png') 50% 50% no-repeat;width: 125px;height:90px;margin-bottom: 5px;background-size: cover; \"><\/div>\n\t\t\t\t\t\t\t\t\t  <\/div>\n\t\t\t\t\t\t\t\t\t  \n\t\t\t\t\t\t\t\t   <span class=\"yuzo__text--title\" style=\"font-size:13px;\">Meta derruba p\u00e1ginas do Instagram e Facebook de Jo...<\/span>\n\t\t\t\t\t\t\t  \n\t\t\t\t\t\t\t  \n\t\t\t\t\t\t\t  <\/a>\n\n\t\t\t\t\t\t  <\/div>\n\t\t\t\t\t\t  <div class=\"relatedthumb \" style=\"width:125px;float:left;overflow:hidden;\">  \n\t\t\t\t\t\t\t  \n\t\t\t\t\t\t\t  <a  href=\"https:\/\/redept.com.br\/blogosfera\/lula-recebe-lucas-pinheiro-medalha-de-ouro-nos-jogos-de-inverno\/\"  >\n\t\t\t\t\t\t\t\t\t  <div class=\"yuzo-img-wrap \" style=\"width: 125px;height:90px;\">\n\t\t\t\t\t\t\t\t\t\t\n\t\t\t\t\t\t\t\t\t\t<div class=\"yuzo-img\" style=\"background:url('https:\/\/redept.org\/blogosfera\/wp-content\/plugins\/yuzo-related-post\/assets\/images\/default.png') 50% 50% no-repeat;width: 125px;height:90px;margin-bottom: 5px;background-size: cover; \"><\/div>\n\t\t\t\t\t\t\t\t\t  <\/div>\n\t\t\t\t\t\t\t\t\t  \n\t\t\t\t\t\t\t\t   <span class=\"yuzo__text--title\" style=\"font-size:13px;\">Lula recebe Lucas Pinheiro, medalha de ouro nos Jo...<\/span>\n\t\t\t\t\t\t\t  \n\t\t\t\t\t\t\t  \n\t\t\t\t\t\t\t  <\/a>\n\n\t\t\t\t\t\t  <\/div>\n\t\t\t\t\t\t  <div class=\"relatedthumb \" style=\"width:125px;float:left;overflow:hidden;\">  \n\t\t\t\t\t\t\t  \n\t\t\t\t\t\t\t  <a  href=\"https:\/\/redept.com.br\/blogosfera\/o-brasil-e-dos-brasileiros-e-o-congresso-nacional\/\"  >\n\t\t\t\t\t\t\t\t\t  <div class=\"yuzo-img-wrap \" style=\"width: 125px;height:90px;\">\n\t\t\t\t\t\t\t\t\t\t\n\t\t\t\t\t\t\t\t\t\t<div class=\"yuzo-img\" style=\"background:url('https:\/\/redept.org\/blogosfera\/wp-content\/plugins\/yuzo-related-post\/assets\/images\/default.png') 50% 50% no-repeat;width: 125px;height:90px;margin-bottom: 5px;background-size: cover; \"><\/div>\n\t\t\t\t\t\t\t\t\t  <\/div>\n\t\t\t\t\t\t\t\t\t  \n\t\t\t\t\t\t\t\t   <span class=\"yuzo__text--title\" style=\"font-size:13px;\">O Brasil \u00e9 dos brasileiros; e o Congresso Nacional...<\/span>\n\t\t\t\t\t\t\t  \n\t\t\t\t\t\t\t  \n\t\t\t\t\t\t\t  <\/a>\n\n\t\t\t\t\t\t  <\/div>\n\t\t\t\t\t\t  <div class=\"relatedthumb \" style=\"width:125px;float:left;overflow:hidden;\">  \n\t\t\t\t\t\t\t  \n\t\t\t\t\t\t\t  <a  href=\"https:\/\/redept.com.br\/blogosfera\/por-eleicoes-bets-e-fintechs-camara-briga-com-lula-e-com-o-pais\/\"  >\n\t\t\t\t\t\t\t\t\t  <div class=\"yuzo-img-wrap \" style=\"width: 125px;height:90px;\">\n\t\t\t\t\t\t\t\t\t\t\n\t\t\t\t\t\t\t\t\t\t<div class=\"yuzo-img\" style=\"background:url('https:\/\/redept.org\/blogosfera\/wp-content\/plugins\/yuzo-related-post\/assets\/images\/default.png') 50% 50% no-repeat;width: 125px;height:90px;margin-bottom: 5px;background-size: cover; \"><\/div>\n\t\t\t\t\t\t\t\t\t  <\/div>\n\t\t\t\t\t\t\t\t\t  \n\t\t\t\t\t\t\t\t   <span class=\"yuzo__text--title\" style=\"font-size:13px;\">Por elei\u00e7\u00f5es, bets e fintechs, C\u00e2mara briga com Lu...<\/span>\n\t\t\t\t\t\t\t  \n\t\t\t\t\t\t\t  \n\t\t\t\t\t\t\t  <\/a>\n\n\t\t\t\t\t\t  <\/div>\n<\/div> <script>\n\t\t\t\t\t\t  jQuery(document).ready(function( $ ){\n\t\t\t\t\t\t\t\/\/jQuery('.yuzo_related_post').equalizer({ overflow : 'relatedthumb' });\n\t\t\t\t\t\t\tjQuery('.yuzo_related_post .yuzo_wraps').equalizer({ columns : '> div' });\n\t\t\t\t\t\t   })\n\t\t\t\t\t\t  <\/script> <!-- End Yuzo :) -->","protected":false},"excerpt":{"rendered":"<p>A pris\u00e3o do general Walter Souza Braga Netto, ex-ministro da Defesa e da Casa Civil do governo Bolsonaro, neste s\u00e1bado (14), \u00e9 um \u201cgolpe na extrema direita brasileira\u201d, avalia o cientista pol\u00edtico Jo\u00e3o Feres, professor da Universidade do Estado do Rio de Janeiro (UERJ). Segundo o analista, essa ala da pol\u00edtica nacional provavelmente tentar\u00e1 reagir [&hellip;]<\/p>\n","protected":false},"author":2,"featured_media":0,"comment_status":"closed","ping_status":"closed","sticky":false,"template":"","format":"standard","meta":{"fifu_image_url":"","fifu_image_alt":"","footnotes":""},"categories":[1],"tags":[],"class_list":["post-8422","post","type-post","status-publish","format-standard","hentry","category-uncategorized"],"_links":{"self":[{"href":"https:\/\/redept.com.br\/blogosfera\/wp-json\/wp\/v2\/posts\/8422","targetHints":{"allow":["GET"]}}],"collection":[{"href":"https:\/\/redept.com.br\/blogosfera\/wp-json\/wp\/v2\/posts"}],"about":[{"href":"https:\/\/redept.com.br\/blogosfera\/wp-json\/wp\/v2\/types\/post"}],"author":[{"embeddable":true,"href":"https:\/\/redept.com.br\/blogosfera\/wp-json\/wp\/v2\/users\/2"}],"replies":[{"embeddable":true,"href":"https:\/\/redept.com.br\/blogosfera\/wp-json\/wp\/v2\/comments?post=8422"}],"version-history":[{"count":0,"href":"https:\/\/redept.com.br\/blogosfera\/wp-json\/wp\/v2\/posts\/8422\/revisions"}],"wp:attachment":[{"href":"https:\/\/redept.com.br\/blogosfera\/wp-json\/wp\/v2\/media?parent=8422"}],"wp:term":[{"taxonomy":"category","embeddable":true,"href":"https:\/\/redept.com.br\/blogosfera\/wp-json\/wp\/v2\/categories?post=8422"},{"taxonomy":"post_tag","embeddable":true,"href":"https:\/\/redept.com.br\/blogosfera\/wp-json\/wp\/v2\/tags?post=8422"}],"curies":[{"name":"wp","href":"https:\/\/api.w.org\/{rel}","templated":true}]}}