{"id":8423,"date":"2024-12-14T15:05:42","date_gmt":"2024-12-14T18:05:42","guid":{"rendered":"https:\/\/redept.org\/blogosfera\/tre-sp-forma-maioria-para-cassar-mandato-de-carla-zambelli-por-fake-news\/"},"modified":"2024-12-14T15:05:42","modified_gmt":"2024-12-14T18:05:42","slug":"tre-sp-forma-maioria-para-cassar-mandato-de-carla-zambelli-por-fake-news","status":"publish","type":"post","link":"https:\/\/redept.com.br\/blogosfera\/tre-sp-forma-maioria-para-cassar-mandato-de-carla-zambelli-por-fake-news\/","title":{"rendered":"TRE-SP forma maioria para cassar mandato de Carla Zambelli por fake news"},"content":{"rendered":"<p><img fetchpriority=\"high\" width=\"750\" height=\"450\"src=\"https:\/\/redept.org\/blogosfera\/wp-content\/uploads\/2024\/12\/CarlaZambelli.jpeg\" alt=\"\" decoding=\"async\" srcset=\"https:\/\/redept.org\/blogosfera\/wp-content\/uploads\/2024\/12\/CarlaZambelli.jpeg 750w, https:\/\/vermelho.org.br\/wp-content\/uploads\/2024\/12\/CarlaZambelli-300x180.jpeg 300w\" sizes=\"(max-width: 750px) 100vw, 750px\"><\/p>\n<p>O Tribunal Regional Eleitoral de S\u00e3o Paulo (TRE-SP) formou maioria nesta sexta-feira (13) para cassar o mandato da deputada federal Carla Zambelli (PL-SP) e torn\u00e1-la ineleg\u00edvel at\u00e9 2030. A decis\u00e3o foi motivada pela divulga\u00e7\u00e3o de informa\u00e7\u00f5es falsas relacionadas \u00e0s elei\u00e7\u00f5es de 2022.<\/p>\n<p>A a\u00e7\u00e3o foi movida pela deputada S\u00e2mia Bomfim (Psol-SP), e quatro dos sete ju\u00edzes j\u00e1 votaram contra a deputada. O julgamento foi interrompido ap\u00f3s um pedido de vista da ju\u00edza Maria Cl\u00e1udia Bedotti. Apesar da interrup\u00e7\u00e3o, a tend\u00eancia indica a cassa\u00e7\u00e3o do mandato e a inelegibilidade da parlamentar. Zambelli ainda poder\u00e1 recorrer ao Tribunal Superior Eleitoral (TSE).<\/p>\n<p><strong>Leia tamb\u00e9m:<\/strong> <a href=\"https:\/\/vermelho.org.br\/2024\/07\/25\/pf-investigara-participacao-de-carla-zambelli-numa-tentativa-de-golpe\/\">PF investigar\u00e1 Carla Zambelli por atos golpistas<\/a><\/p>\n<p>A acusa\u00e7\u00e3o se baseia em publica\u00e7\u00f5es nas redes sociais feitas por Zambelli durante o per\u00edodo eleitoral, contendo ataques ao sistema de vota\u00e7\u00e3o eletr\u00f4nica e aos ministros do Supremo Tribunal Federal (STF). O desembargador Encinas Mafr\u00e9, em seu voto pela condena\u00e7\u00e3o, destacou o \u201cabuso da liberdade de express\u00e3o e ato de evidente m\u00e1-f\u00e9\u201d. Uma das postagens citadas afirmava, sem provas, que urnas eletr\u00f4nicas em Itapeva, cidade do interior paulista, haviam sido manipuladas.<\/p>\n<p>Em nota, Zambelli diz que \u201cnada mudou\u201d e que \u201cisso ainda pode ser revertido, com o pedido de vista que foi feito\u201d, declarou a deputada.<\/p>\n<p>__<\/p>\n<p><em>com ag\u00eancias<\/em><\/p>\n<\/p>\n<p>O post <a href=\"https:\/\/vermelho.org.br\/2024\/12\/14\/tre-sp-forma-maioria-para-cassar-mandato-de-carla-zambelli-por-fake-news\/\">TRE-SP forma maioria para cassar mandato de Carla Zambelli por fake news<\/a> apareceu primeiro em <a href=\"https:\/\/vermelho.org.br\/\">Vermelho<\/a>.<\/p>\n<!-- Begin Yuzo --><div class='yuzo_related_post style-1'  data-version='5.12.89'><!-- without result --><div class='yuzo_clearfixed yuzo__title yuzo__title'><h3>Related Post<\/h3><\/div>\n\t\t\t\t\t\t  <div class=\"relatedthumb \" style=\"width:125px;float:left;overflow:hidden;\">  \n\t\t\t\t\t\t\t  \n\t\t\t\t\t\t\t  <a  href=\"https:\/\/redept.com.br\/blogosfera\/a-janela-brasileira-para-o-fim-da-escala-6x1\/\"  >\n\t\t\t\t\t\t\t\t\t  <div class=\"yuzo-img-wrap \" style=\"width: 125px;height:90px;\">\n\t\t\t\t\t\t\t\t\t\t\n\t\t\t\t\t\t\t\t\t\t<div class=\"yuzo-img\" style=\"background:url('https:\/\/redept.com.br\/blogosfera\/wp-content\/uploads\/2026\/04\/manifestaccca7acc83o-jornada6x1-150x150.jpg') 50% 50% no-repeat;width: 125px;height:90px;margin-bottom: 5px;background-size: cover; \"><\/div>\n\t\t\t\t\t\t\t\t\t  <\/div>\n\t\t\t\t\t\t\t\t\t  \n\t\t\t\t\t\t\t\t   <span class=\"yuzo__text--title\" style=\"font-size:13px;\">A janela brasileira para o fim da escala 6\u00d71<\/span>\n\t\t\t\t\t\t\t  \n\t\t\t\t\t\t\t  \n\t\t\t\t\t\t\t  <\/a>\n\n\t\t\t\t\t\t  <\/div>\n\t\t\t\t\t\t  <div class=\"relatedthumb \" style=\"width:125px;float:left;overflow:hidden;\">  \n\t\t\t\t\t\t\t  \n\t\t\t\t\t\t\t  <a  href=\"https:\/\/redept.com.br\/blogosfera\/o-cristo-e-a-floresta-da-tijuca-pertencem-ao-povo-brasileiro\/\"  >\n\t\t\t\t\t\t\t\t\t  <div class=\"yuzo-img-wrap \" style=\"width: 125px;height:90px;\">\n\t\t\t\t\t\t\t\t\t\t\n\t\t\t\t\t\t\t\t\t\t<div class=\"yuzo-img\" style=\"background:url('https:\/\/redept.com.br\/blogosfera\/wp-content\/uploads\/2025\/04\/parnatijuca_vista001-900x570-1-150x150.jpg') 50% 50% no-repeat;width: 125px;height:90px;margin-bottom: 5px;background-size: cover; \"><\/div>\n\t\t\t\t\t\t\t\t\t  <\/div>\n\t\t\t\t\t\t\t\t\t  \n\t\t\t\t\t\t\t\t   <span class=\"yuzo__text--title\" style=\"font-size:13px;\">O Cristo e a Floresta da Tijuca pertencem ao povo ...<\/span>\n\t\t\t\t\t\t\t  \n\t\t\t\t\t\t\t  \n\t\t\t\t\t\t\t  <\/a>\n\n\t\t\t\t\t\t  <\/div>\n\t\t\t\t\t\t  <div class=\"relatedthumb \" style=\"width:125px;float:left;overflow:hidden;\">  \n\t\t\t\t\t\t\t  \n\t\t\t\t\t\t\t  <a  href=\"https:\/\/redept.com.br\/blogosfera\/camara-de-porto-alegre-aprova-cota-para-pessoas-trans-em-concursos-e-estagios\/\"  >\n\t\t\t\t\t\t\t\t\t  <div class=\"yuzo-img-wrap \" style=\"width: 125px;height:90px;\">\n\t\t\t\t\t\t\t\t\t\t\n\t\t\t\t\t\t\t\t\t\t<div class=\"yuzo-img\" style=\"background:url('https:\/\/redept.com.br\/blogosfera\/wp-content\/uploads\/2025\/08\/image-1-16-150x128.png') 50% 50% no-repeat;width: 125px;height:90px;margin-bottom: 5px;background-size: cover; \"><\/div>\n\t\t\t\t\t\t\t\t\t  <\/div>\n\t\t\t\t\t\t\t\t\t  \n\t\t\t\t\t\t\t\t   <span class=\"yuzo__text--title\" style=\"font-size:13px;\">C\u00e2mara de Porto Alegre aprova cota para pessoas tr...<\/span>\n\t\t\t\t\t\t\t  \n\t\t\t\t\t\t\t  \n\t\t\t\t\t\t\t  <\/a>\n\n\t\t\t\t\t\t  <\/div>\n\t\t\t\t\t\t  <div class=\"relatedthumb \" style=\"width:125px;float:left;overflow:hidden;\">  \n\t\t\t\t\t\t\t  \n\t\t\t\t\t\t\t  <a  href=\"https:\/\/redept.com.br\/blogosfera\/inss-11-milhao-de-aposentados-serao-ressarcidos-ate-quarta\/\"  >\n\t\t\t\t\t\t\t\t\t  <div class=\"yuzo-img-wrap \" style=\"width: 125px;height:90px;\">\n\t\t\t\t\t\t\t\t\t\t\n\t\t\t\t\t\t\t\t\t\t<div class=\"yuzo-img\" style=\"background:url('https:\/\/redept.org\/blogosfera\/wp-content\/plugins\/yuzo-related-post\/assets\/images\/default.png') 50% 50% no-repeat;width: 125px;height:90px;margin-bottom: 5px;background-size: cover; \"><\/div>\n\t\t\t\t\t\t\t\t\t  <\/div>\n\t\t\t\t\t\t\t\t\t  \n\t\t\t\t\t\t\t\t   <span class=\"yuzo__text--title\" style=\"font-size:13px;\">INSS: 1,1 milh\u00e3o de aposentados ser\u00e3o ressarcidos ...<\/span>\n\t\t\t\t\t\t\t  \n\t\t\t\t\t\t\t  \n\t\t\t\t\t\t\t  <\/a>\n\n\t\t\t\t\t\t  <\/div>\n<\/div> <script>\n\t\t\t\t\t\t  jQuery(document).ready(function( $ ){\n\t\t\t\t\t\t\t\/\/jQuery('.yuzo_related_post').equalizer({ overflow : 'relatedthumb' });\n\t\t\t\t\t\t\tjQuery('.yuzo_related_post .yuzo_wraps').equalizer({ columns : '> div' });\n\t\t\t\t\t\t   })\n\t\t\t\t\t\t  <\/script> <!-- End Yuzo :) -->","protected":false},"excerpt":{"rendered":"<p>O Tribunal Regional Eleitoral de S\u00e3o Paulo (TRE-SP) formou maioria nesta sexta-feira (13) para cassar o mandato da deputada federal Carla Zambelli (PL-SP) e torn\u00e1-la ineleg\u00edvel at\u00e9 2030. A decis\u00e3o foi motivada pela divulga\u00e7\u00e3o de informa\u00e7\u00f5es falsas relacionadas \u00e0s elei\u00e7\u00f5es de 2022. A a\u00e7\u00e3o foi movida pela deputada S\u00e2mia Bomfim (Psol-SP), e quatro dos sete [&hellip;]<\/p>\n","protected":false},"author":2,"featured_media":8424,"comment_status":"closed","ping_status":"closed","sticky":false,"template":"","format":"standard","meta":{"fifu_image_url":"","fifu_image_alt":"","footnotes":""},"categories":[258,2748,356,288],"tags":[],"class_list":["post-8423","post","type-post","status-publish","format-standard","has-post-thumbnail","hentry","category-carla-zambelli","category-cassacao-de-mandato","category-fake-news","category-justica"],"_links":{"self":[{"href":"https:\/\/redept.com.br\/blogosfera\/wp-json\/wp\/v2\/posts\/8423","targetHints":{"allow":["GET"]}}],"collection":[{"href":"https:\/\/redept.com.br\/blogosfera\/wp-json\/wp\/v2\/posts"}],"about":[{"href":"https:\/\/redept.com.br\/blogosfera\/wp-json\/wp\/v2\/types\/post"}],"author":[{"embeddable":true,"href":"https:\/\/redept.com.br\/blogosfera\/wp-json\/wp\/v2\/users\/2"}],"replies":[{"embeddable":true,"href":"https:\/\/redept.com.br\/blogosfera\/wp-json\/wp\/v2\/comments?post=8423"}],"version-history":[{"count":0,"href":"https:\/\/redept.com.br\/blogosfera\/wp-json\/wp\/v2\/posts\/8423\/revisions"}],"wp:featuredmedia":[{"embeddable":true,"href":"https:\/\/redept.com.br\/blogosfera\/wp-json\/wp\/v2\/media\/8424"}],"wp:attachment":[{"href":"https:\/\/redept.com.br\/blogosfera\/wp-json\/wp\/v2\/media?parent=8423"}],"wp:term":[{"taxonomy":"category","embeddable":true,"href":"https:\/\/redept.com.br\/blogosfera\/wp-json\/wp\/v2\/categories?post=8423"},{"taxonomy":"post_tag","embeddable":true,"href":"https:\/\/redept.com.br\/blogosfera\/wp-json\/wp\/v2\/tags?post=8423"}],"curies":[{"name":"wp","href":"https:\/\/api.w.org\/{rel}","templated":true}]}}