{"id":8425,"date":"2024-12-14T16:23:10","date_gmt":"2024-12-14T19:23:10","guid":{"rendered":"https:\/\/redept.org\/blogosfera\/quem-e-braga-netto-e-o-que-se-sabe-a-respeito-da-prisao-do-ex-ministro-de-bolsonaro\/"},"modified":"2024-12-14T16:23:10","modified_gmt":"2024-12-14T19:23:10","slug":"quem-e-braga-netto-e-o-que-se-sabe-a-respeito-da-prisao-do-ex-ministro-de-bolsonaro","status":"publish","type":"post","link":"https:\/\/redept.com.br\/blogosfera\/quem-e-braga-netto-e-o-que-se-sabe-a-respeito-da-prisao-do-ex-ministro-de-bolsonaro\/","title":{"rendered":"Quem \u00e9 Braga Netto e o que se sabe a respeito da pris\u00e3o do ex-ministro de Bolsonaro"},"content":{"rendered":"<p lang=\"PT-BR\" xml:lang=\"PT-BR\">Pela primeira vez na hist\u00f3ria brasileira, um general de quatro estrelas \u00e9 preso. O ministro Alexandre de Moraes descreve Walter Souza Braga Netto como um investigado de &#8220;extrema periculosidade&#8221; na <a href=\"https:\/\/www.brasildefato.com.br\/2024\/12\/14\/braga-netto-tentou-obter-dados-de-delacao-de-mauro-cid\">decis\u00e3o em que ordenou sua pris\u00e3o<\/a>\u00a0pela Pol\u00edcia Federal (PF) neste s\u00e1bado (14), no Rio de Janeiro (RJ).\u00a0<\/p>\n<p lang=\"PT-BR\" xml:lang=\"PT-BR\">O ministro do STF aponta &#8220;ind\u00edcios suficientes&#8221; de que o ex-ministro do governo Bolsonaro\u00a0atuou e ajudou a financiar o golpe de Estado no pa\u00eds, incluindo o plano para assassinar o pr\u00f3prio Moraes e o presidente Luiz In\u00e1cio Lula da Silva antes da sua posse.\u00a0<\/p>\n<p lang=\"PT-BR\" xml:lang=\"PT-BR\">A pris\u00e3o preventiva foi decretada com base nas informa\u00e7\u00f5es relatadas pela PF de que <a href=\"https:\/\/www.brasildefato.com.br\/2024\/12\/14\/prisao-de-braga-netto-e-golpe-na-extrema-direita-e-bolsonaro-deve-ser-o-proximo-avaliam-especialistas\">Braga Netto<\/a> tentou obter informa\u00e7\u00f5es sigilosas e obstruir as investiga\u00e7\u00f5es.\u00a0Moraes menciona o &#8220;perigo gerado pelo estado de liberdade&#8221; do general &#8220;em constante tentativa de embara\u00e7o \u00e0s investiga\u00e7\u00f5es&#8221;.\u00a0<\/p>\n<p lang=\"PT-BR\" xml:lang=\"PT-BR\">Braga Netto passar\u00e1 neste s\u00e1bado (14) por uma\u00a0audi\u00eancia de cust\u00f3dia, por videoconfer\u00eancia, para verificar as condi\u00e7\u00f5es de sua pris\u00e3o. Ele ficar\u00e1 em cela especial na 1\u00aa Divis\u00e3o do Ex\u00e9rcito, na zona oeste do Rio.\u00a0<\/p>\n<p lang=\"PT-BR\" xml:lang=\"PT-BR\">A pris\u00e3o preventiva \u00e9 aplicada no curso da investiga\u00e7\u00e3o do inqu\u00e9rito sobre o plano golpista, antes da condena\u00e7\u00e3o final. Ela depende do entendimento da Justi\u00e7a e n\u00e3o tem data para acabar.\u00a0<\/p>\n<p lang=\"PT-BR\" xml:lang=\"PT-BR\">O general deve prestar novo depoimento \u00e0 Pol\u00edcia Federal durante a pr\u00f3xima semana e comentar os motivos da pris\u00e3o, como a tentativa de obstruir as investiga\u00e7\u00f5es.\u00a0<\/p>\n<p lang=\"PT-BR\" xml:lang=\"PT-BR\"><strong>A investiga\u00e7\u00e3o\u00a0<\/strong><\/p>\n<p lang=\"PT-BR\" xml:lang=\"PT-BR\">A PF\u00a0investiga, desde o ano passado, uma tentativa de golpe de Estado no Brasil. O inqu\u00e9rito final aponta que uma organiza\u00e7\u00e3o criminosa\u00a0atuou de forma coordenada na tentativa de manter o ex-presidente Jair Bolsonaro no poder ap\u00f3s derrota na elei\u00e7\u00e3o de 2022.\u00a0<\/p>\n<p lang=\"PT-BR\" xml:lang=\"PT-BR\">Em novembro,\u00a037 pessoas foram indiciadas\u00a0suspeitas de golpe de Estado, organiza\u00e7\u00e3o criminosa e aboli\u00e7\u00e3o violenta do Estado Democr\u00e1tico de Direito, incluindo Bolsonaro. Na \u00faltima semana, <a href=\"http:\/\/pf%20indicia%20mais%20tr%C3%AAs%20investigados%20no%20inqu%C3%A9rito%20do%20golpe%20de%20estado\/\">outras tr\u00eas pessoas foram indicadas<\/a>, totalizando 40.\u00a0<\/p>\n<p lang=\"PT-BR\" xml:lang=\"PT-BR\">Ao pedir a pris\u00e3o preventiva de Braga Netto neste s\u00e1bado, a PF argumentou que o ex-ministro bolsonarista representa um risco \u00e0 ordem p\u00fablicas por uma s\u00e9rie de motivos, entre eles: coordenar a\u00e7\u00f5es il\u00edcitas executadas por militares com forma\u00e7\u00e3o em For\u00e7as Especiais (&#8220;kids pretos&#8221;);\u00a0entregar dinheiro em para financiar as opera\u00e7\u00f5es em uma sacola de vinho; tentar obter dados sigilosos a partir do depoimento de Mauro Cid, ex-ajudante de ordens de Bolsonaro;\u00a0coordenar\u00a0a tentativa de pris\u00e3o e execu\u00e7\u00e3o do ministro do Supremo Tribunal Federal Alexandre de Moraes.\u00a0<\/p>\n<p lang=\"PT-BR\" xml:lang=\"PT-BR\"><strong>Quem \u00e9 Braga Netto\u00a0<\/strong><\/p>\n<p lang=\"PT-BR\" xml:lang=\"PT-BR\">Nascido em Belo Horizonte (MG), Braga Netto \u00e9 general da reserva do Ex\u00e9rcito e ex-ministro-chefe da Casa Civil e da Defesa do governo Bolsonaro. Ele tamb\u00e9m foi candidato a vice na chapa bolsonarista em 2022, quando o\u00a0ex-presidente buscava a reelei\u00e7\u00e3o e foi derrotado. \u00a0<\/p>\n<p lang=\"PT-BR\" xml:lang=\"PT-BR\">O militar tem 67 anos e entrou para o Ex\u00e9rcito em 1975. Em 2018, durante o governo de Michel Temer (MDB), foi nomeado interventor da Seguran\u00e7a no Rio de Janeiro, comandando as pol\u00edcias Civil e Militar, o Corpo de Bombeiros e o sistema penitenci\u00e1rio do estado.\u00a0<\/p>\n<p lang=\"PT-BR\" xml:lang=\"PT-BR\">Braga Netto entrou no governo Bolsonaro em fevereiro de 2020 como ministro da Casa Civil. No ano seguinte, assumiu o Minist\u00e9rio da Defesa. Um ano depois, deixou o minist\u00e9rio\u00a0para concorrer \u00e0s elei\u00e7\u00f5es de 2022.<\/p>\n<!-- Begin Yuzo --><div class='yuzo_related_post style-1'  data-version='5.12.89'><!-- without result --><div class='yuzo_clearfixed yuzo__title yuzo__title'><h3>Related Post<\/h3><\/div>\n\t\t\t\t\t\t  <div class=\"relatedthumb \" style=\"width:125px;float:left;overflow:hidden;\">  \n\t\t\t\t\t\t\t  \n\t\t\t\t\t\t\t  <a  href=\"https:\/\/redept.com.br\/blogosfera\/posicionamento-enviado-para-reportagem-sobre-avanco-do-litio-na-amazonia\/\"  >\n\t\t\t\t\t\t\t\t\t  <div class=\"yuzo-img-wrap \" style=\"width: 125px;height:90px;\">\n\t\t\t\t\t\t\t\t\t\t\n\t\t\t\t\t\t\t\t\t\t<div class=\"yuzo-img\" style=\"background:url('https:\/\/redept.org\/blogosfera\/wp-content\/plugins\/yuzo-related-post\/assets\/images\/default.png') 50% 50% no-repeat;width: 125px;height:90px;margin-bottom: 5px;background-size: cover; \"><\/div>\n\t\t\t\t\t\t\t\t\t  <\/div>\n\t\t\t\t\t\t\t\t\t  \n\t\t\t\t\t\t\t\t   <span class=\"yuzo__text--title\" style=\"font-size:13px;\">Posicionamento enviado para reportagem sobre avan\u00e7...<\/span>\n\t\t\t\t\t\t\t  \n\t\t\t\t\t\t\t  \n\t\t\t\t\t\t\t  <\/a>\n\n\t\t\t\t\t\t  <\/div>\n\t\t\t\t\t\t  <div class=\"relatedthumb \" style=\"width:125px;float:left;overflow:hidden;\">  \n\t\t\t\t\t\t\t  \n\t\t\t\t\t\t\t  <a  href=\"https:\/\/redept.com.br\/blogosfera\/plano-dos-eua-para-gaza-preve-controle-do-territorio-por-10-anos-diz-washington-post\/\"  >\n\t\t\t\t\t\t\t\t\t  <div class=\"yuzo-img-wrap \" style=\"width: 125px;height:90px;\">\n\t\t\t\t\t\t\t\t\t\t\n\t\t\t\t\t\t\t\t\t\t<div class=\"yuzo-img\" style=\"background:url('https:\/\/redept.com.br\/blogosfera\/wp-content\/uploads\/2025\/09\/54437654628_ca67fd1197_c-150x150.jpg') 50% 50% no-repeat;width: 125px;height:90px;margin-bottom: 5px;background-size: cover; \"><\/div>\n\t\t\t\t\t\t\t\t\t  <\/div>\n\t\t\t\t\t\t\t\t\t  \n\t\t\t\t\t\t\t\t   <span class=\"yuzo__text--title\" style=\"font-size:13px;\">Plano dos EUA para Gaza prev\u00ea controle do territ\u00f3r...<\/span>\n\t\t\t\t\t\t\t  \n\t\t\t\t\t\t\t  \n\t\t\t\t\t\t\t  <\/a>\n\n\t\t\t\t\t\t  <\/div>\n\t\t\t\t\t\t  <div class=\"relatedthumb \" style=\"width:125px;float:left;overflow:hidden;\">  \n\t\t\t\t\t\t\t  \n\t\t\t\t\t\t\t  <a  href=\"https:\/\/redept.com.br\/blogosfera\/malafaia-defende-glauber-braga-e-enfurece-bolsonaristas\/\"  >\n\t\t\t\t\t\t\t\t\t  <div class=\"yuzo-img-wrap \" style=\"width: 125px;height:90px;\">\n\t\t\t\t\t\t\t\t\t\t\n\t\t\t\t\t\t\t\t\t\t<div class=\"yuzo-img\" style=\"background:url('https:\/\/redept.org\/blogosfera\/wp-content\/plugins\/yuzo-related-post\/assets\/images\/default.png') 50% 50% no-repeat;width: 125px;height:90px;margin-bottom: 5px;background-size: cover; \"><\/div>\n\t\t\t\t\t\t\t\t\t  <\/div>\n\t\t\t\t\t\t\t\t\t  \n\t\t\t\t\t\t\t\t   <span class=\"yuzo__text--title\" style=\"font-size:13px;\">Malafaia defende Glauber Braga e enfurece bolsonar...<\/span>\n\t\t\t\t\t\t\t  \n\t\t\t\t\t\t\t  \n\t\t\t\t\t\t\t  <\/a>\n\n\t\t\t\t\t\t  <\/div>\n\t\t\t\t\t\t  <div class=\"relatedthumb \" style=\"width:125px;float:left;overflow:hidden;\">  \n\t\t\t\t\t\t\t  \n\t\t\t\t\t\t\t  <a  href=\"https:\/\/redept.com.br\/blogosfera\/inspirado-no-lula-livre-movimentos-argentinos-lancam-campanha-global-cristina-livre-contra-lawfare\/\"  >\n\t\t\t\t\t\t\t\t\t  <div class=\"yuzo-img-wrap \" style=\"width: 125px;height:90px;\">\n\t\t\t\t\t\t\t\t\t\t\n\t\t\t\t\t\t\t\t\t\t<div class=\"yuzo-img\" style=\"background:url('https:\/\/redept.org\/blogosfera\/wp-content\/plugins\/yuzo-related-post\/assets\/images\/default.png') 50% 50% no-repeat;width: 125px;height:90px;margin-bottom: 5px;background-size: cover; \"><\/div>\n\t\t\t\t\t\t\t\t\t  <\/div>\n\t\t\t\t\t\t\t\t\t  \n\t\t\t\t\t\t\t\t   <span class=\"yuzo__text--title\" style=\"font-size:13px;\">Inspirado no \u2018Lula Livre\u2019, movimentos argentinos l...<\/span>\n\t\t\t\t\t\t\t  \n\t\t\t\t\t\t\t  \n\t\t\t\t\t\t\t  <\/a>\n\n\t\t\t\t\t\t  <\/div>\n<\/div> <script>\n\t\t\t\t\t\t  jQuery(document).ready(function( $ ){\n\t\t\t\t\t\t\t\/\/jQuery('.yuzo_related_post').equalizer({ overflow : 'relatedthumb' });\n\t\t\t\t\t\t\tjQuery('.yuzo_related_post .yuzo_wraps').equalizer({ columns : '> div' });\n\t\t\t\t\t\t   })\n\t\t\t\t\t\t  <\/script> <!-- End Yuzo :) -->","protected":false},"excerpt":{"rendered":"<p>Pela primeira vez na hist\u00f3ria brasileira, um general de quatro estrelas \u00e9 preso. O ministro Alexandre de Moraes descreve Walter Souza Braga Netto como um investigado de &#8220;extrema periculosidade&#8221; na decis\u00e3o em que ordenou sua pris\u00e3o\u00a0pela Pol\u00edcia Federal (PF) neste s\u00e1bado (14), no Rio de Janeiro (RJ).\u00a0 O ministro do STF aponta &#8220;ind\u00edcios suficientes&#8221; de [&hellip;]<\/p>\n","protected":false},"author":2,"featured_media":0,"comment_status":"closed","ping_status":"closed","sticky":false,"template":"","format":"standard","meta":{"fifu_image_url":"","fifu_image_alt":"","footnotes":""},"categories":[1],"tags":[],"class_list":["post-8425","post","type-post","status-publish","format-standard","hentry","category-uncategorized"],"_links":{"self":[{"href":"https:\/\/redept.com.br\/blogosfera\/wp-json\/wp\/v2\/posts\/8425","targetHints":{"allow":["GET"]}}],"collection":[{"href":"https:\/\/redept.com.br\/blogosfera\/wp-json\/wp\/v2\/posts"}],"about":[{"href":"https:\/\/redept.com.br\/blogosfera\/wp-json\/wp\/v2\/types\/post"}],"author":[{"embeddable":true,"href":"https:\/\/redept.com.br\/blogosfera\/wp-json\/wp\/v2\/users\/2"}],"replies":[{"embeddable":true,"href":"https:\/\/redept.com.br\/blogosfera\/wp-json\/wp\/v2\/comments?post=8425"}],"version-history":[{"count":0,"href":"https:\/\/redept.com.br\/blogosfera\/wp-json\/wp\/v2\/posts\/8425\/revisions"}],"wp:attachment":[{"href":"https:\/\/redept.com.br\/blogosfera\/wp-json\/wp\/v2\/media?parent=8425"}],"wp:term":[{"taxonomy":"category","embeddable":true,"href":"https:\/\/redept.com.br\/blogosfera\/wp-json\/wp\/v2\/categories?post=8425"},{"taxonomy":"post_tag","embeddable":true,"href":"https:\/\/redept.com.br\/blogosfera\/wp-json\/wp\/v2\/tags?post=8425"}],"curies":[{"name":"wp","href":"https:\/\/api.w.org\/{rel}","templated":true}]}}