{"id":8426,"date":"2024-12-14T18:08:02","date_gmt":"2024-12-14T21:08:02","guid":{"rendered":"https:\/\/redept.org\/blogosfera\/mst-do-mato-grosso-realiza-29o-encontro-estadual-reunindo-a-militancia-do-estado\/"},"modified":"2024-12-14T18:08:02","modified_gmt":"2024-12-14T21:08:02","slug":"mst-do-mato-grosso-realiza-29o-encontro-estadual-reunindo-a-militancia-do-estado","status":"publish","type":"post","link":"https:\/\/redept.com.br\/blogosfera\/mst-do-mato-grosso-realiza-29o-encontro-estadual-reunindo-a-militancia-do-estado\/","title":{"rendered":"MST do Mato Grosso realiza 29\u00ba Encontro Estadual reunindo a milit\u00e2ncia do estado"},"content":{"rendered":"<figure><img fetchpriority=\"high\" fetchpriority=\"high\" decoding=\"async\" width=\"1024\" height=\"768\" src=\"https:\/\/redept.org\/blogosfera\/wp-content\/uploads\/2024\/12\/WhatsApp-Image-2024-12-14-at-13.13.28-1-1024x768-1.jpeg\" alt=\"\" srcset=\"https:\/\/redept.org\/blogosfera\/wp-content\/uploads\/2024\/12\/WhatsApp-Image-2024-12-14-at-13.13.28-1-1024x768-1.jpeg 1024w, https:\/\/mst.org.br\/wp-content\/uploads\/2024\/12\/WhatsApp-Image-2024-12-14-at-13.13.28-1-300x225.jpeg 300w, https:\/\/mst.org.br\/wp-content\/uploads\/2024\/12\/WhatsApp-Image-2024-12-14-at-13.13.28-1-768x576.jpeg 768w, https:\/\/mst.org.br\/wp-content\/uploads\/2024\/12\/WhatsApp-Image-2024-12-14-at-13.13.28-1-1536x1152.jpeg 1536w, https:\/\/mst.org.br\/wp-content\/uploads\/2024\/12\/WhatsApp-Image-2024-12-14-at-13.13.28-1.jpeg 1920w\" sizes=\"(max-width: 1024px) 100vw, 1024px\"><\/figure>\n<p><em>Foto: Vytoria PachIone<\/em><\/p>\n<p><em>De Vyt\u00f3ria Pachone e D\u00ea Silva<\/em><\/p>\n<p><em>Para P\u00e1gina do MST<\/em><\/p>\n<p>Entre os dias 13 a 15 de dezembro, acontece o 29\u00ba Encontro Estadual, rumo aos 30 anos do Movimento no MT. O evento ocorre com a participa\u00e7\u00e3o de 150 Sem Terra vindas\/os de todas as regi\u00f5es em que o MST tem atua\u00e7\u00e3o no\u00a0 estado.<\/p>\n<p>O Encontro iniciou nesta sexta (13), no Centro de Forma\u00e7\u00e3o e Pesquisa Olga Ben\u00e1rio Prestes \u2013 CECAPE, localizado no assentamento Dorcelina Folador no munic\u00edpio de V\u00e1rzea Grande \u2013 MT, e conta com atividades at\u00e9 este domingo (15).<\/p>\n<p>Com a m\u00edstica revolucion\u00e1ria e a rebeldia das lutadoras e lutadores do povo, o MST \u2013 MT, abre em seu 29 \u00ba Encontro Estadual, as celebra\u00e7\u00f5es de seus 30 anos de lutas e resist\u00eancia no estado de Mato Grosso. S\u00e3o tr\u00eas d\u00e9cadas de enfrentamento direto \u00e0 hegemonia do capital no campo e a concentra\u00e7\u00e3o da terra, renda e dos recursos naturais. \u00a0<\/p>\n<p>O Encontro tem sido espa\u00e7o de estudo, de an\u00e1lise de conjuntura e das crises clim\u00e1ticas. Em sua programa\u00e7\u00e3o constam: a assembleia das mulheres e da juventude, espa\u00e7o auto-organizado para os homens, planejamentos para os pr\u00f3ximos per\u00edodos e proje\u00e7\u00e3o das lutas em defesa da Reforma Agr\u00e1ria.<\/p>\n<p>Para Idalice Nunes da Dire\u00e7\u00e3o Nacional do MST, \u201cos Encontros Estaduais, fazem parte da estrutura organizativa do movimento a n\u00edvel nacional.\u00a0 O Encontro vem na perspectiva de juntar a milit\u00e2ncia, as lideran\u00e7as dos assentamentos e acampamentos. \u00c9 um momento tamb\u00e9m de confraterniza\u00e7\u00e3o, de encontros e reencontros de amigos e amigas de companheiros de luta e de jornada.\u201d<\/p>\n<p>Al\u00e9m disso, a reuni\u00e3o da milit\u00e2ncia dos\/as Sem Terra, engaja o fortalecimento da agroecologia como ferramenta de enfrentamento ao modelo de agricultura do capital, do agro, hidro e minero neg\u00f3cio. E haver\u00e1 tamb\u00e9m um momento\u00a0 onde se dar\u00e1 posse \u00e0 nova dire\u00e7\u00e3o estadual.<\/p>\n<p>Tamb\u00e9m consta na programa\u00e7\u00e3o, o Ato Pol\u00edtico de Lan\u00e7amento de projetos do Minist\u00e9rio da Agricultura e Pecu\u00e1ria \u2013 MAPA; al\u00e9m disso consta um momento de apoio da Companhia Nacional de Abastecimento \u2013 CONAB, que realiza doa\u00e7\u00e3o de semente de amendoim, milho, maniva, feij\u00e3o e adubo, que ser\u00e3o destinadas \u00e0s fam\u00edlias agricultoras das \u00e1reas da Reforma Agr\u00e1ria para o plantio.<\/p>\n<div>\n<figure><img loading=\"lazy\" decoding=\"async\" srcset=\"https:\/\/redept.org\/blogosfera\/wp-content\/uploads\/2024\/12\/WhatsApp-Image-2024-12-14-at-13.13.15-2-1024x768-1.jpeg ,https:\/\/mst.org.br\/wp-content\/uploads\/2024\/12\/WhatsApp-Image-2024-12-14-at-13.13.15-2.jpeg 780w, https:\/\/mst.org.br\/wp-content\/uploads\/2024\/12\/WhatsApp-Image-2024-12-14-at-13.13.15-2.jpeg 360w\" sizes=\"auto, (max-width: 480px) 150px\" src=\"https:\/\/redept.org\/blogosfera\/wp-content\/uploads\/2024\/12\/WhatsApp-Image-2024-12-14-at-13.13.15-2-1024x768-1.jpeg\" alt=\"\" width=\"4000\" height=\"3000\" title=\"WhatsApp Image 2024-12-14 at 13.13.15\" loading=\"lazy\" role=\"img\"><\/figure>\n<\/div>\n<p><em>Foto: Vytoria PachIone<\/em><\/p>\n<p>Mas o principal objetivo \u00e9 o balan\u00e7o organizativo do \u00faltimo per\u00edodo, e o planejamento das tarefas e a\u00e7\u00f5es do para o pr\u00f3ximo. \u201cNosso Encontro j\u00e1 est\u00e1 muito bonito, com muita m\u00edstica, partilha, muita coisa boa acontecendo, est\u00e1 uma mistura boa, gente com mais experi\u00eancia, a importante presen\u00e7a da juventude e uma ciranda muito bonita para acolher nossos Sem Terrinha, ou seja, o Encontro vem cumprindo seu papel\u201d declara Idalice.\u00a0\u00a0\u00a0\u00a0\u00a0\u00a0\u00a0\u00a0\u00a0<\/p>\n<p>No bojo das celebra\u00e7\u00f5es neste pr\u00f3ximo ano, dos 41 anos do MST em n\u00edvel nacional, e rumo aos 30 anos do MST \u2013 MT, o povo Sem Terra do Mato Grosso, reafirma seu compromisso com a luta pela terra, pela Reforma Agr\u00e1ria Popular e pela transforma\u00e7\u00e3o social baseada nos valores humanistas a partir de rela\u00e7\u00f5es emancipadoras entre as pessoas e o meio ambiente.<\/p>\n<\/p>\n<p><em>*Editado por Lays Furtado<\/em><\/p>\n<\/p>\n<p>O post <a href=\"https:\/\/mst.org.br\/2024\/12\/14\/mst-do-mato-grosso-realiza-29o-encontro-estadual-reunindo-a-militancia-do-estado\/\">MST do Mato Grosso realiza 29\u00ba Encontro Estadual reunindo a milit\u00e2ncia do estado<\/a> apareceu primeiro em <a href=\"https:\/\/mst.org.br\/\">MST<\/a>.<\/p>\n<!-- Begin Yuzo --><div class='yuzo_related_post style-1'  data-version='5.12.89'><!-- without result --><div class='yuzo_clearfixed yuzo__title yuzo__title'><h3>Related Post<\/h3><\/div>\n\t\t\t\t\t\t  <div class=\"relatedthumb \" style=\"width:125px;float:left;overflow:hidden;\">  \n\t\t\t\t\t\t\t  \n\t\t\t\t\t\t\t  <a  href=\"https:\/\/redept.com.br\/blogosfera\/lula-editara-decretos-para-fortalecer-a-governanca-das-empresas-estatais\/\"  >\n\t\t\t\t\t\t\t\t\t  <div class=\"yuzo-img-wrap \" style=\"width: 125px;height:90px;\">\n\t\t\t\t\t\t\t\t\t\t\n\t\t\t\t\t\t\t\t\t\t<div class=\"yuzo-img\" style=\"background:url('https:\/\/redept.com.br\/blogosfera\/wp-content\/uploads\/2024\/12\/estatais-reproducao-150x150.jpg') 50% 50% no-repeat;width: 125px;height:90px;margin-bottom: 5px;background-size: cover; \"><\/div>\n\t\t\t\t\t\t\t\t\t  <\/div>\n\t\t\t\t\t\t\t\t\t  \n\t\t\t\t\t\t\t\t   <span class=\"yuzo__text--title\" style=\"font-size:13px;\">Lula editar\u00e1 decretos para fortalecer a governan\u00e7a...<\/span>\n\t\t\t\t\t\t\t  \n\t\t\t\t\t\t\t  \n\t\t\t\t\t\t\t  <\/a>\n\n\t\t\t\t\t\t  <\/div>\n\t\t\t\t\t\t  <div class=\"relatedthumb \" style=\"width:125px;float:left;overflow:hidden;\">  \n\t\t\t\t\t\t\t  \n\t\t\t\t\t\t\t  <a  href=\"https:\/\/sul21.com.br\/noticias\/meio-ambiente\/2025\/08\/margarida-da-praia-especie-encontrada-apenas-no-rs-esta-criticamente-ameacada-de-extincao\/\"  >\n\t\t\t\t\t\t\t\t\t  <div class=\"yuzo-img-wrap \" style=\"width: 125px;height:90px;\">\n\t\t\t\t\t\t\t\t\t\t\n\t\t\t\t\t\t\t\t\t\t<div class=\"yuzo-img\" style=\"background:url('https:\/\/redept.org\/blogosfera\/wp-content\/plugins\/yuzo-related-post\/assets\/images\/default.png') 50% 50% no-repeat;width: 125px;height:90px;margin-bottom: 5px;background-size: cover; \"><\/div>\n\t\t\t\t\t\t\t\t\t  <\/div>\n\t\t\t\t\t\t\t\t\t  \n\t\t\t\t\t\t\t\t   <span class=\"yuzo__text--title\" style=\"font-size:13px;\">Margarida-da-praia, esp\u00e9cie encontrada apenas no R...<\/span>\n\t\t\t\t\t\t\t  \n\t\t\t\t\t\t\t  \n\t\t\t\t\t\t\t  <\/a>\n\n\t\t\t\t\t\t  <\/div>\n\t\t\t\t\t\t  <div class=\"relatedthumb \" style=\"width:125px;float:left;overflow:hidden;\">  \n\t\t\t\t\t\t\t  \n\t\t\t\t\t\t\t  <a  href=\"https:\/\/redept.com.br\/blogosfera\/oposicao-e-especialistas-reagem-a-desmonte-da-pesquisa-em-agroecologia-no-parana\/\"  >\n\t\t\t\t\t\t\t\t\t  <div class=\"yuzo-img-wrap \" style=\"width: 125px;height:90px;\">\n\t\t\t\t\t\t\t\t\t\t\n\t\t\t\t\t\t\t\t\t\t<div class=\"yuzo-img\" style=\"background:url('https:\/\/redept.com.br\/blogosfera\/wp-content\/uploads\/2025\/04\/parana_agrivultura_organica-150x150.webp') 50% 50% no-repeat;width: 125px;height:90px;margin-bottom: 5px;background-size: cover; \"><\/div>\n\t\t\t\t\t\t\t\t\t  <\/div>\n\t\t\t\t\t\t\t\t\t  \n\t\t\t\t\t\t\t\t   <span class=\"yuzo__text--title\" style=\"font-size:13px;\">Oposi\u00e7\u00e3o e especialistas reagem a desmonte da pesq...<\/span>\n\t\t\t\t\t\t\t  \n\t\t\t\t\t\t\t  \n\t\t\t\t\t\t\t  <\/a>\n\n\t\t\t\t\t\t  <\/div>\n\t\t\t\t\t\t  <div class=\"relatedthumb \" style=\"width:125px;float:left;overflow:hidden;\">  \n\t\t\t\t\t\t\t  \n\t\t\t\t\t\t\t  <a  href=\"https:\/\/redept.com.br\/blogosfera\/indigena-e-morto-e-outros-3-ficam-feridos-em-novo-ataque-a-aldeia-pyelito-kue-no-sul-do-ms\/\"  >\n\t\t\t\t\t\t\t\t\t  <div class=\"yuzo-img-wrap \" style=\"width: 125px;height:90px;\">\n\t\t\t\t\t\t\t\t\t\t\n\t\t\t\t\t\t\t\t\t\t<div class=\"yuzo-img\" style=\"background:url('https:\/\/redept.org\/blogosfera\/wp-content\/plugins\/yuzo-related-post\/assets\/images\/default.png') 50% 50% no-repeat;width: 125px;height:90px;margin-bottom: 5px;background-size: cover; \"><\/div>\n\t\t\t\t\t\t\t\t\t  <\/div>\n\t\t\t\t\t\t\t\t\t  \n\t\t\t\t\t\t\t\t   <span class=\"yuzo__text--title\" style=\"font-size:13px;\">Ind\u00edgena \u00e9 morto e outros 3 ficam feridos em novo ...<\/span>\n\t\t\t\t\t\t\t  \n\t\t\t\t\t\t\t  \n\t\t\t\t\t\t\t  <\/a>\n\n\t\t\t\t\t\t  <\/div>\n<\/div> <script>\n\t\t\t\t\t\t  jQuery(document).ready(function( $ ){\n\t\t\t\t\t\t\t\/\/jQuery('.yuzo_related_post').equalizer({ overflow : 'relatedthumb' });\n\t\t\t\t\t\t\tjQuery('.yuzo_related_post .yuzo_wraps').equalizer({ columns : '> div' });\n\t\t\t\t\t\t   })\n\t\t\t\t\t\t  <\/script> <!-- End Yuzo :) -->","protected":false},"excerpt":{"rendered":"<p>Foto: Vytoria PachIone De Vyt\u00f3ria Pachone e D\u00ea Silva Para P\u00e1gina do MST Entre os dias 13 a 15 de dezembro, acontece o 29\u00ba Encontro Estadual, rumo aos 30 anos do Movimento no MT. O evento ocorre com a participa\u00e7\u00e3o de 150 Sem Terra vindas\/os de todas as regi\u00f5es em que o MST tem atua\u00e7\u00e3o [&hellip;]<\/p>\n","protected":false},"author":2,"featured_media":8427,"comment_status":"open","ping_status":"closed","sticky":false,"template":"","format":"standard","meta":{"fifu_image_url":"","fifu_image_alt":"","footnotes":""},"categories":[305,191,195],"tags":[],"class_list":["post-8426","post","type-post","status-publish","format-standard","has-post-thumbnail","hentry","category-lutas-e-mobilizacoes","category-noticias","category-reforma-agraria"],"_links":{"self":[{"href":"https:\/\/redept.com.br\/blogosfera\/wp-json\/wp\/v2\/posts\/8426","targetHints":{"allow":["GET"]}}],"collection":[{"href":"https:\/\/redept.com.br\/blogosfera\/wp-json\/wp\/v2\/posts"}],"about":[{"href":"https:\/\/redept.com.br\/blogosfera\/wp-json\/wp\/v2\/types\/post"}],"author":[{"embeddable":true,"href":"https:\/\/redept.com.br\/blogosfera\/wp-json\/wp\/v2\/users\/2"}],"replies":[{"embeddable":true,"href":"https:\/\/redept.com.br\/blogosfera\/wp-json\/wp\/v2\/comments?post=8426"}],"version-history":[{"count":0,"href":"https:\/\/redept.com.br\/blogosfera\/wp-json\/wp\/v2\/posts\/8426\/revisions"}],"wp:featuredmedia":[{"embeddable":true,"href":"https:\/\/redept.com.br\/blogosfera\/wp-json\/wp\/v2\/media\/8427"}],"wp:attachment":[{"href":"https:\/\/redept.com.br\/blogosfera\/wp-json\/wp\/v2\/media?parent=8426"}],"wp:term":[{"taxonomy":"category","embeddable":true,"href":"https:\/\/redept.com.br\/blogosfera\/wp-json\/wp\/v2\/categories?post=8426"},{"taxonomy":"post_tag","embeddable":true,"href":"https:\/\/redept.com.br\/blogosfera\/wp-json\/wp\/v2\/tags?post=8426"}],"curies":[{"name":"wp","href":"https:\/\/api.w.org\/{rel}","templated":true}]}}