{"id":84268,"date":"2026-04-22T19:48:42","date_gmt":"2026-04-22T22:48:42","guid":{"rendered":"https:\/\/redept.com.br\/blogosfera\/novo-comboio-europeu-leva-alimentos-e-medicamentos-para-cuba-diante-do-bloqueio-dos-eua\/"},"modified":"2026-04-22T19:48:42","modified_gmt":"2026-04-22T22:48:42","slug":"novo-comboio-europeu-leva-alimentos-e-medicamentos-para-cuba-diante-do-bloqueio-dos-eua","status":"publish","type":"post","link":"https:\/\/redept.com.br\/blogosfera\/novo-comboio-europeu-leva-alimentos-e-medicamentos-para-cuba-diante-do-bloqueio-dos-eua\/","title":{"rendered":"Novo comboio europeu leva alimentos e medicamentos para Cuba diante do bloqueio dos EUA"},"content":{"rendered":"<p data-start=\"0\" data-end=\"198\">Representantes de diversas delega\u00e7\u00f5es italianas iniciaram nesta quarta-feira (22\/04), um novo comboio de solidariedade europeia rumo a Cuba, com o objetivo de transportar um carregamento de medicamentos e equipamentos m\u00e9dicos.<\/p>\n<p data-start=\"200\" data-end=\"531\">Os delegados ir\u00e3o viajar para a regi\u00e3o leste da ilha para entregar os suprimentos e, posteriormente ir\u00e3o seguir para a capital, onde\u00a0 participar\u00e3o das comemora\u00e7\u00f5es do Dia do Trabalhador. A data \u00e9 marcada por celebra\u00e7\u00f5es em que cubanos, acompanhados por brigadas internacionais como a que partiu da It\u00e1lia, reafirmam seu compromisso com a defesa da p\u00e1tria.<\/p>\n<p data-start=\"200\" data-end=\"531\">A medida tem como objetivo apoiar a popula\u00e7\u00e3o cubana diante da atual press\u00e3o dos Estados Unidos, buscando amenizar os efeitos do bloqueio imposto pelo governo norte-americano e das tarifas aplicadas sobre produtos de pa\u00edses que fornecem petr\u00f3leo, direta ou indiretamente, a Cuba.<\/p>\n<p data-start=\"200\" data-end=\"531\">Segundo os organizadores do comboio, a miss\u00e3o de solidariedade busca mitigar o impacto do bloqueio norte-americano. Eles afirmam que o governo dos Estados Unidos \u201cest\u00e1 sufocando Cuba, cortando o fornecimento de combust\u00edvel, voos e suprimentos essenciais para a sobreviv\u00eancia. \u00c9 uma emerg\u00eancia: hospitais sem eletricidade, ambul\u00e2ncias sem gasolina e doentes sem rem\u00e9dios. N\u00e3o h\u00e1 tempo a perder. Devemos agir em solidariedade com o povo cubano\u201d, enfatizaram nos apelos \u00e0 a\u00e7\u00e3o da iniciativa.<\/p>\n<p data-start=\"533\" data-end=\"714\">Al\u00e9m disso, os recursos tamb\u00e9m ser\u00e3o destinados a hospitais e comunidades nas prov\u00edncias orientais de Santiago de Cuba, Granma e Guant\u00e1namo, afetadas pelo furac\u00e3o Melissa no final de 2025.<\/p>\n<p data-start=\"1487\" data-end=\"1687\">A campanha \u201cDeixe Cuba Respirar\u201d, com o slogan \u201cCuba n\u00e3o est\u00e1 sozinha\u201d, permanecer\u00e1 na ilha por dez dias, iniciando suas atividades com uma recep\u00e7\u00e3o no Instituto Cubano de Amizade com os Povos (ICAP).<\/p>\n<blockquote>\n<p dir=\"ltr\" lang=\"es\">\u201cParti\u00f3 hacia #Cuba \ud83c\udde8\ud83c\uddfa desde Italia nuevo Convoy Europeo de Solidaridad\u201d<\/p>\n<p>Los participantes en esta nueva misi\u00f3n de apoyo a la naci\u00f3n caribe\u00f1a, entre los que se encuentran la cubana residente Ileana Jimenez, partieron la v\u00edspera desde Roma y Mil\u00e1n \ud83c\uddee\ud83c\uddf9#CubaNoEst\u00e1Sola \ud83c\udde8\ud83c\uddfa pic.twitter.com\/f6T2FVTTAn<\/p>\n<p>\u2014 ConsulCuba_Mil\u00e1n (@CGCuba_Milan) April 22, 2026<\/p>\n<\/blockquote>\n<h3>Gratid\u00e3o de Cuba<\/h3>\n<p>Na semana passada, o ministro das Rela\u00e7\u00f5es Exteriores de Cuba, Bruno Rodr\u00edguez Parrilla, expressou sua gratid\u00e3o a amigos, membros de organiza\u00e7\u00f5es pol\u00edticas e sociais e compatriotas residentes na Europa pelo apoio e pelas mobiliza\u00e7\u00f5es em massa realizadas em defesa da ilha.<\/p>\n<p>O chefe da diplomacia cubana enfatizou que essas demonstra\u00e7\u00f5es de solidariedade representam a prova de que a na\u00e7\u00e3o caribenha n\u00e3o est\u00e1 sozinha em sua luta contra o que ele descreveu como um bloqueio genocida e um embargo energ\u00e9tico promovido pelo governo dos Estados Unidos para sufocar o povo cubano.<\/p>\n<p><em>(*) Com Telesur<\/em><\/p>\n<p>O post Novo comboio europeu leva alimentos e medicamentos para Cuba diante do bloqueio dos EUA apareceu primeiro em Opera Mundi.<\/p>\n<!-- Begin Yuzo --><div class='yuzo_related_post style-1'  data-version='5.12.89'><!-- without result --><div class='yuzo_clearfixed yuzo__title yuzo__title'><h3>Related Post<\/h3><\/div>\n\t\t\t\t\t\t  <div class=\"relatedthumb \" style=\"width:125px;float:left;overflow:hidden;\">  \n\t\t\t\t\t\t\t  \n\t\t\t\t\t\t\t  <a  href=\"https:\/\/redept.com.br\/blogosfera\/saude-amplia-acesso-a-medicamento-para-pacientes-com-doenca-falciforme\/\"  >\n\t\t\t\t\t\t\t\t\t  <div class=\"yuzo-img-wrap \" style=\"width: 125px;height:90px;\">\n\t\t\t\t\t\t\t\t\t\t\n\t\t\t\t\t\t\t\t\t\t<div class=\"yuzo-img\" style=\"background:url('https:\/\/redept.org\/blogosfera\/wp-content\/plugins\/yuzo-related-post\/assets\/images\/default.png') 50% 50% no-repeat;width: 125px;height:90px;margin-bottom: 5px;background-size: cover; \"><\/div>\n\t\t\t\t\t\t\t\t\t  <\/div>\n\t\t\t\t\t\t\t\t\t  \n\t\t\t\t\t\t\t\t   <span class=\"yuzo__text--title\" style=\"font-size:13px;\">Sa\u00fade amplia acesso a medicamento para pacientes c...<\/span>\n\t\t\t\t\t\t\t  \n\t\t\t\t\t\t\t  \n\t\t\t\t\t\t\t  <\/a>\n\n\t\t\t\t\t\t  <\/div>\n\t\t\t\t\t\t  <div class=\"relatedthumb \" style=\"width:125px;float:left;overflow:hidden;\">  \n\t\t\t\t\t\t\t  \n\t\t\t\t\t\t\t  <a  href=\"https:\/\/redept.com.br\/blogosfera\/testamos-a-guria-assistente-de-inteligencia-artificial-lancada-pelo-governo-do-rs\/\"  >\n\t\t\t\t\t\t\t\t\t  <div class=\"yuzo-img-wrap \" style=\"width: 125px;height:90px;\">\n\t\t\t\t\t\t\t\t\t\t\n\t\t\t\t\t\t\t\t\t\t<div class=\"yuzo-img\" style=\"background:url('https:\/\/redept.com.br\/blogosfera\/wp-content\/uploads\/2025\/06\/guria-5-150x150.jpg') 50% 50% no-repeat;width: 125px;height:90px;margin-bottom: 5px;background-size: cover; \"><\/div>\n\t\t\t\t\t\t\t\t\t  <\/div>\n\t\t\t\t\t\t\t\t\t  \n\t\t\t\t\t\t\t\t   <span class=\"yuzo__text--title\" style=\"font-size:13px;\">Testamos a \u2018GurIA\u2019, assistente de intelig\u00eancia art...<\/span>\n\t\t\t\t\t\t\t  \n\t\t\t\t\t\t\t  \n\t\t\t\t\t\t\t  <\/a>\n\n\t\t\t\t\t\t  <\/div>\n\t\t\t\t\t\t  <div class=\"relatedthumb \" style=\"width:125px;float:left;overflow:hidden;\">  \n\t\t\t\t\t\t\t  \n\t\t\t\t\t\t\t  <a  href=\"https:\/\/redept.com.br\/blogosfera\/crise-politica-nas-duas-maiores-economias-da-uniao-europeia-alimenta-ameaca-da-extrema-direita\/\"  >\n\t\t\t\t\t\t\t\t\t  <div class=\"yuzo-img-wrap \" style=\"width: 125px;height:90px;\">\n\t\t\t\t\t\t\t\t\t\t\n\t\t\t\t\t\t\t\t\t\t<div class=\"yuzo-img\" style=\"background:url('https:\/\/redept.org\/blogosfera\/wp-content\/plugins\/yuzo-related-post\/assets\/images\/default.png') 50% 50% no-repeat;width: 125px;height:90px;margin-bottom: 5px;background-size: cover; \"><\/div>\n\t\t\t\t\t\t\t\t\t  <\/div>\n\t\t\t\t\t\t\t\t\t  \n\t\t\t\t\t\t\t\t   <span class=\"yuzo__text--title\" style=\"font-size:13px;\">Crise pol\u00edtica nas duas maiores economias da Uni\u00e3o...<\/span>\n\t\t\t\t\t\t\t  \n\t\t\t\t\t\t\t  \n\t\t\t\t\t\t\t  <\/a>\n\n\t\t\t\t\t\t  <\/div>\n\t\t\t\t\t\t  <div class=\"relatedthumb \" style=\"width:125px;float:left;overflow:hidden;\">  \n\t\t\t\t\t\t\t  \n\t\t\t\t\t\t\t  <a  href=\"https:\/\/redept.com.br\/blogosfera\/governo-lula-reage-a-novas-ameacas-dos-eua-e-diz-que-poderes-nao-se-intimidarao\/\"  >\n\t\t\t\t\t\t\t\t\t  <div class=\"yuzo-img-wrap \" style=\"width: 125px;height:90px;\">\n\t\t\t\t\t\t\t\t\t\t\n\t\t\t\t\t\t\t\t\t\t<div class=\"yuzo-img\" style=\"background:url('https:\/\/redept.org\/blogosfera\/wp-content\/plugins\/yuzo-related-post\/assets\/images\/default.png') 50% 50% no-repeat;width: 125px;height:90px;margin-bottom: 5px;background-size: cover; \"><\/div>\n\t\t\t\t\t\t\t\t\t  <\/div>\n\t\t\t\t\t\t\t\t\t  \n\t\t\t\t\t\t\t\t   <span class=\"yuzo__text--title\" style=\"font-size:13px;\">Governo Lula reage a novas amea\u00e7as dos EUA e diz q...<\/span>\n\t\t\t\t\t\t\t  \n\t\t\t\t\t\t\t  \n\t\t\t\t\t\t\t  <\/a>\n\n\t\t\t\t\t\t  <\/div>\n<\/div> <script>\n\t\t\t\t\t\t  jQuery(document).ready(function( $ ){\n\t\t\t\t\t\t\t\/\/jQuery('.yuzo_related_post').equalizer({ overflow : 'relatedthumb' });\n\t\t\t\t\t\t\tjQuery('.yuzo_related_post .yuzo_wraps').equalizer({ columns : '> div' });\n\t\t\t\t\t\t   })\n\t\t\t\t\t\t  <\/script> <!-- End Yuzo :) -->","protected":false},"excerpt":{"rendered":"<p>Representantes de diversas delega\u00e7\u00f5es italianas iniciaram nesta quarta-feira (22\/04), um novo comboio de solidariedade europeia rumo a Cuba, com o objetivo de transportar um carregamento de medicamentos e equipamentos m\u00e9dicos. Os delegados ir\u00e3o viajar para a regi\u00e3o leste da ilha para entregar os suprimentos e, posteriormente ir\u00e3o seguir para a capital, onde\u00a0 participar\u00e3o das comemora\u00e7\u00f5es [\u2026]<\/p>\n<p>O post <a href=\"https:\/\/operamundi.uol.com.br\/america-latina\/novo-comboio-europeu-leva-alimentos-e-medicamentos-para-cuba-diante-do-bloqueio-dos-eua\/\">Novo comboio europeu leva alimentos e medicamentos para Cuba diante do bloqueio dos EUA<\/a> apareceu primeiro em <a href=\"https:\/\/operamundi.uol.com.br\/\">Opera Mundi<\/a>.<\/p>\n","protected":false},"author":2,"featured_media":0,"comment_status":"closed","ping_status":"closed","sticky":false,"template":"","format":"standard","meta":{"fifu_image_url":"","fifu_image_alt":"","footnotes":""},"categories":[347,34974,27437,1185,9,2827,1453],"tags":[],"class_list":["post-84268","post","type-post","status-publish","format-standard","hentry","category-america-latina","category-bloqueio-energetico","category-bruno-rodriguez-parrilla","category-cuba","category-eua","category-petroleo","category-trump"],"_links":{"self":[{"href":"https:\/\/redept.com.br\/blogosfera\/wp-json\/wp\/v2\/posts\/84268","targetHints":{"allow":["GET"]}}],"collection":[{"href":"https:\/\/redept.com.br\/blogosfera\/wp-json\/wp\/v2\/posts"}],"about":[{"href":"https:\/\/redept.com.br\/blogosfera\/wp-json\/wp\/v2\/types\/post"}],"author":[{"embeddable":true,"href":"https:\/\/redept.com.br\/blogosfera\/wp-json\/wp\/v2\/users\/2"}],"replies":[{"embeddable":true,"href":"https:\/\/redept.com.br\/blogosfera\/wp-json\/wp\/v2\/comments?post=84268"}],"version-history":[{"count":0,"href":"https:\/\/redept.com.br\/blogosfera\/wp-json\/wp\/v2\/posts\/84268\/revisions"}],"wp:attachment":[{"href":"https:\/\/redept.com.br\/blogosfera\/wp-json\/wp\/v2\/media?parent=84268"}],"wp:term":[{"taxonomy":"category","embeddable":true,"href":"https:\/\/redept.com.br\/blogosfera\/wp-json\/wp\/v2\/categories?post=84268"},{"taxonomy":"post_tag","embeddable":true,"href":"https:\/\/redept.com.br\/blogosfera\/wp-json\/wp\/v2\/tags?post=84268"}],"curies":[{"name":"wp","href":"https:\/\/api.w.org\/{rel}","templated":true}]}}