{"id":8429,"date":"2024-12-14T19:13:10","date_gmt":"2024-12-14T22:13:10","guid":{"rendered":"https:\/\/redept.org\/blogosfera\/general-braga-netto-preso-deve-ser-so-o-comeco\/"},"modified":"2024-12-14T19:13:10","modified_gmt":"2024-12-14T22:13:10","slug":"general-braga-netto-preso-deve-ser-so-o-comeco","status":"publish","type":"post","link":"https:\/\/redept.com.br\/blogosfera\/general-braga-netto-preso-deve-ser-so-o-comeco\/","title":{"rendered":"General Braga Netto preso deve ser s\u00f3 o come\u00e7o"},"content":{"rendered":"<p><strong>General Braga Netto, ex-ministro e candidato a vice do fascista Jair Bolsonaro, foi preso neste s\u00e1bado (14).<\/strong><\/p>\n<p><strong>Reda\u00e7\u00e3o<\/strong><\/p>\n<hr>\n<p><span><strong>BRASIL \u2013<\/strong> A Pol\u00edcia Federal prendeu, neste s\u00e1bado (14), no Rio de Janeiro, o general da reserva Walter de Souza Braga Netto. Ex-ministro da Defesa e ex-chefe da Casa Civil no governo de Jair Bolsonaro, Braga Netto foi detido em Copacabana sob suspeita de envolvimento na tentativa de golpe contra o Estado democr\u00e1tico de Direito e por atrapalhar as investiga\u00e7\u00f5es.\u00a0<\/span><\/p>\n<p><span>De acordo com a nota divulgada pela PF, o general e um de seus assessores s\u00e3o acusados de obstruir a produ\u00e7\u00e3o de provas durante a investiga\u00e7\u00e3o. \u201cAs medidas judiciais t\u00eam como objetivo evitar a reitera\u00e7\u00e3o das a\u00e7\u00f5es il\u00edcitas\u201d, afirma o comunicado.<\/span><\/p>\n<p><span>Essa \u00e9 a primeira vez que um general de quatro estrelas \u00e9 preso. Al\u00e9m dele, mais tr\u00eas generais de quatro estrelas na mira da Pol\u00edcia Federal: Paulo S\u00e9rgio Nogueira, Augusto Heleno e Estevam Theophilo Gaspar de Oliveira.<\/span><\/p>\n<p><span>O caso faz parte de um inqu\u00e9rito amplo que investiga a articula\u00e7\u00e3o de membros do governo anterior e setores militares para interromper o processo democr\u00e1tico no pa\u00eds. Braga Netto foi candidato a vice-presidente na chapa derrotada de Jair Bolsonaro nas elei\u00e7\u00f5es de 2022 e \u00e9 apontado como um dos principais articuladores da trama golpista.<\/span><\/p>\n<p><span>Braga Netto tamb\u00e9m comandou uma interven\u00e7\u00e3o federal no Rio de Janeiro em 2018. No final de 2023, foi deflagrada opera\u00e7\u00e3o que investigava suspeita de fraude em verba destinada \u00e0 interven\u00e7\u00e3o, onde se gastou R$1,2 bilh\u00e3o. A interven\u00e7\u00e3o ocorreu entre fevereiro e dezembro de 2018, per\u00edodo em que a seguran\u00e7a p\u00fablica do Rio de Janeiro foi assumida pelas For\u00e7as Armadas, por meio de um decreto do ent\u00e3o presidente Michel Temer.<\/span><\/p>\n<p><span>As acusa\u00e7\u00f5es incluem crimes como aboli\u00e7\u00e3o violenta do Estado democr\u00e1tico de Direito, tentativa de golpe de Estado e organiza\u00e7\u00e3o criminosa. Al\u00e9m disso, investiga\u00e7\u00f5es sugerem que os planos golpistas envolviam atentados contra o presidente Luiz In\u00e1cio Lula da Silva, o vice-presidente Geraldo Alckmin e o ministro Alexandre de Moraes, do Supremo Tribunal Federal.<\/span><\/p>\n<h4><strong>O que falta para Bolsonaro e os generais irem para a cadeia?<\/strong><\/h4>\n<p><span>\u00c9 preciso que todos os envolvidos, e especialmente o ex-capit\u00e3o fascista Jair Bolsonaro, seja preso imediatamente. A luta por justi\u00e7a n\u00e3o termina com o indiciamento de alguns poucos. Os generais que se organizaram a tentativa de golpe no 08 de janeiro de 2023 seguem no comando, mesmo durante o atual governo.\u00a0<\/span><\/p>\n<p><span>Mobilizar e continuar ocupando as ruas nacionalmente, organizar o movimento popular com as manifesta\u00e7\u00f5es, atos, greves. <\/span><span>A Unidade Popular (UP) sempre esteve \u00e0 frente dessas lutas, principalmente desde a tentativa de golpe do 08 de janeiro, pela pris\u00e3o do Bolsonaro e dos generais fascistas.<\/span><\/p>\n<!-- Begin Yuzo --><div class='yuzo_related_post style-1'  data-version='5.12.89'><!-- without result --><div class='yuzo_clearfixed yuzo__title yuzo__title'><h3>Related Post<\/h3><\/div>\n\t\t\t\t\t\t  <div class=\"relatedthumb \" style=\"width:125px;float:left;overflow:hidden;\">  \n\t\t\t\t\t\t\t  \n\t\t\t\t\t\t\t  <a  href=\"https:\/\/sul21.com.br\/opiniao\/2025\/08\/o-judiciario-sob-a-logica-neoliberal-por-rafaella-fagundes-de-menezes\/\"  >\n\t\t\t\t\t\t\t\t\t  <div class=\"yuzo-img-wrap \" style=\"width: 125px;height:90px;\">\n\t\t\t\t\t\t\t\t\t\t\n\t\t\t\t\t\t\t\t\t\t<div class=\"yuzo-img\" style=\"background:url('https:\/\/redept.org\/blogosfera\/wp-content\/plugins\/yuzo-related-post\/assets\/images\/default.png') 50% 50% no-repeat;width: 125px;height:90px;margin-bottom: 5px;background-size: cover; \"><\/div>\n\t\t\t\t\t\t\t\t\t  <\/div>\n\t\t\t\t\t\t\t\t\t  \n\t\t\t\t\t\t\t\t   <span class=\"yuzo__text--title\" style=\"font-size:13px;\">O Judici\u00e1rio sob a l\u00f3gica neoliberal (por Rafaella...<\/span>\n\t\t\t\t\t\t\t  \n\t\t\t\t\t\t\t  \n\t\t\t\t\t\t\t  <\/a>\n\n\t\t\t\t\t\t  <\/div>\n\t\t\t\t\t\t  <div class=\"relatedthumb \" style=\"width:125px;float:left;overflow:hidden;\">  \n\t\t\t\t\t\t\t  \n\t\t\t\t\t\t\t  <a  href=\"https:\/\/redept.com.br\/blogosfera\/clausula-63-pagamento-de-atividades-adaptadas-dos-professores-esta-em-risco\/\"  >\n\t\t\t\t\t\t\t\t\t  <div class=\"yuzo-img-wrap \" style=\"width: 125px;height:90px;\">\n\t\t\t\t\t\t\t\t\t\t\n\t\t\t\t\t\t\t\t\t\t<div class=\"yuzo-img\" style=\"background:url('https:\/\/redept.org\/blogosfera\/wp-content\/plugins\/yuzo-related-post\/assets\/images\/default.png') 50% 50% no-repeat;width: 125px;height:90px;margin-bottom: 5px;background-size: cover; \"><\/div>\n\t\t\t\t\t\t\t\t\t  <\/div>\n\t\t\t\t\t\t\t\t\t  \n\t\t\t\t\t\t\t\t   <span class=\"yuzo__text--title\" style=\"font-size:13px;\">Cl\u00e1usula 63: pagamento de atividades adaptadas dos...<\/span>\n\t\t\t\t\t\t\t  \n\t\t\t\t\t\t\t  \n\t\t\t\t\t\t\t  <\/a>\n\n\t\t\t\t\t\t  <\/div>\n\t\t\t\t\t\t  <div class=\"relatedthumb \" style=\"width:125px;float:left;overflow:hidden;\">  \n\t\t\t\t\t\t\t  \n\t\t\t\t\t\t\t  <a  href=\"https:\/\/redept.com.br\/blogosfera\/governador-do-df-veta-politicas-contra-racismo-ambiental-e-mudancas-climaticas\/\"  >\n\t\t\t\t\t\t\t\t\t  <div class=\"yuzo-img-wrap \" style=\"width: 125px;height:90px;\">\n\t\t\t\t\t\t\t\t\t\t\n\t\t\t\t\t\t\t\t\t\t<div class=\"yuzo-img\" style=\"background:url('https:\/\/redept.com.br\/blogosfera\/wp-content\/uploads\/2025\/08\/image_processing20240919-340869-v3o9cn-150x150.webp') 50% 50% no-repeat;width: 125px;height:90px;margin-bottom: 5px;background-size: cover; \"><\/div>\n\t\t\t\t\t\t\t\t\t  <\/div>\n\t\t\t\t\t\t\t\t\t  \n\t\t\t\t\t\t\t\t   <span class=\"yuzo__text--title\" style=\"font-size:13px;\">Governador do DF veta pol\u00edticas contra racismo amb...<\/span>\n\t\t\t\t\t\t\t  \n\t\t\t\t\t\t\t  \n\t\t\t\t\t\t\t  <\/a>\n\n\t\t\t\t\t\t  <\/div>\n\t\t\t\t\t\t  <div class=\"relatedthumb \" style=\"width:125px;float:left;overflow:hidden;\">  \n\t\t\t\t\t\t\t  \n\t\t\t\t\t\t\t  <a  href=\"https:\/\/redept.com.br\/blogosfera\/coletivo-feminino-plural-completa-30-anos-de-historia-em-defesa-da-vida-das-mulheres\/\"  >\n\t\t\t\t\t\t\t\t\t  <div class=\"yuzo-img-wrap \" style=\"width: 125px;height:90px;\">\n\t\t\t\t\t\t\t\t\t\t\n\t\t\t\t\t\t\t\t\t\t<div class=\"yuzo-img\" style=\"background:url('https:\/\/redept.org\/blogosfera\/wp-content\/plugins\/yuzo-related-post\/assets\/images\/default.png') 50% 50% no-repeat;width: 125px;height:90px;margin-bottom: 5px;background-size: cover; \"><\/div>\n\t\t\t\t\t\t\t\t\t  <\/div>\n\t\t\t\t\t\t\t\t\t  \n\t\t\t\t\t\t\t\t   <span class=\"yuzo__text--title\" style=\"font-size:13px;\">Coletivo Feminino Plural completa 30 anos de hist\u00f3...<\/span>\n\t\t\t\t\t\t\t  \n\t\t\t\t\t\t\t  \n\t\t\t\t\t\t\t  <\/a>\n\n\t\t\t\t\t\t  <\/div>\n<\/div> <script>\n\t\t\t\t\t\t  jQuery(document).ready(function( $ ){\n\t\t\t\t\t\t\t\/\/jQuery('.yuzo_related_post').equalizer({ overflow : 'relatedthumb' });\n\t\t\t\t\t\t\tjQuery('.yuzo_related_post .yuzo_wraps').equalizer({ columns : '> div' });\n\t\t\t\t\t\t   })\n\t\t\t\t\t\t  <\/script> <!-- End Yuzo :) -->","protected":false},"excerpt":{"rendered":"<p>General Braga Netto, ex-ministro e candidato a vice do fascista Jair Bolsonaro, foi preso neste s\u00e1bado (14). Reda\u00e7\u00e3o BRASIL \u2013 A Pol\u00edcia Federal prendeu, neste s\u00e1bado (14), no Rio de Janeiro, o general da reserva Walter de Souza Braga Netto. Ex-ministro da Defesa e ex-chefe da Casa Civil no governo de Jair Bolsonaro, Braga Netto [&hellip;]<\/p>\n","protected":false},"author":2,"featured_media":0,"comment_status":"open","ping_status":"closed","sticky":false,"template":"","format":"standard","meta":{"fifu_image_url":"","fifu_image_alt":"","footnotes":""},"categories":[1390,2339,45,51],"tags":[],"class_list":["post-8429","post","type-post","status-publish","format-standard","hentry","category-bolsonaro","category-braga-netto","category-brasil","category-ultimas-noticias"],"_links":{"self":[{"href":"https:\/\/redept.com.br\/blogosfera\/wp-json\/wp\/v2\/posts\/8429","targetHints":{"allow":["GET"]}}],"collection":[{"href":"https:\/\/redept.com.br\/blogosfera\/wp-json\/wp\/v2\/posts"}],"about":[{"href":"https:\/\/redept.com.br\/blogosfera\/wp-json\/wp\/v2\/types\/post"}],"author":[{"embeddable":true,"href":"https:\/\/redept.com.br\/blogosfera\/wp-json\/wp\/v2\/users\/2"}],"replies":[{"embeddable":true,"href":"https:\/\/redept.com.br\/blogosfera\/wp-json\/wp\/v2\/comments?post=8429"}],"version-history":[{"count":0,"href":"https:\/\/redept.com.br\/blogosfera\/wp-json\/wp\/v2\/posts\/8429\/revisions"}],"wp:attachment":[{"href":"https:\/\/redept.com.br\/blogosfera\/wp-json\/wp\/v2\/media?parent=8429"}],"wp:term":[{"taxonomy":"category","embeddable":true,"href":"https:\/\/redept.com.br\/blogosfera\/wp-json\/wp\/v2\/categories?post=8429"},{"taxonomy":"post_tag","embeddable":true,"href":"https:\/\/redept.com.br\/blogosfera\/wp-json\/wp\/v2\/tags?post=8429"}],"curies":[{"name":"wp","href":"https:\/\/api.w.org\/{rel}","templated":true}]}}