{"id":8430,"date":"2024-12-14T19:28:21","date_gmt":"2024-12-14T22:28:21","guid":{"rendered":"https:\/\/redept.org\/blogosfera\/37o-encontro-do-mst-na-bahia-destaca-a-luta-pela-reforma-agraria-popular\/"},"modified":"2024-12-14T19:28:21","modified_gmt":"2024-12-14T22:28:21","slug":"37o-encontro-do-mst-na-bahia-destaca-a-luta-pela-reforma-agraria-popular","status":"publish","type":"post","link":"https:\/\/redept.com.br\/blogosfera\/37o-encontro-do-mst-na-bahia-destaca-a-luta-pela-reforma-agraria-popular\/","title":{"rendered":"37\u00ba Encontro do MST na Bahia destaca a luta pela Reforma Agr\u00e1ria Popular"},"content":{"rendered":"<figure><img fetchpriority=\"high\" fetchpriority=\"high\" decoding=\"async\" width=\"1000\" height=\"1000\" src=\"https:\/\/redept.org\/blogosfera\/wp-content\/uploads\/2024\/12\/arte-card-1.jpg\" alt=\"\" srcset=\"https:\/\/redept.org\/blogosfera\/wp-content\/uploads\/2024\/12\/arte-card-1.jpg 1000w, https:\/\/mst.org.br\/wp-content\/uploads\/2024\/12\/arte-card-1-300x300.jpg 300w, https:\/\/mst.org.br\/wp-content\/uploads\/2024\/12\/arte-card-1-150x150.jpg 150w, https:\/\/mst.org.br\/wp-content\/uploads\/2024\/12\/arte-card-1-768x768.jpg 768w\" sizes=\"(max-width: 1000px) 100vw, 1000px\"><\/figure>\n<p><em>Imagem: Divulga\u00e7\u00e3o<\/em><\/p>\n<p><em>Por Coletivo de Comunica\u00e7\u00e3o MST-BA<\/em><\/p>\n<p><em>Da P\u00e1gina do MST<\/em><\/p>\n<p>Entre os dias 15 e 18 de dezembro de 2024, o Movimento dos Trabalhadores Rurais Sem Terra -MST na Bahia realiza o 37\u00ba Encontro Estadual no Parque de Exposi\u00e7\u00f5es, em Salvador\/BA. O evento reunir\u00e1 militantes, organiza\u00e7\u00f5es sociais e lideran\u00e7as pol\u00edticas para debater os desafios e as perspectivas da Reforma Agr\u00e1ria Popular no Brasil e, especialmente, na Bahia.<\/p>\n<p>Com uma programa\u00e7\u00e3o diversificada, o encontro aborda temas centrais como a produ\u00e7\u00e3o agroecol\u00f3gica, a crise clim\u00e1tica, os desafios das rela\u00e7\u00f5es humanas e a sa\u00fade mental, al\u00e9m de realizar balan\u00e7os pol\u00edticos e fortalecer a organiza\u00e7\u00e3o do movimento. Atrav\u00e9s de mesas de di\u00e1logo, assembleias, exibi\u00e7\u00e3o de filmes e momentos de m\u00edstica, o encontro reafirma a import\u00e2ncia da luta pela terra e pela justi\u00e7a social.<\/p>\n<p>A Reforma Agr\u00e1ria Popular defendida pelo MST busca promover a democratiza\u00e7\u00e3o do acesso \u00e0 terra, a produ\u00e7\u00e3o de alimentos saud\u00e1veis e o desenvolvimento sustent\u00e1vel no campo, em oposi\u00e7\u00e3o ao modelo de concentra\u00e7\u00e3o fundi\u00e1ria e ao agroneg\u00f3cio predat\u00f3rio. Este encontro estadual simboliza n\u00e3o apenas um momento de reflex\u00e3o, mas tamb\u00e9m de fortalecimento da unidade entre os trabalhadores do campo e da cidade.<\/p>\n<p>Dessa forma, durante o 37\u00ba Encontro Estadual do MST, o povo Sem Terra na Bahia reafirma o compromisso com a luta por terra, dignidade e soberania alimentar, fundamentais para o avan\u00e7o da Reforma Agr\u00e1ria Popular.<\/p>\n<figure><img decoding=\"async\" width=\"1024\" height=\"724\" src=\"https:\/\/redept.org\/blogosfera\/wp-content\/uploads\/2024\/12\/PROGRAMACAO-FINAL-1024x724-1.jpeg\" alt=\"\" srcset=\"https:\/\/redept.org\/blogosfera\/wp-content\/uploads\/2024\/12\/PROGRAMACAO-FINAL-1024x724-1.jpeg 1024w, https:\/\/mst.org.br\/wp-content\/uploads\/2024\/12\/PROGRAMACAO-FINAL-300x212.jpeg 300w, https:\/\/mst.org.br\/wp-content\/uploads\/2024\/12\/PROGRAMACAO-FINAL-768x543.jpeg 768w, https:\/\/mst.org.br\/wp-content\/uploads\/2024\/12\/PROGRAMACAO-FINAL-1536x1086.jpeg 1536w, https:\/\/mst.org.br\/wp-content\/uploads\/2024\/12\/PROGRAMACAO-FINAL.jpeg 1600w\" sizes=\"(max-width: 1024px) 100vw, 1024px\"><\/figure>\n<p><em>Imagem: Divulga\u00e7\u00e3o<\/em><\/p>\n<h2>Confira a programa\u00e7\u00e3o completa:<\/h2>\n<p><strong>15\/12 \u2013 Domingo<\/strong><\/p>\n<p>9h30 \u2013 M\u00edstica<br \/>10h \u2013 Ato de abertura com organiza\u00e7\u00f5es sociais e lideran\u00e7as pol\u00edticas<br \/>11h \u2013 An\u00e1lise de Conjuntura \u2013 Com Jo\u00e3o Paulo (Dire\u00e7\u00e3o Nacional do MST)<br \/>14h \u2013 Mesa: Reflex\u00f5es sobre a crise clim\u00e1tica \u2013 Com Prof.\u00aa Celi Taffarel (UFBA), Rubens Siqueira (CPT) e Meiriely Oliveira (MST\/BA)<br \/>17h \u2013 Assembleia da Juventude<br \/>20h \u2013 Cinema da Terra<\/p>\n<p><strong>16\/12 \u2013 Segunda-feira<\/strong><\/p>\n<p>8h \u2013 M\u00edstica<br \/>8h30 \u2013 Mesa: Programa Agr\u00e1rio do MST \u2013 Com Z\u00e9 Ricardo (Setor Nacional de Forma\u00e7\u00e3o do MST)<br \/>14h \u2013 Mesa: Organiza\u00e7\u00e3o da produ\u00e7\u00e3o: Desafios e Potencialidades<br \/>17h \u2013 Formatura da Turma Oziel Alves<\/p>\n<p><strong>17\/12 \u2013 Ter\u00e7a-feira<\/strong><\/p>\n<p>8h \u2013 M\u00edstica<br \/>8h30 \u2013 Mesa: Rela\u00e7\u00f5es Humanas e Territ\u00f3rios Livres de Viol\u00eancias (G\u00eanero e Quest\u00e3o Racial)<br \/>10h30 \u2013 Mesa: Sa\u00fade e Preven\u00e7\u00e3o de Adoecimento Mental<br \/>11h30 \u2013 Mesa: Balan\u00e7o das Elei\u00e7\u00f5es 2024<br \/>15h \u2013 Nossa hist\u00f3ria faz a diferen\u00e7a<\/p>\n<p><strong>18\/12 \u2013 Quarta-feira<\/strong><\/p>\n<p>8h \u2013 M\u00edstica<br \/>9h \u2013 Organizativo e calend\u00e1rio de lutas em 2025<br \/>14h \u2013 Recomposi\u00e7\u00e3o da Dire\u00e7\u00e3o Estadual e elei\u00e7\u00e3o da Dire\u00e7\u00e3o Nacional<br \/>Encerramento<\/p>\n<p><em>*Editado por Lays Furtado<\/em><\/p>\n<\/p>\n<p>O post <a href=\"https:\/\/mst.org.br\/2024\/12\/14\/37o-encontro-do-mst-na-bahia-destaca-a-luta-pela-reforma-agraria-popular\/\">37\u00ba Encontro do MST na Bahia destaca a luta pela Reforma Agr\u00e1ria Popular<\/a> apareceu primeiro em <a href=\"https:\/\/mst.org.br\/\">MST<\/a>.<\/p>\n<!-- Begin Yuzo --><div class='yuzo_related_post style-1'  data-version='5.12.89'><!-- without result --><div class='yuzo_clearfixed yuzo__title yuzo__title'><h3>Related Post<\/h3><\/div>\n\t\t\t\t\t\t  <div class=\"relatedthumb \" style=\"width:125px;float:left;overflow:hidden;\">  \n\t\t\t\t\t\t\t  \n\t\t\t\t\t\t\t  <a  href=\"https:\/\/redept.com.br\/blogosfera\/meta-anuncia-fim-de-ferramentas-de-checagem-de-fatos-e-se-alia-a-ideais-de-extrema-direita\/\"  >\n\t\t\t\t\t\t\t\t\t  <div class=\"yuzo-img-wrap \" style=\"width: 125px;height:90px;\">\n\t\t\t\t\t\t\t\t\t\t\n\t\t\t\t\t\t\t\t\t\t<div class=\"yuzo-img\" style=\"background:url('https:\/\/redept.org\/blogosfera\/wp-content\/plugins\/yuzo-related-post\/assets\/images\/default.png') 50% 50% no-repeat;width: 125px;height:90px;margin-bottom: 5px;background-size: cover; \"><\/div>\n\t\t\t\t\t\t\t\t\t  <\/div>\n\t\t\t\t\t\t\t\t\t  \n\t\t\t\t\t\t\t\t   <span class=\"yuzo__text--title\" style=\"font-size:13px;\">Meta anuncia fim de ferramentas de checagem de fat...<\/span>\n\t\t\t\t\t\t\t  \n\t\t\t\t\t\t\t  \n\t\t\t\t\t\t\t  <\/a>\n\n\t\t\t\t\t\t  <\/div>\n\t\t\t\t\t\t  <div class=\"relatedthumb \" style=\"width:125px;float:left;overflow:hidden;\">  \n\t\t\t\t\t\t\t  \n\t\t\t\t\t\t\t  <a  href=\"https:\/\/redept.com.br\/blogosfera\/sbt-tratara-internamente-com-ratinho-para-que-valores-sejam-respeitados-apos-fala-sobre-erika-hilton-video\/\"  >\n\t\t\t\t\t\t\t\t\t  <div class=\"yuzo-img-wrap \" style=\"width: 125px;height:90px;\">\n\t\t\t\t\t\t\t\t\t\t\n\t\t\t\t\t\t\t\t\t\t<div class=\"yuzo-img\" style=\"background:url('https:\/\/redept.org\/blogosfera\/wp-content\/plugins\/yuzo-related-post\/assets\/images\/default.png') 50% 50% no-repeat;width: 125px;height:90px;margin-bottom: 5px;background-size: cover; \"><\/div>\n\t\t\t\t\t\t\t\t\t  <\/div>\n\t\t\t\t\t\t\t\t\t  \n\t\t\t\t\t\t\t\t   <span class=\"yuzo__text--title\" style=\"font-size:13px;\">SBT tratar\u00e1 internamente com Ratinho para que \u201cval...<\/span>\n\t\t\t\t\t\t\t  \n\t\t\t\t\t\t\t  \n\t\t\t\t\t\t\t  <\/a>\n\n\t\t\t\t\t\t  <\/div>\n\t\t\t\t\t\t  <div class=\"relatedthumb \" style=\"width:125px;float:left;overflow:hidden;\">  \n\t\t\t\t\t\t\t  \n\t\t\t\t\t\t\t  <a  href=\"https:\/\/redept.com.br\/blogosfera\/nas-cidades-campeas-em-royalties-de-petroleo-gasta-se-muito-mas-pobreza-persiste\/\"  >\n\t\t\t\t\t\t\t\t\t  <div class=\"yuzo-img-wrap \" style=\"width: 125px;height:90px;\">\n\t\t\t\t\t\t\t\t\t\t\n\t\t\t\t\t\t\t\t\t\t<div class=\"yuzo-img\" style=\"background:url('https:\/\/redept.org\/blogosfera\/wp-content\/plugins\/yuzo-related-post\/assets\/images\/default.png') 50% 50% no-repeat;width: 125px;height:90px;margin-bottom: 5px;background-size: cover; \"><\/div>\n\t\t\t\t\t\t\t\t\t  <\/div>\n\t\t\t\t\t\t\t\t\t  \n\t\t\t\t\t\t\t\t   <span class=\"yuzo__text--title\" style=\"font-size:13px;\">Nas cidades campe\u00e3s em royalties de petr\u00f3leo, gast...<\/span>\n\t\t\t\t\t\t\t  \n\t\t\t\t\t\t\t  \n\t\t\t\t\t\t\t  <\/a>\n\n\t\t\t\t\t\t  <\/div>\n\t\t\t\t\t\t  <div class=\"relatedthumb \" style=\"width:125px;float:left;overflow:hidden;\">  \n\t\t\t\t\t\t\t  \n\t\t\t\t\t\t\t  <a  href=\"https:\/\/redept.com.br\/blogosfera\/podera-a-tecnologia-tornar-a-america-latina-mais-periferica\/\"  >\n\t\t\t\t\t\t\t\t\t  <div class=\"yuzo-img-wrap \" style=\"width: 125px;height:90px;\">\n\t\t\t\t\t\t\t\t\t\t\n\t\t\t\t\t\t\t\t\t\t<div class=\"yuzo-img\" style=\"background:url('https:\/\/redept.com.br\/blogosfera\/wp-content\/uploads\/2025\/02\/Screenshot-2025-02-26-at-18-06-57-Bolivia-Litio.webp-imagem-WEBP-1280-C397-721-pixels-Redimensionada-86-1024x577-1-150x150.png') 50% 50% no-repeat;width: 125px;height:90px;margin-bottom: 5px;background-size: cover; \"><\/div>\n\t\t\t\t\t\t\t\t\t  <\/div>\n\t\t\t\t\t\t\t\t\t  \n\t\t\t\t\t\t\t\t   <span class=\"yuzo__text--title\" style=\"font-size:13px;\">Poder\u00e1 a tecnologia tornar a Am\u00e9rica Latina mais p...<\/span>\n\t\t\t\t\t\t\t  \n\t\t\t\t\t\t\t  \n\t\t\t\t\t\t\t  <\/a>\n\n\t\t\t\t\t\t  <\/div>\n<\/div> <script>\n\t\t\t\t\t\t  jQuery(document).ready(function( $ ){\n\t\t\t\t\t\t\t\/\/jQuery('.yuzo_related_post').equalizer({ overflow : 'relatedthumb' });\n\t\t\t\t\t\t\tjQuery('.yuzo_related_post .yuzo_wraps').equalizer({ columns : '> div' });\n\t\t\t\t\t\t   })\n\t\t\t\t\t\t  <\/script> <!-- End Yuzo :) -->","protected":false},"excerpt":{"rendered":"<p>Imagem: Divulga\u00e7\u00e3o Por Coletivo de Comunica\u00e7\u00e3o MST-BA Da P\u00e1gina do MST Entre os dias 15 e 18 de dezembro de 2024, o Movimento dos Trabalhadores Rurais Sem Terra -MST na Bahia realiza o 37\u00ba Encontro Estadual no Parque de Exposi\u00e7\u00f5es, em Salvador\/BA. O evento reunir\u00e1 militantes, organiza\u00e7\u00f5es sociais e lideran\u00e7as pol\u00edticas para debater os desafios [&hellip;]<\/p>\n","protected":false},"author":2,"featured_media":8431,"comment_status":"open","ping_status":"closed","sticky":false,"template":"","format":"standard","meta":{"fifu_image_url":"","fifu_image_alt":"","footnotes":""},"categories":[307,305,191,195],"tags":[],"class_list":["post-8430","post","type-post","status-publish","format-standard","has-post-thumbnail","hentry","category-direitos-humanos","category-lutas-e-mobilizacoes","category-noticias","category-reforma-agraria"],"_links":{"self":[{"href":"https:\/\/redept.com.br\/blogosfera\/wp-json\/wp\/v2\/posts\/8430","targetHints":{"allow":["GET"]}}],"collection":[{"href":"https:\/\/redept.com.br\/blogosfera\/wp-json\/wp\/v2\/posts"}],"about":[{"href":"https:\/\/redept.com.br\/blogosfera\/wp-json\/wp\/v2\/types\/post"}],"author":[{"embeddable":true,"href":"https:\/\/redept.com.br\/blogosfera\/wp-json\/wp\/v2\/users\/2"}],"replies":[{"embeddable":true,"href":"https:\/\/redept.com.br\/blogosfera\/wp-json\/wp\/v2\/comments?post=8430"}],"version-history":[{"count":0,"href":"https:\/\/redept.com.br\/blogosfera\/wp-json\/wp\/v2\/posts\/8430\/revisions"}],"wp:featuredmedia":[{"embeddable":true,"href":"https:\/\/redept.com.br\/blogosfera\/wp-json\/wp\/v2\/media\/8431"}],"wp:attachment":[{"href":"https:\/\/redept.com.br\/blogosfera\/wp-json\/wp\/v2\/media?parent=8430"}],"wp:term":[{"taxonomy":"category","embeddable":true,"href":"https:\/\/redept.com.br\/blogosfera\/wp-json\/wp\/v2\/categories?post=8430"},{"taxonomy":"post_tag","embeddable":true,"href":"https:\/\/redept.com.br\/blogosfera\/wp-json\/wp\/v2\/tags?post=8430"}],"curies":[{"name":"wp","href":"https:\/\/api.w.org\/{rel}","templated":true}]}}