{"id":8433,"date":"2024-12-14T17:46:09","date_gmt":"2024-12-14T20:46:09","guid":{"rendered":"https:\/\/redept.org\/blogosfera\/justica-eleitoral-de-sp-forma-maioria-para-cassar-carla-zambelli-por-divulgacao-de-fake-news\/"},"modified":"2024-12-14T17:46:09","modified_gmt":"2024-12-14T20:46:09","slug":"justica-eleitoral-de-sp-forma-maioria-para-cassar-carla-zambelli-por-divulgacao-de-fake-news","status":"publish","type":"post","link":"https:\/\/redept.com.br\/blogosfera\/justica-eleitoral-de-sp-forma-maioria-para-cassar-carla-zambelli-por-divulgacao-de-fake-news\/","title":{"rendered":"Justi\u00e7a eleitoral de SP forma maioria para cassar Carla Zambelli por divulga\u00e7\u00e3o de fake news"},"content":{"rendered":"<p>Em sess\u00e3o realizada nesta sexta-feira (13), o Tribunal Regional Eleitoral de S\u00e3o Paulo (TRE-SP) formou maioria\u00a0para cassar o\u00a0mandato da deputada federal\u00a0<a href=\"https:\/\/www.brasildefato.com.br\/2024\/05\/21\/carla-zambelli-e-hacker-viram-reus-no-stf-por-invasao-ao-sistema-do-judiciario\">Carla Zambelli<\/a>\u00a0(PL)\u00a0e tornar a parlamentar ineleg\u00edvel por oito anos por considerar que ela praticou abuso de poder pol\u00edtico e divulgou informa\u00e7\u00f5es inver\u00eddicas sobre o processo eleitoral de 2022.\u00a0O julgamento, no entanto, foi suspenso ap\u00f3s a ju\u00edza Maria Cl\u00e1udia Bedotii pedir vistas e\u00a0deve ser retomado apenas depois do recesso do Judici\u00e1rio, em 2025.<\/p>\n<p>A a\u00e7\u00e3o foi proposta pela deputada federal S\u00e2mia Bomfim (Psol).\u00a0Relator do caso, o desembargador Jos\u00e9 Antonio Encinas Manfr\u00e9 fez a leitura do voto favor\u00e1vel \u00e0 cassa\u00e7\u00e3o durante o julgamento. O presidente do TRE-SP, desembargador Silmar Fernandes, e os ju\u00edzes Cotrim Guimar\u00e3es e Claudio Langroiva acompanharam o relator.<\/p>\n<p>\u201cN\u00e3o \u00e9 demasiado se reconhecer que as condutas da representada alcan\u00e7aram repercuss\u00e3o e gravidade aptas a influenciar na vontade livre e consciente do eleitor e em preju\u00edzo da isonomia da disputa eleitoral. Portanto, realidades justificadoras da cassa\u00e7\u00e3o do diploma de deputada federal e da declara\u00e7\u00e3o de inelegibilidade, san\u00e7\u00f5es a ela impostas por pr\u00e1tica de abuso de poder pol\u00edtico e uso indevido dos meios de comunica\u00e7\u00e3o\u201d, disse o relator em seu voto.<\/p>\n<p>Al\u00e9m do voto de Bedotii, faltam votar os ju\u00edzes R\u00e9gis de Castilho e Rog\u00e9rio Cury. Ap\u00f3s o fim julgamento, caber\u00e1 recursos.<\/p>\n<p>Em nota, Zambelli se manifestou sobre a decis\u00e3o. A bolsonarista afirmou que \u201cnada mudou\u201d e que \u201cpor enquanto, a maioria est\u00e1 formada, no sentido da minha cassa\u00e7\u00e3o. Mas isso ainda pode ser revertido, com o pedido de vista que foi feito\u201d.<\/p>\n<p>\u201c\u00c9 interessante a coincid\u00eancia desse julgamento ocorrer em uma plena sexta-feira 13, data \u00e9 conhecida pela persegui\u00e7\u00e3o aos crist\u00e3os templ\u00e1rios ordenada pelo rei franc\u00eas Filipe IV. \u00c9 imperioso que se diga que, caso o meu mandato seja cassado, quem assumir\u00e1 a minha cadeira na Casa do Povo, \u00e9 um membro do Psol\u201d, finalizou Zambelli.<\/p>\n<!-- Begin Yuzo --><div class='yuzo_related_post style-1'  data-version='5.12.89'><!-- without result --><div class='yuzo_clearfixed yuzo__title yuzo__title'><h3>Related Post<\/h3><\/div>\n\t\t\t\t\t\t  <div class=\"relatedthumb \" style=\"width:125px;float:left;overflow:hidden;\">  \n\t\t\t\t\t\t\t  \n\t\t\t\t\t\t\t  <a  href=\"https:\/\/redept.com.br\/blogosfera\/era-de-ouro-de-trump-e-incompativel-com-ouro-liquido-que-ele-quer-a-exaustao\/\"  >\n\t\t\t\t\t\t\t\t\t  <div class=\"yuzo-img-wrap \" style=\"width: 125px;height:90px;\">\n\t\t\t\t\t\t\t\t\t\t\n\t\t\t\t\t\t\t\t\t\t<div class=\"yuzo-img\" style=\"background:url('https:\/\/redept.org\/blogosfera\/wp-content\/plugins\/yuzo-related-post\/assets\/images\/default.png') 50% 50% no-repeat;width: 125px;height:90px;margin-bottom: 5px;background-size: cover; \"><\/div>\n\t\t\t\t\t\t\t\t\t  <\/div>\n\t\t\t\t\t\t\t\t\t  \n\t\t\t\t\t\t\t\t   <span class=\"yuzo__text--title\" style=\"font-size:13px;\">Era de ouro de Trump \u00e9 incompat\u00edvel com ouro l\u00edqui...<\/span>\n\t\t\t\t\t\t\t  \n\t\t\t\t\t\t\t  \n\t\t\t\t\t\t\t  <\/a>\n\n\t\t\t\t\t\t  <\/div>\n\t\t\t\t\t\t  <div class=\"relatedthumb \" style=\"width:125px;float:left;overflow:hidden;\">  \n\t\t\t\t\t\t\t  \n\t\t\t\t\t\t\t  <a  href=\"https:\/\/redept.com.br\/blogosfera\/prefeita-do-novo-e-denunciada-por-servir-alimentos-estragados-a-criancas-em-cambui-mg\/\"  >\n\t\t\t\t\t\t\t\t\t  <div class=\"yuzo-img-wrap \" style=\"width: 125px;height:90px;\">\n\t\t\t\t\t\t\t\t\t\t\n\t\t\t\t\t\t\t\t\t\t<div class=\"yuzo-img\" style=\"background:url('https:\/\/redept.org\/blogosfera\/wp-content\/plugins\/yuzo-related-post\/assets\/images\/default.png') 50% 50% no-repeat;width: 125px;height:90px;margin-bottom: 5px;background-size: cover; \"><\/div>\n\t\t\t\t\t\t\t\t\t  <\/div>\n\t\t\t\t\t\t\t\t\t  \n\t\t\t\t\t\t\t\t   <span class=\"yuzo__text--title\" style=\"font-size:13px;\">Prefeita do Novo \u00e9 denunciada por servir alimentos...<\/span>\n\t\t\t\t\t\t\t  \n\t\t\t\t\t\t\t  \n\t\t\t\t\t\t\t  <\/a>\n\n\t\t\t\t\t\t  <\/div>\n\t\t\t\t\t\t  <div class=\"relatedthumb \" style=\"width:125px;float:left;overflow:hidden;\">  \n\t\t\t\t\t\t\t  \n\t\t\t\t\t\t\t  <a  href=\"https:\/\/redept.com.br\/blogosfera\/sem-solucao-diplomatica-para-conflito-entre-ira-e-israel-professor-ve-risco-de-guerra-mundial\/\"  >\n\t\t\t\t\t\t\t\t\t  <div class=\"yuzo-img-wrap \" style=\"width: 125px;height:90px;\">\n\t\t\t\t\t\t\t\t\t\t\n\t\t\t\t\t\t\t\t\t\t<div class=\"yuzo-img\" style=\"background:url('https:\/\/redept.org\/blogosfera\/wp-content\/plugins\/yuzo-related-post\/assets\/images\/default.png') 50% 50% no-repeat;width: 125px;height:90px;margin-bottom: 5px;background-size: cover; \"><\/div>\n\t\t\t\t\t\t\t\t\t  <\/div>\n\t\t\t\t\t\t\t\t\t  \n\t\t\t\t\t\t\t\t   <span class=\"yuzo__text--title\" style=\"font-size:13px;\">Sem solu\u00e7\u00e3o diplom\u00e1tica para conflito entre Ir\u00e3 e ...<\/span>\n\t\t\t\t\t\t\t  \n\t\t\t\t\t\t\t  \n\t\t\t\t\t\t\t  <\/a>\n\n\t\t\t\t\t\t  <\/div>\n\t\t\t\t\t\t  <div class=\"relatedthumb \" style=\"width:125px;float:left;overflow:hidden;\">  \n\t\t\t\t\t\t\t  \n\t\t\t\t\t\t\t  <a  href=\"https:\/\/redept.com.br\/blogosfera\/a-fala-da-terra-de-pedro-tierra\/\"  >\n\t\t\t\t\t\t\t\t\t  <div class=\"yuzo-img-wrap \" style=\"width: 125px;height:90px;\">\n\t\t\t\t\t\t\t\t\t\t\n\t\t\t\t\t\t\t\t\t\t<div class=\"yuzo-img\" style=\"background:url('https:\/\/redept.org\/blogosfera\/wp-content\/plugins\/yuzo-related-post\/assets\/images\/default.png') 50% 50% no-repeat;width: 125px;height:90px;margin-bottom: 5px;background-size: cover; \"><\/div>\n\t\t\t\t\t\t\t\t\t  <\/div>\n\t\t\t\t\t\t\t\t\t  \n\t\t\t\t\t\t\t\t   <span class=\"yuzo__text--title\" style=\"font-size:13px;\">A fala da terra, de Pedro Tierra<\/span>\n\t\t\t\t\t\t\t  \n\t\t\t\t\t\t\t  \n\t\t\t\t\t\t\t  <\/a>\n\n\t\t\t\t\t\t  <\/div>\n<\/div> <script>\n\t\t\t\t\t\t  jQuery(document).ready(function( $ ){\n\t\t\t\t\t\t\t\/\/jQuery('.yuzo_related_post').equalizer({ overflow : 'relatedthumb' });\n\t\t\t\t\t\t\tjQuery('.yuzo_related_post .yuzo_wraps').equalizer({ columns : '> div' });\n\t\t\t\t\t\t   })\n\t\t\t\t\t\t  <\/script> <!-- End Yuzo :) -->","protected":false},"excerpt":{"rendered":"<p>Em sess\u00e3o realizada nesta sexta-feira (13), o Tribunal Regional Eleitoral de S\u00e3o Paulo (TRE-SP) formou maioria\u00a0para cassar o\u00a0mandato da deputada federal\u00a0Carla Zambelli\u00a0(PL)\u00a0e tornar a parlamentar ineleg\u00edvel por oito anos por considerar que ela praticou abuso de poder pol\u00edtico e divulgou informa\u00e7\u00f5es inver\u00eddicas sobre o processo eleitoral de 2022.\u00a0O julgamento, no entanto, foi suspenso ap\u00f3s a [&hellip;]<\/p>\n","protected":false},"author":2,"featured_media":0,"comment_status":"closed","ping_status":"closed","sticky":false,"template":"","format":"standard","meta":{"fifu_image_url":"","fifu_image_alt":"","footnotes":""},"categories":[1],"tags":[],"class_list":["post-8433","post","type-post","status-publish","format-standard","hentry","category-uncategorized"],"_links":{"self":[{"href":"https:\/\/redept.com.br\/blogosfera\/wp-json\/wp\/v2\/posts\/8433","targetHints":{"allow":["GET"]}}],"collection":[{"href":"https:\/\/redept.com.br\/blogosfera\/wp-json\/wp\/v2\/posts"}],"about":[{"href":"https:\/\/redept.com.br\/blogosfera\/wp-json\/wp\/v2\/types\/post"}],"author":[{"embeddable":true,"href":"https:\/\/redept.com.br\/blogosfera\/wp-json\/wp\/v2\/users\/2"}],"replies":[{"embeddable":true,"href":"https:\/\/redept.com.br\/blogosfera\/wp-json\/wp\/v2\/comments?post=8433"}],"version-history":[{"count":0,"href":"https:\/\/redept.com.br\/blogosfera\/wp-json\/wp\/v2\/posts\/8433\/revisions"}],"wp:attachment":[{"href":"https:\/\/redept.com.br\/blogosfera\/wp-json\/wp\/v2\/media?parent=8433"}],"wp:term":[{"taxonomy":"category","embeddable":true,"href":"https:\/\/redept.com.br\/blogosfera\/wp-json\/wp\/v2\/categories?post=8433"},{"taxonomy":"post_tag","embeddable":true,"href":"https:\/\/redept.com.br\/blogosfera\/wp-json\/wp\/v2\/tags?post=8433"}],"curies":[{"name":"wp","href":"https:\/\/api.w.org\/{rel}","templated":true}]}}